{"id":1925,"date":"2023-09-22T19:29:32","date_gmt":"2023-09-22T18:29:32","guid":{"rendered":"https:\/\/eventlive-tvproduktion.de\/?p=1925"},"modified":"2023-09-22T19:29:33","modified_gmt":"2023-09-22T18:29:33","slug":"ozapft-is-live-aus-wischlingen","status":"publish","type":"post","link":"https:\/\/eventlive-tvproduktion.de\/?p=1925","title":{"rendered":"O`zapft is &#8211; Live aus Wischlingen"},"content":{"rendered":"\n<p>O&#8217;zapft is &#8211; Jetzt auch in Dortmund Wischlingen. Wenige Tage nach dem &#8222;Original&#8220; in M\u00fcnchen, ist jetzt auch das Oktoberfest im Revierpark Wischlingen er\u00f6ffnet. Wer nicht vor Ort dabei sein kann, kann sich in diesem Jahr von Zuhause zuschalten.<\/p>\n\n\n\n<figure class=\"wp-block-image size-large\"><img decoding=\"async\" src=\"https:\/\/eventlive-tvproduktion.de\/wp-content\/uploads\/IMG-20230922-WA0012-768x513.jpg\" alt=\"\" class=\"wp-image-1928\"\/><\/figure>\n\n\n\n<p>Die Er\u00f6ffnung der Gaudi aus dem Festzelt, in der auch in diesem Jahr wieder Nicole Kruse und Uwe Kisker als Moderatoren-Duo durch die Er\u00f6ffnung f\u00fchren, wird bei den Dortmunder RuhrNachrichten live \u00fcbertragen (<a href=\"https:\/\/www.ruhrnachrichten.de\/dortmund\/dortmunder-oktoberfest-start-mit-fassanstich-im-revierpark-wischlingen-w786172-2000946063\/\">Link<\/a>).<\/p>\n\n\n\n<p>Das Team von Event Live k\u00fcmmert sich wie in den Vorjahren aktuell wieder um die Live-\u00dcbertragung im Festzelt und diesmal auch um den Live-Stream f\u00fcr die RN.<\/p>\n\n\n\n<figure class=\"wp-block-image size-large\"><img decoding=\"async\" src=\"https:\/\/eventlive-tvproduktion.de\/wp-content\/uploads\/IMG-20230922-WA0014-768x513.jpg\" alt=\"\" class=\"wp-image-1930\"\/><\/figure>\n\n\n\n<p>Nach mehreren Tagen intensiver technischer Vorbereitung ist das erfahrene Team an allen Tagen mit unserem \u00dc-Wagen vor Ort, um K\u00fcnstler und Stimmung bei der Traditions-Gaudi standesgem\u00e4\u00df im Bild festzuhalten.<\/p>\n\n\n\n<figure class=\"wp-block-image size-large\"><img decoding=\"async\" src=\"https:\/\/eventlive-tvproduktion.de\/wp-content\/uploads\/IMG-20230922-WA0011-768x513.jpg\" alt=\"\" class=\"wp-image-1927\"\/><\/figure>\n","protected":false},"excerpt":{"rendered":"<p>O&#8217;zapft is &#8211; Jetzt auch in Dortmund Wischlingen. Wenige Tage nach dem &#8222;Original&#8220; in M\u00fcnchen, ist jetzt auch das Oktoberfest im Revierpark Wischlingen er\u00f6ffnet. Wer nicht vor Ort dabei sein kann, kann sich in diesem Jahr von Zuhause zuschalten. Die Er\u00f6ffnung der Gaudi aus dem Festzelt, in der auch in diesem Jahr wieder Nicole Kruse [&hellip;]<\/p>\n","protected":false},"author":7,"featured_media":0,"comment_status":"closed","ping_status":"open","sticky":false,"template":"","format":"standard","meta":{"footnotes":""},"categories":[31,2],"tags":[101,93,169,52,170,67,130,69,37,70],"class_list":["post-1925","post","type-post","status-publish","format-standard","hentry","category-aktuelles","category-startseite","tag-dortmunder-oktoberfest","tag-eventlive","tag-gaudi","tag-live","tag-ozapft-is","tag-oktoberfest","tag-party","tag-revierpark","tag-tv-produktion","tag-wischlingen"],"_links":{"self":[{"href":"https:\/\/eventlive-tvproduktion.de\/index.php?rest_route=\/wp\/v2\/posts\/1925","targetHints":{"allow":["GET"]}}],"collection":[{"href":"https:\/\/eventlive-tvproduktion.de\/index.php?rest_route=\/wp\/v2\/posts"}],"about":[{"href":"https:\/\/eventlive-tvproduktion.de\/index.php?rest_route=\/wp\/v2\/types\/post"}],"author":[{"embeddable":true,"href":"https:\/\/eventlive-tvproduktion.de\/index.php?rest_route=\/wp\/v2\/users\/7"}],"replies":[{"embeddable":true,"href":"https:\/\/eventlive-tvproduktion.de\/index.php?rest_route=%2Fwp%2Fv2%2Fcomments&post=1925"}],"version-history":[{"count":0,"href":"https:\/\/eventlive-tvproduktion.de\/index.php?rest_route=\/wp\/v2\/posts\/1925\/revisions"}],"wp:attachment":[{"href":"https:\/\/eventlive-tvproduktion.de\/index.php?rest_route=%2Fwp%2Fv2%2Fmedia&parent=1925"}],"wp:term":[{"taxonomy":"category","embeddable":true,"href":"https:\/\/eventlive-tvproduktion.de\/index.php?rest_route=%2Fwp%2Fv2%2Fcategories&post=1925"},{"taxonomy":"post_tag","embeddable":true,"href":"https:\/\/eventlive-tvproduktion.de\/index.php?rest_route=%2Fwp%2Fv2%2Ftags&post=1925"}],"curies":[{"name":"wp","href":"https:\/\/api.w.org\/{rel}","templated":true}]}}