{"id":1987,"date":"2023-10-01T12:18:58","date_gmt":"2023-10-01T11:18:58","guid":{"rendered":"https:\/\/eventlive-tvproduktion.de\/?p=1987"},"modified":"2023-10-01T12:25:13","modified_gmt":"2023-10-01T11:25:13","slug":"lorenz-bueffel-auf-dem-oktoberfest","status":"publish","type":"post","link":"https:\/\/eventlive-tvproduktion.de\/?p=1987","title":{"rendered":"Lorenz B\u00fcffel auf dem Oktoberfest"},"content":{"rendered":"\n<p>Erfolgreiche \u00dcbertragung des vierten Oktoberfest-Tages im Revierpark Wischling durch Event Live TV Produktion Dortmund<\/p>\n\n\n\n<p>Dortmund, den 1. Oktober 2023 \u2013 Das Team von Event Live TV Produktion feierte erneut einen Riesenerfolg beim diesj\u00e4hrigen Dortmunder Oktoberfest im Revierpark Wischlingen. Am vierten Tag des Festivals, am 29. September 2023, \u00fcbertrug das Team knapp 6 Stunden lang das aufregende B\u00fchnenprogramm im Festzelt auf den Wischlinger Wiesen, und die Zuschauer erlebten atemberaubende Highlights.<\/p>\n\n\n<div class=\"wp-block-image\">\n<figure class=\"alignleft size-large is-resized\"><a href=\"https:\/\/eventlive-tvproduktion.de\/wp-content\/uploads\/0930_Oktoberfest_Tag4_Schuetze_277.jpg\" data-rel=\"lightbox-image-0\" data-rl_title=\"\" data-rl_caption=\"\" title=\"\"><img loading=\"lazy\" decoding=\"async\" src=\"https:\/\/eventlive-tvproduktion.de\/wp-content\/uploads\/0930_Oktoberfest_Tag4_Schuetze_277-768x553.jpg\" alt=\"\" class=\"wp-image-1998\" width=\"372\" height=\"268\" srcset=\"https:\/\/eventlive-tvproduktion.de\/wp-content\/uploads\/0930_Oktoberfest_Tag4_Schuetze_277-768x553.jpg 768w, https:\/\/eventlive-tvproduktion.de\/wp-content\/uploads\/0930_Oktoberfest_Tag4_Schuetze_277-300x216.jpg 300w, https:\/\/eventlive-tvproduktion.de\/wp-content\/uploads\/0930_Oktoberfest_Tag4_Schuetze_277-150x108.jpg 150w, https:\/\/eventlive-tvproduktion.de\/wp-content\/uploads\/0930_Oktoberfest_Tag4_Schuetze_277.jpg 800w\" sizes=\"auto, (max-width: 372px) 100vw, 372px\" \/><\/a><figcaption class=\"wp-element-caption\">Lorenz Bueffel auf dem Oktoberfest im Revierpark Wischlingen Tag 4 &#8211; Copyright Stephan Schuetze<\/figcaption><\/figure>\n<\/div>\n\n\n<p>Ein besonderes Highlight des Abends war der Auftritt von Lorenz B\u00fcffel, einem der bekanntesten und beliebtesten Partyk\u00fcnstler Deutschlands. Lorenz B\u00fcffel ist f\u00fcr seine mitrei\u00dfende Musik und sein unvergleichliches Entertainment bekannt, und sein erster Auftritt auf dem Dortmunder Oktoberfest begeisterte das Publikum.<\/p>\n\n\n\n<p>Aber das war noch nicht alles! Die Moderatorin des Abends, Nicole Kruse, und Uwe Kisker sorgten wie immer f\u00fcr beste Unterhaltung. Mit Spielen wie &#8222;Bierkr\u00fcge Stemmen&#8220; und dem Laternenlied begeisterten sie das Publikum in den Pausen im Festzelt und trugen zur ausgelassenen Stimmung bei.<\/p>\n\n\n\n<p>Der vierte Tag des Dortmunder Oktoberfests war nicht nur f\u00fcr das Event Live TV-Produktion Team, sondern auch f\u00fcr den Veranstalter ein gro\u00dfer Erfolg. \u00dcber 3500 Zuschauer erlebten einen fantastischen Abend und trugen zu einer gro\u00dfartigen Atmosph\u00e4re bei.<\/p>\n\n\n<div class=\"wp-block-image\">\n<figure class=\"alignleft size-large is-resized\"><a href=\"https:\/\/eventlive-tvproduktion.de\/wp-content\/uploads\/0930_Oktoberfest_Tag4_Schuetze_167.jpg\" data-rel=\"lightbox-image-1\" data-rl_title=\"\" data-rl_caption=\"\" title=\"\"><img loading=\"lazy\" decoding=\"async\" src=\"https:\/\/eventlive-tvproduktion.de\/wp-content\/uploads\/0930_Oktoberfest_Tag4_Schuetze_167-768x513.jpg\" alt=\"\" class=\"wp-image-1991\" width=\"397\" height=\"265\" srcset=\"https:\/\/eventlive-tvproduktion.de\/wp-content\/uploads\/0930_Oktoberfest_Tag4_Schuetze_167-768x513.jpg 768w, https:\/\/eventlive-tvproduktion.de\/wp-content\/uploads\/0930_Oktoberfest_Tag4_Schuetze_167-300x200.jpg 300w, https:\/\/eventlive-tvproduktion.de\/wp-content\/uploads\/0930_Oktoberfest_Tag4_Schuetze_167-150x100.jpg 150w, https:\/\/eventlive-tvproduktion.de\/wp-content\/uploads\/0930_Oktoberfest_Tag4_Schuetze_167.jpg 800w\" sizes=\"auto, (max-width: 397px) 100vw, 397px\" \/><\/a><figcaption class=\"wp-element-caption\">Nicle Kruse und Uwe Kisker auf dem Oktoberfest im Revierpark Wischlingen Tag 4 &#8211; Copyright Stephan Schuetze<\/figcaption><\/figure>\n<\/div>\n\n\n<p><\/p>\n\n\n\n<p><\/p>\n\n\n\n<p>Die Festlichkeiten gehen weiter am Montag mit dem Final Gaudi und einem Auftritt von Mickie Krause. Dies wird der letzte Tag des Oktoberfests 2023 sein, und die Besucher d\u00fcrfen sich auf ein spektakul\u00e4res Finale freuen.<\/p>\n\n\n\n<p>Event Live TV-Produktion Dortmund blickt stolz auf den erfolgreichen vierten Tag des Dortmunder Oktoberfests zur\u00fcck und freut sich auf weitere spannende Veranstaltungen in der Zukunft.<\/p>\n\n\n\n<p>Bilder:Copyright Stephan Schuetze<\/p>\n\n\n\n<figure class=\"wp-block-gallery has-nested-images columns-default is-cropped wp-block-gallery-1 is-layout-flex wp-block-gallery-is-layout-flex\">\n<figure class=\"wp-block-image size-large\"><a href=\"https:\/\/eventlive-tvproduktion.de\/wp-content\/uploads\/0930_Oktoberfest_Tag4_Schuetze_256.jpg\" data-rel=\"lightbox-image-2\" data-rl_title=\"\" data-rl_caption=\"\" title=\"\"><img loading=\"lazy\" decoding=\"async\" width=\"768\" height=\"513\" data-id=\"1993\" src=\"https:\/\/eventlive-tvproduktion.de\/wp-content\/uploads\/0930_Oktoberfest_Tag4_Schuetze_256-768x513.jpg\" alt=\"\" class=\"wp-image-1993\" srcset=\"https:\/\/eventlive-tvproduktion.de\/wp-content\/uploads\/0930_Oktoberfest_Tag4_Schuetze_256-768x513.jpg 768w, https:\/\/eventlive-tvproduktion.de\/wp-content\/uploads\/0930_Oktoberfest_Tag4_Schuetze_256-300x200.jpg 300w, https:\/\/eventlive-tvproduktion.de\/wp-content\/uploads\/0930_Oktoberfest_Tag4_Schuetze_256-150x100.jpg 150w, https:\/\/eventlive-tvproduktion.de\/wp-content\/uploads\/0930_Oktoberfest_Tag4_Schuetze_256.jpg 800w\" sizes=\"auto, (max-width: 768px) 100vw, 768px\" \/><\/a><figcaption class=\"wp-element-caption\">&#8211; <\/figcaption><\/figure>\n\n\n\n<figure class=\"wp-block-image size-large\"><a href=\"https:\/\/eventlive-tvproduktion.de\/wp-content\/uploads\/0930_Oktoberfest_Tag4_Schuetze_055.jpg\" data-rel=\"lightbox-image-3\" data-rl_title=\"\" data-rl_caption=\"\" title=\"\"><img loading=\"lazy\" decoding=\"async\" width=\"768\" height=\"513\" data-id=\"1989\" src=\"https:\/\/eventlive-tvproduktion.de\/wp-content\/uploads\/0930_Oktoberfest_Tag4_Schuetze_055-768x513.jpg\" alt=\"\" class=\"wp-image-1989\" srcset=\"https:\/\/eventlive-tvproduktion.de\/wp-content\/uploads\/0930_Oktoberfest_Tag4_Schuetze_055-768x513.jpg 768w, https:\/\/eventlive-tvproduktion.de\/wp-content\/uploads\/0930_Oktoberfest_Tag4_Schuetze_055-300x200.jpg 300w, https:\/\/eventlive-tvproduktion.de\/wp-content\/uploads\/0930_Oktoberfest_Tag4_Schuetze_055-150x100.jpg 150w, https:\/\/eventlive-tvproduktion.de\/wp-content\/uploads\/0930_Oktoberfest_Tag4_Schuetze_055.jpg 800w\" sizes=\"auto, (max-width: 768px) 100vw, 768px\" \/><\/a><\/figure>\n\n\n\n<figure class=\"wp-block-image size-large\"><a href=\"https:\/\/eventlive-tvproduktion.de\/wp-content\/uploads\/0930_Oktoberfest_Tag3_Schuetze_425.jpg\" data-rel=\"lightbox-image-4\" data-rl_title=\"\" data-rl_caption=\"\" title=\"\"><img loading=\"lazy\" decoding=\"async\" width=\"768\" height=\"513\" data-id=\"1985\" src=\"https:\/\/eventlive-tvproduktion.de\/wp-content\/uploads\/0930_Oktoberfest_Tag3_Schuetze_425-768x513.jpg\" alt=\"\" class=\"wp-image-1985\" srcset=\"https:\/\/eventlive-tvproduktion.de\/wp-content\/uploads\/0930_Oktoberfest_Tag3_Schuetze_425-768x513.jpg 768w, https:\/\/eventlive-tvproduktion.de\/wp-content\/uploads\/0930_Oktoberfest_Tag3_Schuetze_425-300x200.jpg 300w, https:\/\/eventlive-tvproduktion.de\/wp-content\/uploads\/0930_Oktoberfest_Tag3_Schuetze_425-150x100.jpg 150w, https:\/\/eventlive-tvproduktion.de\/wp-content\/uploads\/0930_Oktoberfest_Tag3_Schuetze_425.jpg 800w\" sizes=\"auto, (max-width: 768px) 100vw, 768px\" \/><\/a><\/figure>\n<\/figure>\n","protected":false},"excerpt":{"rendered":"<p>Erfolgreiche \u00dcbertragung des vierten Oktoberfest-Tages im Revierpark Wischling durch Event Live TV Produktion Dortmund Dortmund, den 1. Oktober 2023 \u2013 Das Team von Event Live TV Produktion feierte erneut einen Riesenerfolg beim diesj\u00e4hrigen Dortmunder Oktoberfest im Revierpark Wischlingen. Am vierten Tag des Festivals, am 29. September 2023, \u00fcbertrug das Team knapp 6 Stunden lang das [&hellip;]<\/p>\n","protected":false},"author":7,"featured_media":1997,"comment_status":"closed","ping_status":"open","sticky":false,"template":"","format":"standard","meta":{"footnotes":""},"categories":[31,2],"tags":[173,171,67,69,37,70],"class_list":["post-1987","post","type-post","status-publish","format-standard","has-post-thumbnail","hentry","category-aktuelles","category-startseite","tag-bilde","tag-lorenz-bueffel","tag-oktoberfest","tag-revierpark","tag-tv-produktion","tag-wischlingen"],"_links":{"self":[{"href":"https:\/\/eventlive-tvproduktion.de\/index.php?rest_route=\/wp\/v2\/posts\/1987","targetHints":{"allow":["GET"]}}],"collection":[{"href":"https:\/\/eventlive-tvproduktion.de\/index.php?rest_route=\/wp\/v2\/posts"}],"about":[{"href":"https:\/\/eventlive-tvproduktion.de\/index.php?rest_route=\/wp\/v2\/types\/post"}],"author":[{"embeddable":true,"href":"https:\/\/eventlive-tvproduktion.de\/index.php?rest_route=\/wp\/v2\/users\/7"}],"replies":[{"embeddable":true,"href":"https:\/\/eventlive-tvproduktion.de\/index.php?rest_route=%2Fwp%2Fv2%2Fcomments&post=1987"}],"version-history":[{"count":3,"href":"https:\/\/eventlive-tvproduktion.de\/index.php?rest_route=\/wp\/v2\/posts\/1987\/revisions"}],"predecessor-version":[{"id":2004,"href":"https:\/\/eventlive-tvproduktion.de\/index.php?rest_route=\/wp\/v2\/posts\/1987\/revisions\/2004"}],"wp:featuredmedia":[{"embeddable":true,"href":"https:\/\/eventlive-tvproduktion.de\/index.php?rest_route=\/wp\/v2\/media\/1997"}],"wp:attachment":[{"href":"https:\/\/eventlive-tvproduktion.de\/index.php?rest_route=%2Fwp%2Fv2%2Fmedia&parent=1987"}],"wp:term":[{"taxonomy":"category","embeddable":true,"href":"https:\/\/eventlive-tvproduktion.de\/index.php?rest_route=%2Fwp%2Fv2%2Fcategories&post=1987"},{"taxonomy":"post_tag","embeddable":true,"href":"https:\/\/eventlive-tvproduktion.de\/index.php?rest_route=%2Fwp%2Fv2%2Ftags&post=1987"}],"curies":[{"name":"wp","href":"https:\/\/api.w.org\/{rel}","templated":true}]}}