{"id":2153,"date":"2023-10-30T14:23:46","date_gmt":"2023-10-30T13:23:46","guid":{"rendered":"https:\/\/eventlive-tvproduktion.de\/?p=2153"},"modified":"2023-10-30T14:23:47","modified_gmt":"2023-10-30T13:23:47","slug":"4-neue-sendungen","status":"publish","type":"post","link":"https:\/\/eventlive-tvproduktion.de\/?p=2153","title":{"rendered":"4 Neue Sendungen !"},"content":{"rendered":"\n<p><strong>Entdecken Sie die aufregenden November-Ausgaben der Schlagercouch! Wir haben gro\u00dfartige G\u00e4ste wie Kimberly, Vamos, Laura, Angela und das Duo Augenblick f\u00fcr Sie. <\/strong><\/p>\n\n\n<div class=\"wp-block-image\">\n<figure class=\"alignleft size-full is-resized\"><img loading=\"lazy\" decoding=\"async\" width=\"480\" height=\"360\" src=\"https:\/\/eventlive-tvproduktion.de\/wp-content\/uploads\/A94F01DE-74D7-42DE-AB95-04E9E88F13B4_4_5005_c.jpeg\" alt=\"\" class=\"wp-image-2155\" style=\"aspect-ratio:1.3333333333333333;width:240px;height:auto\" srcset=\"https:\/\/eventlive-tvproduktion.de\/wp-content\/uploads\/A94F01DE-74D7-42DE-AB95-04E9E88F13B4_4_5005_c.jpeg 480w, https:\/\/eventlive-tvproduktion.de\/wp-content\/uploads\/A94F01DE-74D7-42DE-AB95-04E9E88F13B4_4_5005_c-300x225.jpeg 300w, https:\/\/eventlive-tvproduktion.de\/wp-content\/uploads\/A94F01DE-74D7-42DE-AB95-04E9E88F13B4_4_5005_c-150x113.jpeg 150w\" sizes=\"auto, (max-width: 480px) 100vw, 480px\" \/><\/figure>\n<\/div>\n\n\n<p><strong>Begleiten Sie uns in dieser unterhaltsamen Talkshow, moderiert von Nicole Kruse und Uwe Kisker. Weitere Informationen finden Sie hier. Sie k\u00f6nnen die Sendungen in den n\u00e4chsten Tagen in der Mediathek anschauen und im TV auf NRWision verfolgen. Bleiben Sie dran! <a href=\"https:\/\/www.schlagercouch-tv.de\">mehr&#8230;.<\/a><\/strong><\/p>\n","protected":false},"excerpt":{"rendered":"<p>Entdecken Sie die aufregenden November-Ausgaben der Schlagercouch! Wir haben gro\u00dfartige G\u00e4ste wie Kimberly, Vamos, Laura, Angela und das Duo Augenblick f\u00fcr Sie. Begleiten Sie uns in dieser unterhaltsamen Talkshow, moderiert von Nicole Kruse und Uwe Kisker. Weitere Informationen finden Sie hier. Sie k\u00f6nnen die Sendungen in den n\u00e4chsten Tagen in der Mediathek anschauen und im [&hellip;]<\/p>\n","protected":false},"author":7,"featured_media":2154,"comment_status":"closed","ping_status":"open","sticky":false,"template":"","format":"standard","meta":{"footnotes":""},"categories":[31,2],"tags":[13,179,50,139,37,48,98],"class_list":["post-2153","post","type-post","status-publish","format-standard","has-post-thumbnail","hentry","category-aktuelles","category-startseite","tag-dortmund","tag-schlager-musik-live-auftritt-veranstaltung-konzert-party-buehne","tag-schlagercouch","tag-talk","tag-tv-produktion","tag-tv-show","tag-uwe-kisker"],"_links":{"self":[{"href":"https:\/\/eventlive-tvproduktion.de\/index.php?rest_route=\/wp\/v2\/posts\/2153","targetHints":{"allow":["GET"]}}],"collection":[{"href":"https:\/\/eventlive-tvproduktion.de\/index.php?rest_route=\/wp\/v2\/posts"}],"about":[{"href":"https:\/\/eventlive-tvproduktion.de\/index.php?rest_route=\/wp\/v2\/types\/post"}],"author":[{"embeddable":true,"href":"https:\/\/eventlive-tvproduktion.de\/index.php?rest_route=\/wp\/v2\/users\/7"}],"replies":[{"embeddable":true,"href":"https:\/\/eventlive-tvproduktion.de\/index.php?rest_route=%2Fwp%2Fv2%2Fcomments&post=2153"}],"version-history":[{"count":1,"href":"https:\/\/eventlive-tvproduktion.de\/index.php?rest_route=\/wp\/v2\/posts\/2153\/revisions"}],"predecessor-version":[{"id":2156,"href":"https:\/\/eventlive-tvproduktion.de\/index.php?rest_route=\/wp\/v2\/posts\/2153\/revisions\/2156"}],"wp:featuredmedia":[{"embeddable":true,"href":"https:\/\/eventlive-tvproduktion.de\/index.php?rest_route=\/wp\/v2\/media\/2154"}],"wp:attachment":[{"href":"https:\/\/eventlive-tvproduktion.de\/index.php?rest_route=%2Fwp%2Fv2%2Fmedia&parent=2153"}],"wp:term":[{"taxonomy":"category","embeddable":true,"href":"https:\/\/eventlive-tvproduktion.de\/index.php?rest_route=%2Fwp%2Fv2%2Fcategories&post=2153"},{"taxonomy":"post_tag","embeddable":true,"href":"https:\/\/eventlive-tvproduktion.de\/index.php?rest_route=%2Fwp%2Fv2%2Ftags&post=2153"}],"curies":[{"name":"wp","href":"https:\/\/api.w.org\/{rel}","templated":true}]}}