{"id":2400,"date":"2023-11-29T13:14:49","date_gmt":"2023-11-29T12:14:49","guid":{"rendered":"https:\/\/eventlive-tvproduktion.de\/?p=2400"},"modified":"2023-12-06T12:48:34","modified_gmt":"2023-12-06T11:48:34","slug":"das-team-der-schlagercouch-ist-voller-vorfreude","status":"publish","type":"post","link":"https:\/\/eventlive-tvproduktion.de\/?p=2400","title":{"rendered":"Das Team der Schlagercouch ist voller Vorfreude"},"content":{"rendered":"\n<p>Das Team der Schlagercouch ist voller Vorfreude, denn es begibt sich auf den Dortmunder Weihnachtsmarkt, um eine besondere Ausgabe der beliebten Schlagersendung zu produzieren. Ein j\u00e4hrlicher Ausflug in die festlich geschm\u00fcckte Weihnachtsstadt Dortmund bietet die perfekte Kulisse f\u00fcr die Aufzeichnung.<\/p>\n\n\n<div class=\"wp-block-image\">\n<figure class=\"alignleft size-full is-resized\"><a href=\"https:\/\/eventlive-tvproduktion.de\/wp-content\/uploads\/IMG_5019.jpg\" data-rel=\"lightbox-image-0\" data-rl_title=\"\" data-rl_caption=\"\" title=\"\"><img loading=\"lazy\" decoding=\"async\" width=\"450\" height=\"600\" src=\"https:\/\/eventlive-tvproduktion.de\/wp-content\/uploads\/IMG_5019.jpg\" alt=\"\" class=\"wp-image-2405\" style=\"width:273px;height:auto\" srcset=\"https:\/\/eventlive-tvproduktion.de\/wp-content\/uploads\/IMG_5019.jpg 450w, https:\/\/eventlive-tvproduktion.de\/wp-content\/uploads\/IMG_5019-225x300.jpg 225w, https:\/\/eventlive-tvproduktion.de\/wp-content\/uploads\/IMG_5019-113x150.jpg 113w\" sizes=\"auto, (max-width: 450px) 100vw, 450px\" \/><\/a><\/figure>\n<\/div>\n\n\n<p>Die K\u00fcnstlerinnen und K\u00fcnstler, die bereits Gast auf der Dortmunder Schlagercouch waren oder noch kommen werden, senden herzliche Gr\u00fc\u00dfe an das Team. Die Weihnachtsshow wird zudem aktuelle Weihnachtslieder der G\u00e4ste pr\u00e4sentieren, und die festliche Atmosph\u00e4re des Dortmunder Weihnachtsmarkts soll die Aufzeichnung zu einem besonderen Erlebnis machen.<\/p>\n\n\n\n<p>Der imposante Weihnachtsbaum, bestehend aus 1700 B\u00e4umen und mit einer H\u00f6he von 45 Metern, sowie 48.000 LEDs schaffen eine bezaubernde Kulisse. Nicole Kruse und Uwe Kisker f\u00fchren wie gewohnt charmant durch die Sendung, die vor den Feiertagen auf NRWision ausgestrahlt wird. Freuen Sie sich auf eine stimmungsvolle Weihnachtssendung, die auch vor den Feiertagen in der Mediathek abrufbar sein wird.&#8220; <a href=\"https:\/\/www.schlagercouch-tv.de\">mehr&#8230;..<\/a><\/p>\n","protected":false},"excerpt":{"rendered":"<p>Das Team der Schlagercouch ist voller Vorfreude, denn es begibt sich auf den Dortmunder Weihnachtsmarkt, um eine besondere Ausgabe der beliebten Schlagersendung zu produzieren. Ein j\u00e4hrlicher Ausflug in die festlich geschm\u00fcckte Weihnachtsstadt Dortmund bietet die perfekte Kulisse f\u00fcr die Aufzeichnung. Die K\u00fcnstlerinnen und K\u00fcnstler, die bereits Gast auf der Dortmunder Schlagercouch waren oder noch kommen [&hellip;]<\/p>\n","protected":false},"author":7,"featured_media":2404,"comment_status":"closed","ping_status":"open","sticky":false,"template":"","format":"standard","meta":{"footnotes":""},"categories":[31,2],"tags":[13,217,37,216,218],"class_list":["post-2400","post","type-post","status-publish","format-standard","has-post-thumbnail","hentry","category-aktuelles","category-startseite","tag-dortmund","tag-stadt","tag-tv-produktion","tag-weihnachtsmarkt","tag-weihnachtsstadt"],"_links":{"self":[{"href":"https:\/\/eventlive-tvproduktion.de\/index.php?rest_route=\/wp\/v2\/posts\/2400","targetHints":{"allow":["GET"]}}],"collection":[{"href":"https:\/\/eventlive-tvproduktion.de\/index.php?rest_route=\/wp\/v2\/posts"}],"about":[{"href":"https:\/\/eventlive-tvproduktion.de\/index.php?rest_route=\/wp\/v2\/types\/post"}],"author":[{"embeddable":true,"href":"https:\/\/eventlive-tvproduktion.de\/index.php?rest_route=\/wp\/v2\/users\/7"}],"replies":[{"embeddable":true,"href":"https:\/\/eventlive-tvproduktion.de\/index.php?rest_route=%2Fwp%2Fv2%2Fcomments&post=2400"}],"version-history":[{"count":2,"href":"https:\/\/eventlive-tvproduktion.de\/index.php?rest_route=\/wp\/v2\/posts\/2400\/revisions"}],"predecessor-version":[{"id":2408,"href":"https:\/\/eventlive-tvproduktion.de\/index.php?rest_route=\/wp\/v2\/posts\/2400\/revisions\/2408"}],"wp:featuredmedia":[{"embeddable":true,"href":"https:\/\/eventlive-tvproduktion.de\/index.php?rest_route=\/wp\/v2\/media\/2404"}],"wp:attachment":[{"href":"https:\/\/eventlive-tvproduktion.de\/index.php?rest_route=%2Fwp%2Fv2%2Fmedia&parent=2400"}],"wp:term":[{"taxonomy":"category","embeddable":true,"href":"https:\/\/eventlive-tvproduktion.de\/index.php?rest_route=%2Fwp%2Fv2%2Fcategories&post=2400"},{"taxonomy":"post_tag","embeddable":true,"href":"https:\/\/eventlive-tvproduktion.de\/index.php?rest_route=%2Fwp%2Fv2%2Ftags&post=2400"}],"curies":[{"name":"wp","href":"https:\/\/api.w.org\/{rel}","templated":true}]}}