{"id":3792,"date":"2024-05-23T13:14:59","date_gmt":"2024-05-23T12:14:59","guid":{"rendered":"https:\/\/eventlive-tvproduktion.de\/?p=3792"},"modified":"2024-05-23T13:15:00","modified_gmt":"2024-05-23T12:15:00","slug":"grosse-em-schlagerparty-in-dortmund-am-7-juli","status":"publish","type":"post","link":"https:\/\/eventlive-tvproduktion.de\/?p=3792","title":{"rendered":"**Gro\u00dfe EM-Schlagerparty in Dortmund am 7. Juli**"},"content":{"rendered":"\n<p>Nicht nur die Dortmunder-Schlagerparty in Dorstfeld ist diesen Sommer ein Highlight, sondern auch die gro\u00dfe EM-Schlagerparty im Rahmen der Fu\u00dfball-Europameisterschaft 2024. Am Sonntag, den 7. Juli, verwandelt sich der Friedensplatz in Dortmund in eine Schlager-B\u00fchne der Extraklasse.<\/p>\n\n\n<div class=\"wp-block-image\">\n<figure class=\"alignleft size-large is-resized\"><img loading=\"lazy\" decoding=\"async\" width=\"768\" height=\"535\" src=\"https:\/\/eventlive-tvproduktion.de\/wp-content\/uploads\/Peter-Sebastian_Pressebild-768x535.jpg\" alt=\"\" class=\"wp-image-3793\" style=\"width:357px;height:auto\" srcset=\"https:\/\/eventlive-tvproduktion.de\/wp-content\/uploads\/Peter-Sebastian_Pressebild-768x535.jpg 768w, https:\/\/eventlive-tvproduktion.de\/wp-content\/uploads\/Peter-Sebastian_Pressebild-300x209.jpg 300w, https:\/\/eventlive-tvproduktion.de\/wp-content\/uploads\/Peter-Sebastian_Pressebild-150x104.jpg 150w, https:\/\/eventlive-tvproduktion.de\/wp-content\/uploads\/Peter-Sebastian_Pressebild.jpg 800w\" sizes=\"auto, (max-width: 768px) 100vw, 768px\" \/><figcaption class=\"wp-element-caption\">LIVE auf der B\u00fchne: Peter Sebastian<\/figcaption><\/figure>\n<\/div>\n\n\n<p>Von 15:00 bis 19:00 Uhr erwartet die Besucherinnen und Besucher ein musikalisches Feuerwerk. Zahlreiche K\u00fcnstlerinnen und K\u00fcnstler aus der Schlagerwelt werden die B\u00fchne betreten und f\u00fcr beste Unterhaltung sorgen. Moderatorin Nicole Kruse freut sich besonders darauf, die Veranstaltung auf dem Friedensplatz zu moderieren, wo normalerweise Public Viewing stattfindet. &#8222;Es ist fantastisch, den Platz, wo sonst die Fu\u00dfballfans feiern, in eine gro\u00dfe Schlager-Show zu verwandeln&#8220;, sagt sie.<\/p>\n\n\n\n<p>Das Team hat sich viele \u00dcberraschungen einfallen lassen. Viele bekannte K\u00fcnstler aus nah und fern werden auftreten und den Sonntagnachmittag mit ihren Hits bereichern. Ein besonderes Highlight: Der Eintritt zur Veranstaltung ist frei. Der festlich geschm\u00fcckte Friedensplatz in den Farben der Europameisterschaft sorgt f\u00fcr eine besondere Atmosph\u00e4re. F\u00fcr das leibliche Wohl ist ebenfalls gesorgt: Bierst\u00e4nde, Imbissst\u00e4nde und zahlreiche Leckereien erwarten die Besucher.<\/p>\n\n\n\n<p>Erleben Sie einen wundersch\u00f6nen EM-Tag in Dortmund auf dem Friedensplatz bei der Schlagerparty. Die Dortmunder-Schlagerparty wird pr\u00e4sentiert vom Schlagercouch Team und Event Live TV Produktion, Dortmund.<\/p>\n\n\n\n<p>Live auf dem Dortmunder Friedensplatz sind Marko Abend, Peter Sebastian, Dirk\u00a0 Leandro, Guido Westermann, Jana Breman, Mirko Heinze. Markus Simons u.a.<\/p>\n","protected":false},"excerpt":{"rendered":"<p>Nicht nur die Dortmunder-Schlagerparty in Dorstfeld ist diesen Sommer ein Highlight, sondern auch die gro\u00dfe EM-Schlagerparty im Rahmen der Fu\u00dfball-Europameisterschaft 2024. Am Sonntag, den 7. Juli, verwandelt sich der Friedensplatz in Dortmund in eine Schlager-B\u00fchne der Extraklasse. Von 15:00 bis 19:00 Uhr erwartet die Besucherinnen und Besucher ein musikalisches Feuerwerk. Zahlreiche K\u00fcnstlerinnen und K\u00fcnstler aus [&hellip;]<\/p>\n","protected":false},"author":5,"featured_media":3795,"comment_status":"closed","ping_status":"open","sticky":false,"template":"","format":"standard","meta":{"footnotes":""},"categories":[31,2],"tags":[13,130,267],"class_list":["post-3792","post","type-post","status-publish","format-standard","has-post-thumbnail","hentry","category-aktuelles","category-startseite","tag-dortmund","tag-party","tag-show-em"],"_links":{"self":[{"href":"https:\/\/eventlive-tvproduktion.de\/index.php?rest_route=\/wp\/v2\/posts\/3792","targetHints":{"allow":["GET"]}}],"collection":[{"href":"https:\/\/eventlive-tvproduktion.de\/index.php?rest_route=\/wp\/v2\/posts"}],"about":[{"href":"https:\/\/eventlive-tvproduktion.de\/index.php?rest_route=\/wp\/v2\/types\/post"}],"author":[{"embeddable":true,"href":"https:\/\/eventlive-tvproduktion.de\/index.php?rest_route=\/wp\/v2\/users\/5"}],"replies":[{"embeddable":true,"href":"https:\/\/eventlive-tvproduktion.de\/index.php?rest_route=%2Fwp%2Fv2%2Fcomments&post=3792"}],"version-history":[{"count":1,"href":"https:\/\/eventlive-tvproduktion.de\/index.php?rest_route=\/wp\/v2\/posts\/3792\/revisions"}],"predecessor-version":[{"id":3796,"href":"https:\/\/eventlive-tvproduktion.de\/index.php?rest_route=\/wp\/v2\/posts\/3792\/revisions\/3796"}],"wp:featuredmedia":[{"embeddable":true,"href":"https:\/\/eventlive-tvproduktion.de\/index.php?rest_route=\/wp\/v2\/media\/3795"}],"wp:attachment":[{"href":"https:\/\/eventlive-tvproduktion.de\/index.php?rest_route=%2Fwp%2Fv2%2Fmedia&parent=3792"}],"wp:term":[{"taxonomy":"category","embeddable":true,"href":"https:\/\/eventlive-tvproduktion.de\/index.php?rest_route=%2Fwp%2Fv2%2Fcategories&post=3792"},{"taxonomy":"post_tag","embeddable":true,"href":"https:\/\/eventlive-tvproduktion.de\/index.php?rest_route=%2Fwp%2Fv2%2Ftags&post=3792"}],"curies":[{"name":"wp","href":"https:\/\/api.w.org\/{rel}","templated":true}]}}