{"id":4036,"date":"2024-07-13T11:45:16","date_gmt":"2024-07-13T10:45:16","guid":{"rendered":"https:\/\/eventlive-tvproduktion.de\/?p=4036"},"modified":"2024-07-13T11:45:17","modified_gmt":"2024-07-13T10:45:17","slug":"boxerinnen-im-ring","status":"publish","type":"post","link":"https:\/\/eventlive-tvproduktion.de\/?p=4036","title":{"rendered":"Boxerinnen im Ring"},"content":{"rendered":"\n<p>Der Dortmunder Box-Sport 20\/50 e.V. ist stolz darauf, regelm\u00e4\u00dfig Boxer und Boxerinnen im Ring willkommen zu hei\u00dfen. Bei unserer letzten Boxveranstaltung f\u00fchrten die holl\u00e4ndische Olympiaboxerin Chelsey Heijner, die sich f\u00fcr die Olympischen Spiele in Paris qualifiziert hat, und Leyla Horn aus Schwerin einen Schaukampf in unserem Boxring durch. Zuvor hatte die Schwerinerin die D\u00fcsseldorferin Julia Besteck nach Punkten besiegt. Nach dem Empfang der DBS-Medaillen stellten sich die Teilnehmer gemeinsam zum Foto. Auf dem Bild zu sehen sind von links: DBS-Vorsitzender Dieter Schumann, Olympiaboxerin Chelsey Heijner (Aleco Boksacademie), Leyla Horn (Traktor Schwerin) und Aleco Directeur Andre de Klerk.<\/p>\n\n\n\n<p>Ein wichtiger Aspekt f\u00fcr uns ist die Kommunikation mit anderen Verb\u00e4nden sowie Sportlerinnen und Sportlern. Der DBS 20\/50 hat sich auch f\u00fcr die kommenden Monate einiges vorgenommen!<\/p>\n\n\n\n<p>**Termine des Dortmunder Box-Sport 20\/50 e.V. im zweiten Halbjahr 2024**<\/p>\n\n\n\n<p>**100 Jahre Dortmunder Boxsport (1920 \u2013 2020)**<\/p>\n\n\n\n<p>8.7.-20.8.: Sommerferien<br>&#8211; F\u00fcr die aktiven Boxer: Jeden Donnerstag Training ab 18:30 Uhr im Box-Leistungszentrum.<\/p>\n\n\n\n<p>17.7.: Boxtraining mit Teilnehmern der Kinderferien-Party (14:30 \u2013 16:30 Uhr)<\/p>\n\n\n\n<p>21.8.: 161. Prominenten-Stammtisch (19:00 Uhr im Vereinslokal)&nbsp;<br>&#8211; Gast: Der ehemalige Profi-Cutman Walter Knieps<\/p>\n\n\n\n<p>26.8.-26.9.: 51. Kostenloser Boxlehrgang f\u00fcr Sch\u00fcler*innen im Alter von 10-18 Jahren<\/p>\n\n\n\n<p>6.11.: DBS-Jahreshauptversammlung im Vereinslokal, Beginn 19:00 Uhr<\/p>\n\n\n\n<p>14.11.: Durchf\u00fchrung des 29. Manager-Boxlehrgangs<\/p>\n\n\n\n<p>27.11.: 162. Prominenten-Stammtisch (19:00 Uhr im Vereinslokal)&nbsp;<br>&#8211; Ehrengast: Axel Schulz<\/p>\n\n\n\n<p>5.12.: Nikolausbesuch in der Turnhalle, Lange Str. 84<\/p>\n\n\n\n<p>11.12.: Sportlerehrung (Verleihung des Goldhandschuhs und Fair Play Preises)<\/p>\n\n\n\n<p>Weitere Aktivit\u00e4ten des Traditionsvereins:<br>&#8211; Kostenloses Training f\u00fcr arbeitslose Jugendliche<br>&#8211; Sport mit Fl\u00fcchtlingen (20 Nationen-Verein, anerkannter DOSB-St\u00fctzpunktverein)<br>&#8211; Frauenboxen, Managerboxen, Fitnesstraining f\u00fcr Freizeitsportler \u00fcber 30 Jahre<br>&#8211; Durchf\u00fchrung von Anti-Aggressions-Lehrg\u00e4ngen an Dortmunder Schulen<br>&#8211; Praktische Integrationsarbeit mit ausl\u00e4ndischen Sportlern (seit 2001 anerkannter jugendfreundlicher Sportverein)<br>&#8211; Patenschaften f\u00fcr Boxer<br>&#8211; Verleihung von F\u00f6rderurkunden<br>&#8211; Verleihung des Fair Play Preises<br>&#8211; Verleihung des \u201eGoldenen DBS-Ehrenhandschuhs\u201c an verdienstvolle Dortmunder B\u00fcrger<\/p>\n\n\n\n<p>F\u00fcr seine jahrelange Boxsportf\u00f6rderung erh\u00e4lt der Dortmunder Uwe Kisker 2024 den \u201eDBS-Goldhandschuh\u201c.<\/p>\n\n\n\n<p>**Training:**<\/p>\n\n\n\n<p>&#8211; Montag von 18 \u2013 20 Uhr: allgemeines Boxtraining (Teilnehmer bis 30 Jahre)<br>&#8211; Dienstag von 20 \u2013 22 Uhr: Fitnesstraining (Teilnehmer \u00fcber 30 Jahre)<br>&#8211; Donnerstag von 18 \u2013 20 Uhr: allgemeines Boxtraining<br>&#8211; Donnerstag von 20 \u2013 22 Uhr: Fitnessboxen (Teilnehmer Frauen und M\u00e4nner \u00fcber 30 Jahre)<\/p>\n\n\n\n<p>Trainingshalle am Westpark, Lange Str. 84, 44137 Dortmund.<\/p>\n\n\n\n<p>Bild : Dieter Sch\u00fctze \/DBS 20\/50<\/p>\n","protected":false},"excerpt":{"rendered":"<p>Der Dortmunder Box-Sport 20\/50 e.V. ist stolz darauf, regelm\u00e4\u00dfig Boxer und Boxerinnen im Ring willkommen zu hei\u00dfen. Bei unserer letzten Boxveranstaltung f\u00fchrten die holl\u00e4ndische Olympiaboxerin Chelsey Heijner, die sich f\u00fcr die Olympischen Spiele in Paris qualifiziert hat, und Leyla Horn aus Schwerin einen Schaukampf in unserem Boxring durch. Zuvor hatte die Schwerinerin die D\u00fcsseldorferin Julia [&hellip;]<\/p>\n","protected":false},"author":5,"featured_media":4037,"comment_status":"closed","ping_status":"open","sticky":false,"template":"","format":"standard","meta":{"footnotes":""},"categories":[5,3],"tags":[20,13,19,22],"class_list":["post-4036","post","type-post","status-publish","format-standard","has-post-thumbnail","hentry","category-dortmunder-boxsport","category-dortmunder-sport","tag-dbs-20-50","tag-dortmund","tag-dortmunder-boxsport","tag-sport"],"_links":{"self":[{"href":"https:\/\/eventlive-tvproduktion.de\/index.php?rest_route=\/wp\/v2\/posts\/4036","targetHints":{"allow":["GET"]}}],"collection":[{"href":"https:\/\/eventlive-tvproduktion.de\/index.php?rest_route=\/wp\/v2\/posts"}],"about":[{"href":"https:\/\/eventlive-tvproduktion.de\/index.php?rest_route=\/wp\/v2\/types\/post"}],"author":[{"embeddable":true,"href":"https:\/\/eventlive-tvproduktion.de\/index.php?rest_route=\/wp\/v2\/users\/5"}],"replies":[{"embeddable":true,"href":"https:\/\/eventlive-tvproduktion.de\/index.php?rest_route=%2Fwp%2Fv2%2Fcomments&post=4036"}],"version-history":[{"count":1,"href":"https:\/\/eventlive-tvproduktion.de\/index.php?rest_route=\/wp\/v2\/posts\/4036\/revisions"}],"predecessor-version":[{"id":4038,"href":"https:\/\/eventlive-tvproduktion.de\/index.php?rest_route=\/wp\/v2\/posts\/4036\/revisions\/4038"}],"wp:featuredmedia":[{"embeddable":true,"href":"https:\/\/eventlive-tvproduktion.de\/index.php?rest_route=\/wp\/v2\/media\/4037"}],"wp:attachment":[{"href":"https:\/\/eventlive-tvproduktion.de\/index.php?rest_route=%2Fwp%2Fv2%2Fmedia&parent=4036"}],"wp:term":[{"taxonomy":"category","embeddable":true,"href":"https:\/\/eventlive-tvproduktion.de\/index.php?rest_route=%2Fwp%2Fv2%2Fcategories&post=4036"},{"taxonomy":"post_tag","embeddable":true,"href":"https:\/\/eventlive-tvproduktion.de\/index.php?rest_route=%2Fwp%2Fv2%2Ftags&post=4036"}],"curies":[{"name":"wp","href":"https:\/\/api.w.org\/{rel}","templated":true}]}}