{"id":4039,"date":"2024-07-13T12:10:39","date_gmt":"2024-07-13T11:10:39","guid":{"rendered":"https:\/\/eventlive-tvproduktion.de\/?p=4039"},"modified":"2024-07-13T12:10:40","modified_gmt":"2024-07-13T11:10:40","slug":"schlagerparty-beim-lichterfest-2024","status":"publish","type":"post","link":"https:\/\/eventlive-tvproduktion.de\/?p=4039","title":{"rendered":"Schlagerparty beim Lichterfest 2024"},"content":{"rendered":"\n<p>F\u00fcr das Schlagercouch-Team und die Event Live TV Produktion Dortmund war es bislang ein fantastisches Jahr. Die gro\u00dfe Schlagerparty in Dortmund-Dorstfeld im Pulsschlag war ein absolutes Highlight. Auch die EM-Schlagerparty, die sehr viele Besucher anzog, war ein voller Erfolg.\u00a0<\/p>\n\n\n\n<p>Nun steht die n\u00e4chste gro\u00dfe Show auf dem Programm. Am 14. September ab circa 18:30 Uhr pr\u00e4sentiert das Schlagercouch-Team und die Event Live TV Produktion Dortmund beim Lichterfest im Fredenbaumpark eine gro\u00dfe Open-Air-Party im Gr\u00fcnen. Im Rahmen des Lichterfestes, das mit Tausenden von bunten Lampen erstrahlt, wird es an der gro\u00dfen Showb\u00fchne, auch Musikmuschel genannt, die Schlagerparty geben.\u00a0<\/p>\n\n\n\n<figure class=\"wp-block-gallery has-nested-images columns-default is-cropped wp-block-gallery-1 is-layout-flex wp-block-gallery-is-layout-flex\">\n<figure class=\"wp-block-image size-large\"><img loading=\"lazy\" decoding=\"async\" width=\"730\" height=\"600\" data-id=\"1859\" src=\"https:\/\/eventlive-tvproduktion.de\/wp-content\/uploads\/ddf101c9-c130-43a4-9224-a6a5d7ed744a-1.jpg\" alt=\"\" class=\"wp-image-1859\" srcset=\"https:\/\/eventlive-tvproduktion.de\/wp-content\/uploads\/ddf101c9-c130-43a4-9224-a6a5d7ed744a-1.jpg 730w, https:\/\/eventlive-tvproduktion.de\/wp-content\/uploads\/ddf101c9-c130-43a4-9224-a6a5d7ed744a-1-300x247.jpg 300w, https:\/\/eventlive-tvproduktion.de\/wp-content\/uploads\/ddf101c9-c130-43a4-9224-a6a5d7ed744a-1-150x123.jpg 150w\" sizes=\"auto, (max-width: 730px) 100vw, 730px\" \/><figcaption class=\"wp-element-caption\">Bild: Lichterfest 2023<\/figcaption><\/figure>\n\n\n\n<figure class=\"wp-block-image size-large\"><img loading=\"lazy\" decoding=\"async\" width=\"768\" height=\"576\" data-id=\"1858\" src=\"https:\/\/eventlive-tvproduktion.de\/wp-content\/uploads\/bf8dfcb0-19c1-4abe-9aad-3ebc6a47be9a-1-768x576.jpg\" alt=\"\" class=\"wp-image-1858\" srcset=\"https:\/\/eventlive-tvproduktion.de\/wp-content\/uploads\/bf8dfcb0-19c1-4abe-9aad-3ebc6a47be9a-1-768x576.jpg 768w, https:\/\/eventlive-tvproduktion.de\/wp-content\/uploads\/bf8dfcb0-19c1-4abe-9aad-3ebc6a47be9a-1-300x225.jpg 300w, https:\/\/eventlive-tvproduktion.de\/wp-content\/uploads\/bf8dfcb0-19c1-4abe-9aad-3ebc6a47be9a-1-150x113.jpg 150w, https:\/\/eventlive-tvproduktion.de\/wp-content\/uploads\/bf8dfcb0-19c1-4abe-9aad-3ebc6a47be9a-1.jpg 800w\" sizes=\"auto, (max-width: 768px) 100vw, 768px\" \/><figcaption class=\"wp-element-caption\">Bild: Lichterfest 2023<\/figcaption><\/figure>\n\n\n\n<figure class=\"wp-block-image size-large\"><img loading=\"lazy\" decoding=\"async\" width=\"768\" height=\"576\" data-id=\"1857\" src=\"https:\/\/eventlive-tvproduktion.de\/wp-content\/uploads\/bab6509f-445d-4fb3-87b6-e0bec7c3cddb-1-768x576.jpg\" alt=\"\" class=\"wp-image-1857\" srcset=\"https:\/\/eventlive-tvproduktion.de\/wp-content\/uploads\/bab6509f-445d-4fb3-87b6-e0bec7c3cddb-1-768x576.jpg 768w, https:\/\/eventlive-tvproduktion.de\/wp-content\/uploads\/bab6509f-445d-4fb3-87b6-e0bec7c3cddb-1-300x225.jpg 300w, https:\/\/eventlive-tvproduktion.de\/wp-content\/uploads\/bab6509f-445d-4fb3-87b6-e0bec7c3cddb-1-150x113.jpg 150w, https:\/\/eventlive-tvproduktion.de\/wp-content\/uploads\/bab6509f-445d-4fb3-87b6-e0bec7c3cddb-1.jpg 800w\" sizes=\"auto, (max-width: 768px) 100vw, 768px\" \/><figcaption class=\"wp-element-caption\">Bild: Lichterfest 2023<\/figcaption><\/figure>\n<\/figure>\n\n\n\n<p>Das Team um die Moderatorin Nicole Kruse und Uwe Kisker freut sich auf eine fantastische Show. Merken Sie sich jetzt schon den 14. September ab 18:30 Uhr vor. Bei freiem Eintritt wird die Open-Air-Party richtig abgehen. Nach der gro\u00dfen Schlagerparty wird es dann noch eine beeindruckende Laser-Show mit Musik geben, also es lohnt sich vorbeizukommen.&nbsp;<\/p>\n\n\n\n<p>In den letzten Jahren kamen bis zu 15.000 Besucher und erlebten ein fantastisches Lichterfest sowie eine gro\u00dfartige Schlagerparty. Freut euch schon jetzt auf das n\u00e4chste gro\u00dfe Event. Wer dabei sein wird, werden wir euch in den n\u00e4chsten Wochen hier mitteilen.<\/p>\n\n\n\n<p>R\u00fcckblick:<\/p>\n\n\n\n<figure class=\"wp-block-embed is-type-video is-provider-youtube wp-block-embed-youtube wp-embed-aspect-16-9 wp-has-aspect-ratio\"><div class=\"wp-block-embed__wrapper\">\n<iframe loading=\"lazy\" title=\"Reportage EM Schlagerparty\" width=\"640\" height=\"360\" src=\"https:\/\/www.youtube.com\/embed\/oyFalk3Mt0s?feature=oembed\" frameborder=\"0\" allow=\"accelerometer; autoplay; clipboard-write; encrypted-media; gyroscope; picture-in-picture; web-share\" referrerpolicy=\"strict-origin-when-cross-origin\" allowfullscreen><\/iframe>\n<\/div><figcaption class=\"wp-element-caption\">Die EM-Schlagerparry ! 2024<\/figcaption><\/figure>\n","protected":false},"excerpt":{"rendered":"<p>F\u00fcr das Schlagercouch-Team und die Event Live TV Produktion Dortmund war es bislang ein fantastisches Jahr. Die gro\u00dfe Schlagerparty in Dortmund-Dorstfeld im Pulsschlag war ein absolutes Highlight. Auch die EM-Schlagerparty, die sehr viele Besucher anzog, war ein voller Erfolg.\u00a0 Nun steht die n\u00e4chste gro\u00dfe Show auf dem Programm. Am 14. September ab circa 18:30 Uhr [&hellip;]<\/p>\n","protected":false},"author":5,"featured_media":1855,"comment_status":"closed","ping_status":"open","sticky":false,"template":"","format":"standard","meta":{"footnotes":""},"categories":[31,2],"tags":[13,97,96,137,105],"class_list":["post-4039","post","type-post","status-publish","format-standard","has-post-thumbnail","hentry","category-aktuelles","category-startseite","tag-dortmund","tag-fredenbaumpark","tag-lichterfest","tag-musik","tag-show"],"_links":{"self":[{"href":"https:\/\/eventlive-tvproduktion.de\/index.php?rest_route=\/wp\/v2\/posts\/4039","targetHints":{"allow":["GET"]}}],"collection":[{"href":"https:\/\/eventlive-tvproduktion.de\/index.php?rest_route=\/wp\/v2\/posts"}],"about":[{"href":"https:\/\/eventlive-tvproduktion.de\/index.php?rest_route=\/wp\/v2\/types\/post"}],"author":[{"embeddable":true,"href":"https:\/\/eventlive-tvproduktion.de\/index.php?rest_route=\/wp\/v2\/users\/5"}],"replies":[{"embeddable":true,"href":"https:\/\/eventlive-tvproduktion.de\/index.php?rest_route=%2Fwp%2Fv2%2Fcomments&post=4039"}],"version-history":[{"count":1,"href":"https:\/\/eventlive-tvproduktion.de\/index.php?rest_route=\/wp\/v2\/posts\/4039\/revisions"}],"predecessor-version":[{"id":4040,"href":"https:\/\/eventlive-tvproduktion.de\/index.php?rest_route=\/wp\/v2\/posts\/4039\/revisions\/4040"}],"wp:featuredmedia":[{"embeddable":true,"href":"https:\/\/eventlive-tvproduktion.de\/index.php?rest_route=\/wp\/v2\/media\/1855"}],"wp:attachment":[{"href":"https:\/\/eventlive-tvproduktion.de\/index.php?rest_route=%2Fwp%2Fv2%2Fmedia&parent=4039"}],"wp:term":[{"taxonomy":"category","embeddable":true,"href":"https:\/\/eventlive-tvproduktion.de\/index.php?rest_route=%2Fwp%2Fv2%2Fcategories&post=4039"},{"taxonomy":"post_tag","embeddable":true,"href":"https:\/\/eventlive-tvproduktion.de\/index.php?rest_route=%2Fwp%2Fv2%2Ftags&post=4039"}],"curies":[{"name":"wp","href":"https:\/\/api.w.org\/{rel}","templated":true}]}}