{"id":4143,"date":"2024-09-14T09:09:07","date_gmt":"2024-09-14T08:09:07","guid":{"rendered":"https:\/\/eventlive-tvproduktion.de\/?p=4143"},"modified":"2024-09-14T09:16:34","modified_gmt":"2024-09-14T08:16:34","slug":"mit-unseren-moderator-uwe-kisker-zum-schlagerzauber","status":"publish","type":"post","link":"https:\/\/eventlive-tvproduktion.de\/?p=4143","title":{"rendered":"Mit unseren Moderator Uwe Kisker zum Schlagerzauber"},"content":{"rendered":"\n<p>**Liebe Freunde,**<br>ich freue mich riesig, euch heute eine ganz besondere Neuigkeit mitteilen zu d\u00fcrfen! Im M\u00e4rz 2025 erwartet uns eine fantastische Schlagerreise, die Schlagerherzen h\u00f6her schlagen l\u00e4sst. Und das Beste daran: Ich darf einige von euch auf dieser Reise begleiten!<\/p>\n\n\n<div class=\"wp-block-image\">\n<figure class=\"alignleft size-full is-resized\"><a href=\"https:\/\/www.schlagercouch-tv.de\/Veranstaltungstipp-s\/\"><img loading=\"lazy\" decoding=\"async\" width=\"428\" height=\"600\" src=\"https:\/\/eventlive-tvproduktion.de\/wp-content\/uploads\/Info-Zetel-Reise.png\" alt=\"\" class=\"wp-image-4153\" style=\"width:376px;height:auto\" srcset=\"https:\/\/eventlive-tvproduktion.de\/wp-content\/uploads\/Info-Zetel-Reise.png 428w, https:\/\/eventlive-tvproduktion.de\/wp-content\/uploads\/Info-Zetel-Reise-214x300.png 214w, https:\/\/eventlive-tvproduktion.de\/wp-content\/uploads\/Info-Zetel-Reise-107x150.png 107w\" sizes=\"auto, (max-width: 428px) 100vw, 428px\" \/><\/a><\/figure>\n<\/div>\n\n\n<p><br>Viele von euch wissen, dass ich schon hunderte von Shows moderiert habe und regelm\u00e4\u00dfig die Sendung *Schlagercouch* und *Dortmunder Schlagerparty* u.a. pr\u00e4sentiere. Deswegen ist es immer wieder ein besonderes Erlebnis, bei solchen Veranstaltungen dabei zu sein \u2013 doch meistens erlebe ich sie nur von der B\u00fchne aus. Diesmal freue ich mich ganz besonders darauf, gemeinsam mit euch einen so angenehmen und entspannten Abend zu genie\u00dfen.<br>**Schlagerzauber mit Udo &amp; Helene**<br>2 Tage voller Musik, Emotionen und Genuss auf dem Rhein, begleitet von den gr\u00f6\u00dften Hits von Udo J\u00fcrgens und Helene Fischer. Freut euch auf eine gro\u00dfartige Tribute-Show mit den Showprofis Edwina De Pooter und Dirk Elfgen. Hits wie \u201eMerci Ch\u00e9rie\u201c, \u201eIch war noch niemals in New York\u201c, \u201eAtemlos\u201c und viele weitere Erfolgstitel erwarten euch! <a href=\"https:\/\/www.schlagercouch-tv.de\/Veranstaltungstipp-s\/\">mehr&#8230;.<\/a><\/p>\n\n\n\n<div class=\"wp-block-buttons is-layout-flex wp-block-buttons-is-layout-flex\">\n<div class=\"wp-block-button\"><a class=\"wp-block-button__link has-black-color has-pale-cyan-blue-background-color has-text-color has-background has-link-color wp-element-button\" href=\"https:\/\/www.schlagercouch-tv.de\/Veranstaltungstipp-s\/\"><strong>Zur Reise Infos<\/strong><\/a><\/div>\n<\/div>\n\n\n\n<p>Euer Uwe<\/p>\n","protected":false},"excerpt":{"rendered":"<p>**Liebe Freunde,**ich freue mich riesig, euch heute eine ganz besondere Neuigkeit mitteilen zu d\u00fcrfen! Im M\u00e4rz 2025 erwartet uns eine fantastische Schlagerreise, die Schlagerherzen h\u00f6her schlagen l\u00e4sst. Und das Beste daran: Ich darf einige von euch auf dieser Reise begleiten! Viele von euch wissen, dass ich schon hunderte von Shows moderiert habe und regelm\u00e4\u00dfig die [&hellip;]<\/p>\n","protected":false},"author":5,"featured_media":4145,"comment_status":"closed","ping_status":"open","sticky":false,"template":"","format":"standard","meta":{"footnotes":""},"categories":[31,2],"tags":[13,105,37,98],"class_list":["post-4143","post","type-post","status-publish","format-standard","has-post-thumbnail","hentry","category-aktuelles","category-startseite","tag-dortmund","tag-show","tag-tv-produktion","tag-uwe-kisker"],"_links":{"self":[{"href":"https:\/\/eventlive-tvproduktion.de\/index.php?rest_route=\/wp\/v2\/posts\/4143","targetHints":{"allow":["GET"]}}],"collection":[{"href":"https:\/\/eventlive-tvproduktion.de\/index.php?rest_route=\/wp\/v2\/posts"}],"about":[{"href":"https:\/\/eventlive-tvproduktion.de\/index.php?rest_route=\/wp\/v2\/types\/post"}],"author":[{"embeddable":true,"href":"https:\/\/eventlive-tvproduktion.de\/index.php?rest_route=\/wp\/v2\/users\/5"}],"replies":[{"embeddable":true,"href":"https:\/\/eventlive-tvproduktion.de\/index.php?rest_route=%2Fwp%2Fv2%2Fcomments&post=4143"}],"version-history":[{"count":7,"href":"https:\/\/eventlive-tvproduktion.de\/index.php?rest_route=\/wp\/v2\/posts\/4143\/revisions"}],"predecessor-version":[{"id":4156,"href":"https:\/\/eventlive-tvproduktion.de\/index.php?rest_route=\/wp\/v2\/posts\/4143\/revisions\/4156"}],"wp:featuredmedia":[{"embeddable":true,"href":"https:\/\/eventlive-tvproduktion.de\/index.php?rest_route=\/wp\/v2\/media\/4145"}],"wp:attachment":[{"href":"https:\/\/eventlive-tvproduktion.de\/index.php?rest_route=%2Fwp%2Fv2%2Fmedia&parent=4143"}],"wp:term":[{"taxonomy":"category","embeddable":true,"href":"https:\/\/eventlive-tvproduktion.de\/index.php?rest_route=%2Fwp%2Fv2%2Fcategories&post=4143"},{"taxonomy":"post_tag","embeddable":true,"href":"https:\/\/eventlive-tvproduktion.de\/index.php?rest_route=%2Fwp%2Fv2%2Ftags&post=4143"}],"curies":[{"name":"wp","href":"https:\/\/api.w.org\/{rel}","templated":true}]}}