{"id":4186,"date":"2024-10-22T11:25:47","date_gmt":"2024-10-22T10:25:47","guid":{"rendered":"https:\/\/eventlive-tvproduktion.de\/?p=4186"},"modified":"2024-11-07T14:01:26","modified_gmt":"2024-11-07T13:01:26","slug":"24-stunden-schlagerparty-und-schlagercouch-nonstop","status":"publish","type":"post","link":"https:\/\/eventlive-tvproduktion.de\/?p=4186","title":{"rendered":"&#8222;Die Schlagercouch feiert 200. Sendung mit Markus \u2013 F\u00fcnf Jahre Leidenschaft f\u00fcr den deutschen Schlager&#8220;"},"content":{"rendered":"\n<p>Die \u201eSchlagercouch\u201c, das Herzensprojekt von Uwe Kisker und Nicole Kruse, hat in den letzten f\u00fcnf Jahren eine beeindruckende Erfolgsgeschichte geschrieben. Gegr\u00fcndet im Oktober 2019, mitten in der Corona-Pandemie, als Konzerte und Live-Auftritte zum Stillstand kamen, entstand die Idee, den deutschen Schlager auf eine neue Art und Weise zu den Menschen zu bringen. Uwe Kisker, selbst gro\u00dfer Schlagerfan, wollte K\u00fcnstlern eine Plattform bieten, um ihre Musik trotz der schwierigen Umst\u00e4nde weiterhin pr\u00e4sentieren zu k\u00f6nnen \u2013 und so wurde die \u201eSchlagercouch\u201c geboren.<\/p>\n\n\n<div class=\"wp-block-image\">\n<figure class=\"alignleft size-large is-resized\"><a href=\"https:\/\/eventlive-tvproduktion.de\/wp-content\/uploads\/E6A19EC8-2DFC-4E2A-A78B-050C9FA088D5_1_105_c.jpeg\" data-rel=\"lightbox-image-0\" data-rl_title=\"\" data-rl_caption=\"\" title=\"\"><img loading=\"lazy\" decoding=\"async\" width=\"768\" height=\"512\" src=\"https:\/\/eventlive-tvproduktion.de\/wp-content\/uploads\/E6A19EC8-2DFC-4E2A-A78B-050C9FA088D5_1_105_c-768x512.jpeg\" alt=\"\" class=\"wp-image-4438\" style=\"width:376px;height:auto\" srcset=\"https:\/\/eventlive-tvproduktion.de\/wp-content\/uploads\/E6A19EC8-2DFC-4E2A-A78B-050C9FA088D5_1_105_c-768x512.jpeg 768w, https:\/\/eventlive-tvproduktion.de\/wp-content\/uploads\/E6A19EC8-2DFC-4E2A-A78B-050C9FA088D5_1_105_c-300x200.jpeg 300w, https:\/\/eventlive-tvproduktion.de\/wp-content\/uploads\/E6A19EC8-2DFC-4E2A-A78B-050C9FA088D5_1_105_c-150x100.jpeg 150w, https:\/\/eventlive-tvproduktion.de\/wp-content\/uploads\/E6A19EC8-2DFC-4E2A-A78B-050C9FA088D5_1_105_c.jpeg 800w\" sizes=\"auto, (max-width: 768px) 100vw, 768px\" \/><\/a><figcaption class=\"wp-element-caption\">Auf der Couch Andr\u00e8 W\u00f6rmann, Markus Nowak, Julia Bender dahinter  Markus Kuno u Moderator Uwe Kisker          Copyright Stephan Schuetze<\/figcaption><\/figure>\n<\/div>\n\n\n<p>Die erste Folge wurde am 5. November 2019 auf dem Sender NRWision ausgestrahlt, mit S\u00e4nger Andre W\u00f6rmann als erstem Gast. Seitdem hat sich die \u201eSchlagercouch\u201c zu einer der beliebtesten Musiksendungen im deutschen Fernsehen entwickelt. In den vergangenen f\u00fcnf Jahren sa\u00dfen mehr als 200 K\u00fcnstlerinnen und K\u00fcnstler aus Deutschland, den Niederlanden, Belgien, \u00d6sterreich und der Schweiz auf der ber\u00fchmten Couch. Egal, ob Schlagerstars oder Nachwuchstalente \u2013 sie alle hatten hier die Gelegenheit, ihre Geschichten zu erz\u00e4hlen und ihre neuesten Hits einem breiten Publikum vorzustellen.<\/p>\n\n\n\n<p>Was die \u201eSchlagercouch\u201c besonders macht, ist die Leidenschaft und Hingabe, die hinter jeder Sendung steckt. Das Format wird vollst\u00e4ndig ehrenamtlich produziert. Uwe Kisker und Nicole Kruse und Team, die selbst gro\u00dfe Fans des Schlagers sind, stecken Herz und Seele in jede Episode. Ihre Arbeit ist nicht nur professionell, sondern gepr\u00e4gt von echter Begeisterung f\u00fcr die Musik und dem Wunsch, den Schlager lebendig zu halten. Das merkt man jeder Sendung an \u2013 die Freude und Energie, die das Team in die Produktion steckt, \u00fcbertr\u00e4gt sich auf die Zuschauer.<\/p>\n\n\n<div class=\"wp-block-image\">\n<figure class=\"alignleft size-full\"><a href=\"https:\/\/eventlive-tvproduktion.de\/wp-content\/uploads\/Markus-3.jpg\" data-rel=\"lightbox-image-1\" data-rl_title=\"\" data-rl_caption=\"\" title=\"\"><img loading=\"lazy\" decoding=\"async\" width=\"400\" height=\"600\" src=\"https:\/\/eventlive-tvproduktion.de\/wp-content\/uploads\/Markus-3.jpg\" alt=\"\" class=\"wp-image-4471\" srcset=\"https:\/\/eventlive-tvproduktion.de\/wp-content\/uploads\/Markus-3.jpg 400w, https:\/\/eventlive-tvproduktion.de\/wp-content\/uploads\/Markus-3-200x300.jpg 200w, https:\/\/eventlive-tvproduktion.de\/wp-content\/uploads\/Markus-3-100x150.jpg 100w\" sizes=\"auto, (max-width: 400px) 100vw, 400px\" \/><\/a><figcaption class=\"wp-element-caption\">Markus bei der 200. Sendung!<\/figcaption><\/figure>\n<\/div>\n\n\n<p>Jede Woche gibt es eine neue Folge der \u201eSchlagercouch\u201c auf NRWision zu sehen, und das Publikum hat die M\u00f6glichkeit, die Sendungen jederzeit in der Mediathek des Senders nachzuholen. So k\u00f6nnen Fans nicht nur die neuesten Episoden genie\u00dfen, sondern auch \u00e4ltere Folgen entdecken und miterleben, wie sich das Format und die K\u00fcnstler \u00fcber die Jahre entwickelt haben. Die \u201eSchlagercouch\u201c bietet eine einzigartige Gelegenheit, in die Geschichten der K\u00fcnstler einzutauchen und den deutschen Schlager in seiner ganzen Vielfalt zu erleben.<\/p>\n\n\n\n<p>Ein besonderes Highlight steht Anfang 2025 an: die Produktion der 200. regul\u00e4ren Folge. Zu diesem Jubil\u00e4um haben sich Uwe Kisker und seine Co-Moderatorin Nicole Kruse etwas ganz Besonderes ausgedacht. Als Starg\u00e4ste werden Schlagerlegende Markus und seine Ehefrau Yvonne K\u00f6nig erwartet. Markus, der Anfang der 80er-Jahre mit Hits wie \u201eIch will Spa\u00df\u201c und \u201eKleine Taschenlampe brenn\u201c gro\u00dfe Erfolge feierte, pr\u00e4gte die Neue Deutsche Welle und ist bis heute eine feste Gr\u00f6\u00dfe in der deutschen Musikszene. Derzeit tourt Markus erfolgreich mit seiner \u201eIch will Spa\u00df\u201c-Show, die die unvergessenen Hits der Neuen Deutschen Welle auf die B\u00fchne bringt und damit die Begeisterung f\u00fcr diese \u00c4ra neu entfacht. Die Show ist ein gro\u00dfer Erfolg und zeigt, dass Markus auch nach Jahrzehnten noch das Publikum begeistern kann.<\/p>\n\n\n<div class=\"wp-block-image\">\n<figure class=\"alignleft size-full\"><a href=\"https:\/\/eventlive-tvproduktion.de\/wp-content\/uploads\/Markus-5.jpg\" data-rel=\"lightbox-image-2\" data-rl_title=\"\" data-rl_caption=\"\" title=\"\"><img loading=\"lazy\" decoding=\"async\" width=\"391\" height=\"600\" src=\"https:\/\/eventlive-tvproduktion.de\/wp-content\/uploads\/Markus-5.jpg\" alt=\"\" class=\"wp-image-4472\" srcset=\"https:\/\/eventlive-tvproduktion.de\/wp-content\/uploads\/Markus-5.jpg 391w, https:\/\/eventlive-tvproduktion.de\/wp-content\/uploads\/Markus-5-196x300.jpg 196w, https:\/\/eventlive-tvproduktion.de\/wp-content\/uploads\/Markus-5-98x150.jpg 98w\" sizes=\"auto, (max-width: 391px) 100vw, 391px\" \/><\/a><\/figure>\n<\/div>\n\n\n<p>Zusammen mit Yvonne K\u00f6nig, ebenfalls eine bekannte Schlagerk\u00fcnstlerin, wird er in der 200. Folge der \u201eSchlagercouch\u201c nicht nur auf seine beeindruckende Karriere zur\u00fcckblicken, sondern auch \u00fcber aktuelle Projekte und Zukunftspl\u00e4ne sprechen. Ihre gemeinsame Leidenschaft f\u00fcr die Musik und ihr Erfolgsgeheimnis als K\u00fcnstlerpaar stehen dabei ebenso im Mittelpunkt wie ein R\u00fcckblick auf ihre gr\u00f6\u00dften Hits und ihre pers\u00f6nliche Geschichte.<\/p>\n\n\n\n<p>Die Zuschauer d\u00fcrfen sich auf spannende Interviews und viele musikalische Highlights freuen. In der Jubil\u00e4umssendung werden aktuelle Musikvideos von Markus und Yvonne K\u00f6nig pr\u00e4sentiert, darunter Titel wie \u201eBlut, junge Herzen\u201c, \u201eHelden\u201c und das Duett \u201eSummer of the 80s\u201c. Die Jubil\u00e4umssendung verspricht ein ganz besonderes Ereignis zu werden, das die Herzen der Schlagerfans h\u00f6her schlagen l\u00e4sst. Die Ausstrahlung ist f\u00fcr Anfang Januar 2025 geplant und wird sicherlich ein weiterer Meilenstein in der Geschichte der \u201eSchlagercouch\u201c sein.<\/p>\n\n\n\n<p>Auch nach dieser Jubil\u00e4umsfolge geht die Erfolgsgeschichte der \u201eSchlagercouch\u201c weiter. Uwe Kisker und sein Team planen bereits neue Produktionen, um den Zuschauern weiterhin Woche f\u00fcr Woche Einblicke in die Welt des Schlagers zu bieten. Die \u201eSchlagercouch\u201c bleibt eine unverzichtbare B\u00fchne f\u00fcr K\u00fcnstler und ein fester Bestandteil der deutschen Musiklandschaft.<\/p>\n\n\n<div class=\"wp-block-image\">\n<figure class=\"alignleft size-full is-resized\"><img loading=\"lazy\" decoding=\"async\" width=\"480\" height=\"360\" src=\"https:\/\/eventlive-tvproduktion.de\/wp-content\/uploads\/03F0518E-7D0F-43A4-AA18-AF101A6DE88C_4_5005_c.jpeg\" alt=\"\" class=\"wp-image-4428\" style=\"width:417px;height:auto\" srcset=\"https:\/\/eventlive-tvproduktion.de\/wp-content\/uploads\/03F0518E-7D0F-43A4-AA18-AF101A6DE88C_4_5005_c.jpeg 480w, https:\/\/eventlive-tvproduktion.de\/wp-content\/uploads\/03F0518E-7D0F-43A4-AA18-AF101A6DE88C_4_5005_c-300x225.jpeg 300w, https:\/\/eventlive-tvproduktion.de\/wp-content\/uploads\/03F0518E-7D0F-43A4-AA18-AF101A6DE88C_4_5005_c-150x113.jpeg 150w\" sizes=\"auto, (max-width: 480px) 100vw, 480px\" \/><\/figure>\n<\/div>\n\n\n<p>Was als kreative Idee in schwierigen Zeiten begann, hat sich in den letzten f\u00fcnf Jahren zu einem der beliebtesten Formate im deutschen Musikfernsehen entwickelt. Die \u201eSchlagercouch\u201c ist heute eine Institution, die den deutschen Schlager nicht nur feiert, sondern ihn auch lebt. Dank der Leidenschaft und des Engagements von Uwe Kisker und seinem Team d\u00fcrfen sich Schlagerfans auch in Zukunft auf viele weitere spannende Sendungen freuen \u2013 Woche f\u00fcr Woche ein neues Highlight.<\/p>\n\n\n\n<p>Weitere Informationen und das komplette Programm findet ihr unter: www.schlagercouch.de.<\/p>\n\n\n\n<figure class=\"wp-block-embed is-type-video is-provider-youtube wp-block-embed-youtube wp-embed-aspect-16-9 wp-has-aspect-ratio\"><div class=\"wp-block-embed__wrapper\">\n<iframe loading=\"lazy\" title=\"Markus pr\u00e4sentiert die Ich-Will-Spass-Show\" width=\"640\" height=\"360\" src=\"https:\/\/www.youtube.com\/embed\/yGWfUAcQwDs?feature=oembed\" frameborder=\"0\" allow=\"accelerometer; autoplay; clipboard-write; encrypted-media; gyroscope; picture-in-picture; web-share\" referrerpolicy=\"strict-origin-when-cross-origin\" allowfullscreen><\/iframe>\n<\/div><figcaption class=\"wp-element-caption\">Markus ist z.Z. auf Tour mit der Show &#8222;Ich will Spa\u00df&#8220;<\/figcaption><\/figure>\n\n\n\n<figure data-wp-context=\"{&quot;imageId&quot;:&quot;69f228ed3fc94&quot;}\" data-wp-interactive=\"core\/image\" data-wp-key=\"69f228ed3fc94\" class=\"wp-block-image size-full is-resized wp-lightbox-container\"><img loading=\"lazy\" decoding=\"async\" width=\"511\" height=\"600\" data-wp-class--hide=\"state.isContentHidden\" data-wp-class--show=\"state.isContentVisible\" data-wp-init=\"callbacks.setButtonStyles\" data-wp-on--click=\"actions.showLightbox\" data-wp-on--load=\"callbacks.setButtonStyles\" data-wp-on-window--resize=\"callbacks.setButtonStyles\" src=\"https:\/\/eventlive-tvproduktion.de\/wp-content\/uploads\/Bildschirmfoto-2024-10-19-um-18.20.27.png\" alt=\"\" class=\"wp-image-4449\" style=\"width:837px;height:auto\" srcset=\"https:\/\/eventlive-tvproduktion.de\/wp-content\/uploads\/Bildschirmfoto-2024-10-19-um-18.20.27.png 511w, https:\/\/eventlive-tvproduktion.de\/wp-content\/uploads\/Bildschirmfoto-2024-10-19-um-18.20.27-256x300.png 256w, https:\/\/eventlive-tvproduktion.de\/wp-content\/uploads\/Bildschirmfoto-2024-10-19-um-18.20.27-128x150.png 128w\" sizes=\"auto, (max-width: 511px) 100vw, 511px\" \/><button\n\t\t\tclass=\"lightbox-trigger\"\n\t\t\ttype=\"button\"\n\t\t\taria-haspopup=\"dialog\"\n\t\t\taria-label=\"Vergr\u00f6\u00dfern\"\n\t\t\tdata-wp-init=\"callbacks.initTriggerButton\"\n\t\t\tdata-wp-on--click=\"actions.showLightbox\"\n\t\t\tdata-wp-style--right=\"state.imageButtonRight\"\n\t\t\tdata-wp-style--top=\"state.imageButtonTop\"\n\t\t>\n\t\t\t<svg xmlns=\"http:\/\/www.w3.org\/2000\/svg\" width=\"12\" height=\"12\" fill=\"none\" viewBox=\"0 0 12 12\">\n\t\t\t\t<path fill=\"#fff\" d=\"M2 0a2 2 0 0 0-2 2v2h1.5V2a.5.5 0 0 1 .5-.5h2V0H2Zm2 10.5H2a.5.5 0 0 1-.5-.5V8H0v2a2 2 0 0 0 2 2h2v-1.5ZM8 12v-1.5h2a.5.5 0 0 0 .5-.5V8H12v2a2 2 0 0 1-2 2H8Zm2-12a2 2 0 0 1 2 2v2h-1.5V2a.5.5 0 0 0-.5-.5H8V0h2Z\" \/>\n\t\t\t<\/svg>\n\t\t<\/button><\/figure>\n\n\n\n<div class=\"wp-block-buttons is-layout-flex wp-block-buttons-is-layout-flex\">\n<div class=\"wp-block-button\"><a class=\"wp-block-button__link has-black-color has-pale-cyan-blue-background-color has-text-color has-background has-link-color wp-element-button\" href=\"https:\/\/www.nrwision.de\/tv\/17-10-2024?cHash=a028c8a9f0e501c8b786e8bd32d56cf3\">Programm NRWision<\/a><\/div>\n\n\n\n<div class=\"wp-block-button\"><a class=\"wp-block-button__link has-black-color has-pale-cyan-blue-background-color has-text-color has-background has-link-color wp-element-button\" href=\"http:\/\/www.schlagercouch.de\">www.schlagercouch.de<\/a><\/div>\n\n\n\n<div class=\"wp-block-button\"><a class=\"wp-block-button__link has-black-color has-pale-cyan-blue-background-color has-text-color has-background has-link-color wp-element-button\" href=\"https:\/\/eventlive-tvproduktion.de\/?page_id=157\">Aktuelles<\/a><\/div>\n<\/div>\n\n\n\n<p>Feiert mit uns, genie\u00dft die Musik und lasst die Schlager-Herzen h\u00f6her schlagen!<\/p>\n\n\n\n<p>Euer Schlagercouch-Team<\/p>\n","protected":false},"excerpt":{"rendered":"<p>Die \u201eSchlagercouch\u201c, das Herzensprojekt von Uwe Kisker und Nicole Kruse, hat in den letzten f\u00fcnf Jahren eine beeindruckende Erfolgsgeschichte geschrieben. Gegr\u00fcndet im Oktober 2019, mitten in der Corona-Pandemie, als Konzerte und Live-Auftritte zum Stillstand kamen, entstand die Idee, den deutschen Schlager auf eine neue Art und Weise zu den Menschen zu bringen. Uwe Kisker, selbst [&hellip;]<\/p>\n","protected":false},"author":7,"featured_media":4473,"comment_status":"closed","ping_status":"open","sticky":false,"template":"","format":"standard","meta":{"footnotes":""},"categories":[31,2],"tags":[13,99,50,94,105,98],"class_list":["post-4186","post","type-post","status-publish","format-standard","has-post-thumbnail","hentry","category-aktuelles","category-startseite","tag-dortmund","tag-nicole-kruse","tag-schlagercouch","tag-schlagerparty","tag-show","tag-uwe-kisker"],"_links":{"self":[{"href":"https:\/\/eventlive-tvproduktion.de\/index.php?rest_route=\/wp\/v2\/posts\/4186","targetHints":{"allow":["GET"]}}],"collection":[{"href":"https:\/\/eventlive-tvproduktion.de\/index.php?rest_route=\/wp\/v2\/posts"}],"about":[{"href":"https:\/\/eventlive-tvproduktion.de\/index.php?rest_route=\/wp\/v2\/types\/post"}],"author":[{"embeddable":true,"href":"https:\/\/eventlive-tvproduktion.de\/index.php?rest_route=\/wp\/v2\/users\/7"}],"replies":[{"embeddable":true,"href":"https:\/\/eventlive-tvproduktion.de\/index.php?rest_route=%2Fwp%2Fv2%2Fcomments&post=4186"}],"version-history":[{"count":35,"href":"https:\/\/eventlive-tvproduktion.de\/index.php?rest_route=\/wp\/v2\/posts\/4186\/revisions"}],"predecessor-version":[{"id":4600,"href":"https:\/\/eventlive-tvproduktion.de\/index.php?rest_route=\/wp\/v2\/posts\/4186\/revisions\/4600"}],"wp:featuredmedia":[{"embeddable":true,"href":"https:\/\/eventlive-tvproduktion.de\/index.php?rest_route=\/wp\/v2\/media\/4473"}],"wp:attachment":[{"href":"https:\/\/eventlive-tvproduktion.de\/index.php?rest_route=%2Fwp%2Fv2%2Fmedia&parent=4186"}],"wp:term":[{"taxonomy":"category","embeddable":true,"href":"https:\/\/eventlive-tvproduktion.de\/index.php?rest_route=%2Fwp%2Fv2%2Fcategories&post=4186"},{"taxonomy":"post_tag","embeddable":true,"href":"https:\/\/eventlive-tvproduktion.de\/index.php?rest_route=%2Fwp%2Fv2%2Ftags&post=4186"}],"curies":[{"name":"wp","href":"https:\/\/api.w.org\/{rel}","templated":true}]}}