{"id":4386,"date":"2024-10-10T09:55:37","date_gmt":"2024-10-10T08:55:37","guid":{"rendered":"https:\/\/eventlive-tvproduktion.de\/?p=4386"},"modified":"2024-10-10T10:46:27","modified_gmt":"2024-10-10T09:46:27","slug":"das-war-das-dortmunder-oktoberfests-im-revierpark-wischlingen","status":"publish","type":"post","link":"https:\/\/eventlive-tvproduktion.de\/?p=4386","title":{"rendered":"Das war das Dortmunder-Oktoberfests im Revierpark Wischlingen"},"content":{"rendered":"\n<p>Party auf dem Oktoberfests im Revierpark Wischlingen<\/p>\n\n\n<div class=\"wp-block-image\">\n<figure class=\"alignleft size-large is-resized\"><img loading=\"lazy\" decoding=\"async\" width=\"768\" height=\"513\" src=\"https:\/\/eventlive-tvproduktion.de\/wp-content\/uploads\/1004_Oktoberfest_02_Wischlingen_Schuetze059-768x513.jpg\" alt=\"\" class=\"wp-image-4363\" style=\"width:373px;height:auto\" srcset=\"https:\/\/eventlive-tvproduktion.de\/wp-content\/uploads\/1004_Oktoberfest_02_Wischlingen_Schuetze059-768x513.jpg 768w, https:\/\/eventlive-tvproduktion.de\/wp-content\/uploads\/1004_Oktoberfest_02_Wischlingen_Schuetze059-300x200.jpg 300w, https:\/\/eventlive-tvproduktion.de\/wp-content\/uploads\/1004_Oktoberfest_02_Wischlingen_Schuetze059-150x100.jpg 150w, https:\/\/eventlive-tvproduktion.de\/wp-content\/uploads\/1004_Oktoberfest_02_Wischlingen_Schuetze059.jpg 800w\" sizes=\"auto, (max-width: 768px) 100vw, 768px\" \/><figcaption class=\"wp-element-caption\">Oktoberfest im Revierpark Wischlingen<br> Copy Stephan Schuetze<\/figcaption><\/figure>\n<\/div>\n\n\n<p>Seit 2011 findet das Oktoberfest auf den Wischlingen Wiesen in Dortmund statt, und auch im Jahr 2024 hat es erneut alle Erwartungen \u00fcbertroffen. Mit insgesamt 15.000 Besucherinnen und Besuchern verzeichnete das Fest an den f\u00fcnf Veranstaltungstagen einen durchschnittlichen Besuch von 3.000 Menschen t\u00e4glich. Diese beeindruckenden Zahlen gab Nils Linke, der Hauptorganisator des Dortmunder Oktoberfests, bekannt. Besonders die beiden Samstage (28. September und 5. Oktober) sowie der Mittwoch vor dem Feiertag (2. Oktober), an dem Mickie Krause auftrat, waren mit jeweils 3.500 Besuchern restlos ausverkauft. Etwas weniger Andrang verzeichneten die beiden Freitage (27. September und 4. Oktober).<\/p>\n\n\n\n<p>Neben der musikalischen Vielfalt und der mitrei\u00dfenden Stimmung war auch f\u00fcr das leibliche Wohl bestens gesorgt. Insgesamt flossen 30.000 Liter des eigens f\u00fcr das Fest gebrauten \u201eFestbiers\u201c der Dortmunder Kronen-Brauerei. \u201eWir haben eine Punktlandung hingelegt: Es ist genau ein Fass \u00fcbrig geblieben\u201c, so Linke. Dieses eine verbliebene Fass soll f\u00fcr den traditionellen Abschluss-Umtrunk mit den rund 100 Mitarbeitern verwendet werden, die auch in diesem Jahr einen gro\u00dfartigen Job gemacht haben. Linke f\u00fcgte hinzu, dass es andernfalls auch Abnehmer in der Dortmunder Gastronomie f\u00fcr die F\u00e4sser gegeben h\u00e4tte.<\/p>\n\n\n<div class=\"wp-block-image\">\n<figure class=\"alignleft size-large is-resized\"><img loading=\"lazy\" decoding=\"async\" width=\"768\" height=\"513\" src=\"https:\/\/eventlive-tvproduktion.de\/wp-content\/uploads\/0928do-Oktoberfest-Tag-2_02_Schuetze_056-768x513.jpg\" alt=\"\" class=\"wp-image-4360\" style=\"width:404px;height:auto\" srcset=\"https:\/\/eventlive-tvproduktion.de\/wp-content\/uploads\/0928do-Oktoberfest-Tag-2_02_Schuetze_056-768x513.jpg 768w, https:\/\/eventlive-tvproduktion.de\/wp-content\/uploads\/0928do-Oktoberfest-Tag-2_02_Schuetze_056-300x200.jpg 300w, https:\/\/eventlive-tvproduktion.de\/wp-content\/uploads\/0928do-Oktoberfest-Tag-2_02_Schuetze_056-150x100.jpg 150w, https:\/\/eventlive-tvproduktion.de\/wp-content\/uploads\/0928do-Oktoberfest-Tag-2_02_Schuetze_056.jpg 800w\" sizes=\"auto, (max-width: 768px) 100vw, 768px\" \/><figcaption class=\"wp-element-caption\">Oktoberfest im Revierpark Wischlingen  Copy Stephan Schuetze<\/figcaption><\/figure>\n<\/div>\n\n\n<p>Neu im Getr\u00e4nkeangebot 2024 war das beliebte Trendgetr\u00e4nk \u201eLillet Wildberry\u201c, das sich als echter Renner erwies. Auch der Wei\u00dfwein, von dem Linke eine zus\u00e4tzliche Palette nachbestellen musste, kam hervorragend bei den G\u00e4sten an \u2013 am Ende wurden rund 500 Liter davon konsumiert.<\/p>\n\n\n\n<p>F\u00fcr die traditionelle bayerische Bewirtung war wieder das Team des Restaurants und Caterings Tante Amanda verantwortlich, angef\u00fchrt von Wirtin Lilli Leuthold. \u00dcber den Daumen gepeilt servierten sie 300 Schweinshaxen und ebenso viele halbe H\u00e4hnchen. \u00dcberraschenderweise war jedoch die Currywurst mit Pommes eines der gefragtesten Gerichte, besonders zu sp\u00e4ter Stunde, wenn die Feierlaune \u2013 und der Alkoholpegel \u2013 der G\u00e4ste ihren H\u00f6hepunkt erreichten. Insgesamt gingen etwa 5.000 Brezeln \u00fcber die Theke, die f\u00fcr die typisch bayerische Atmosph\u00e4re unerl\u00e4sslich waren.<\/p>\n\n\n<div class=\"wp-block-image\">\n<figure class=\"alignleft size-large is-resized\"><img loading=\"lazy\" decoding=\"async\" width=\"768\" height=\"513\" src=\"https:\/\/eventlive-tvproduktion.de\/wp-content\/uploads\/1005_Oktoberfest_Tag5_05_Schuetze154-768x513.jpg\" alt=\"\" class=\"wp-image-4338\" style=\"width:405px;height:auto\" srcset=\"https:\/\/eventlive-tvproduktion.de\/wp-content\/uploads\/1005_Oktoberfest_Tag5_05_Schuetze154-768x513.jpg 768w, https:\/\/eventlive-tvproduktion.de\/wp-content\/uploads\/1005_Oktoberfest_Tag5_05_Schuetze154-300x200.jpg 300w, https:\/\/eventlive-tvproduktion.de\/wp-content\/uploads\/1005_Oktoberfest_Tag5_05_Schuetze154-150x100.jpg 150w, https:\/\/eventlive-tvproduktion.de\/wp-content\/uploads\/1005_Oktoberfest_Tag5_05_Schuetze154.jpg 800w\" sizes=\"auto, (max-width: 768px) 100vw, 768px\" \/><figcaption class=\"wp-element-caption\">Oktoberfest im Revierpark Wischlingen <br> Copy Stephan Schuetze<\/figcaption><\/figure>\n<\/div>\n\n\n<p>Wie bei jedem gro\u00dfen Fest blieb auch das Dortmunder Oktoberfest nicht ganz ohne kleinere Sch\u00e4den. Insgesamt sind 80 Sitzb\u00e4nke kaputtgegangen, was laut Linke \u201eeigentlich normal ist auf einem Oktoberfest\u201c. Trotz des ausgelassenen Feierns blieb das Fest insgesamt sehr friedlich. \u201eEinzelne, die zu viel getrunken haben und gehen mussten, hat man bei 15.000 Besuchern immer mal dabei\u201c, erkl\u00e4rte Linke gelassen. Nennenswerte Polizeieins\u00e4tze habe es jedoch nicht gegeben.<\/p>\n\n\n\n<p>F\u00fcr das n\u00e4chste Oktoberfest im Jahr 2025, das vom 26. September bis 4. Oktober stattfinden wird, laufen bereits die Vorbereitungen. Es wird erneut ein hochkar\u00e4tiges Musikprogramm geboten, unter anderem mit Auftritten von Olaf der Flipper, Stereoact, Mickie Krause, Lorenz B\u00fcffel und Frenzy. Die M\u00fcnchner Partyband \u201eM\u00fcnchner G\u2019schichten\u201c sowie die Kult-Moderatoren Nicole Kruse und Uwe Kisker werden ebenfalls wieder dabei sein. Der Vorverkauf f\u00fcr die \u201eWischlingen Wiesen 2025\u201c hat bereits begonnen, und die Organisatoren sind zuversichtlich, erneut ein unvergessliches Fest auf die Beine zu stellen.<\/p>\n\n\n<div class=\"wp-block-image\">\n<figure class=\"alignleft size-large is-resized\"><img loading=\"lazy\" decoding=\"async\" width=\"768\" height=\"432\" src=\"https:\/\/eventlive-tvproduktion.de\/wp-content\/uploads\/1004_Oktoberfest_03_Wischlingen_Schuetze003-768x432.jpg\" alt=\"\" class=\"wp-image-4364\" style=\"width:458px;height:auto\" srcset=\"https:\/\/eventlive-tvproduktion.de\/wp-content\/uploads\/1004_Oktoberfest_03_Wischlingen_Schuetze003-768x432.jpg 768w, https:\/\/eventlive-tvproduktion.de\/wp-content\/uploads\/1004_Oktoberfest_03_Wischlingen_Schuetze003-300x169.jpg 300w, https:\/\/eventlive-tvproduktion.de\/wp-content\/uploads\/1004_Oktoberfest_03_Wischlingen_Schuetze003-150x84.jpg 150w, https:\/\/eventlive-tvproduktion.de\/wp-content\/uploads\/1004_Oktoberfest_03_Wischlingen_Schuetze003.jpg 800w\" sizes=\"auto, (max-width: 768px) 100vw, 768px\" \/><figcaption class=\"wp-element-caption\">Oktoberfest im Revierpark Wischlingen<br> Copy Stephan Schuetze<\/figcaption><\/figure>\n<\/div>\n\n\n<p><\/p>\n\n\n\n<p>Das Dortmunder Oktoberfest bleibt somit auch in Zukunft ein Highlight im Veranstaltungskalender der Region.<\/p>\n\n\n\n<div class=\"wp-block-buttons is-layout-flex wp-block-buttons-is-layout-flex\">\n<div class=\"wp-block-button\"><a class=\"wp-block-button__link has-black-color has-light-green-cyan-background-color has-text-color has-background has-link-color wp-element-button\">Vorschau: Dortmunder-Oktoberfest 2025<\/a><\/div>\n\n\n\n<div class=\"wp-block-button\"><a class=\"wp-block-button__link has-black-color has-pale-cyan-blue-background-color has-text-color has-background has-link-color wp-element-button\" href=\"https:\/\/eventlive-tvproduktion.de\/?p=4359\">Technik-Oktoberfest<\/a><\/div>\n\n\n\n<div class=\"wp-block-button\"><a class=\"wp-block-button__link has-black-color has-luminous-vivid-orange-background-color has-text-color has-background has-link-color wp-element-button\" href=\"https:\/\/eventlive-tvproduktion.de\/?p=4216\">5 Tage Oktoberfest 2025<\/a><\/div>\n\n\n\n<div class=\"wp-block-button\"><a class=\"wp-block-button__link has-black-color has-luminous-vivid-orange-background-color has-text-color has-background has-link-color wp-element-button\" href=\"https:\/\/eventlive-tvproduktion.de\/?p=4216\">Video Oktoberfest<\/a><\/div>\n<\/div>\n\n\n\n<figure class=\"wp-block-embed is-type-video is-provider-youtube wp-block-embed-youtube wp-embed-aspect-16-9 wp-has-aspect-ratio\"><div class=\"wp-block-embed__wrapper\">\n<iframe loading=\"lazy\" title=\"Die ersten drei Tage auf dem  Dortmunder Oktoberfest 2024\" width=\"640\" height=\"360\" src=\"https:\/\/www.youtube.com\/embed\/OtOyL8ewBlQ?feature=oembed\" frameborder=\"0\" allow=\"accelerometer; autoplay; clipboard-write; encrypted-media; gyroscope; picture-in-picture; web-share\" referrerpolicy=\"strict-origin-when-cross-origin\" allowfullscreen><\/iframe>\n<\/div><figcaption class=\"wp-element-caption\">Video-Reportage \u00fcber das Dortmunder Oktoberfest 2024 im Revierpark Wischlingen Rund 10.000 Besucher haben in den ersten drei Tagen auf dem Dortmunder Oktoberfest im Revierpark Wischlingen gefeiert \u2013 und unsere exklusive Video-Reportage nimmt euch mit hinter die Kulissen des gro\u00dfen Events! Bereits am ersten Tag heizte Mallorca-Star Isi Gl\u00fcck dem Partyvolk ordentlich ein. Die S\u00e4ngerin, die regelm\u00e4\u00dfig auf der Insel f\u00fcr Stimmung sorgt, brachte das Festzelt zum Kochen und stand uns in einem Interview Rede und Antwort \u00fcber ihre Karriere und Pl\u00e4ne. Auch der zweite Tag hatte musikalisch einiges zu bieten: Die Band M\u00fcnchner G\u2019schichten riss das Publikum mit, und wir sprachen mit Bandchef Tom Peter \u00fcber die Faszination des Oktoberfests und den besonderen Reiz der Dortmunder Version. Der H\u00f6hepunkt des dritten Tages: Party-Legende Mickie Krause, der zum 15. Mal in Dortmund auf der B\u00fchne stand. In unserem Interview sprach er \u00fcber seinen neuen Hit \u201eDann leg ich Schlager auf\u201c, den er gemeinsam mit Tim Tupe produziert hat. Neben Krause gaben sich auch prominente G\u00e4ste die Ehre \u2013 unter anderem Fu\u00dfball-Weltmeister Kevin Gro\u00dfkreutz, der zum ersten Mal mit seinen Freunden das Oktoberfest besuchte und seine Liebe zum deutschen Schlager mit uns teilte. Neben den Stars kamen auch die Besucher zu Wort. Sie schilderten ihre Eindr\u00fccke und erz\u00e4hlten, warum das Dortmunder Oktoberfest f\u00fcr sie ein Highlight des Jahres ist. Der Gesch\u00e4ftsf\u00fchrer des Revierparks Wischlingen zeigte sich ebenfalls begeistert von der erfolgreichen Veranstaltung und lobte die grandiose Stimmung auf den Wischlingen Wiesen. Moderiert und pr\u00e4sentiert wird die Reportage von Nicole Kruse und Uwe Kisker. Schaltet jetzt ein und erlebt das Dortmunder Oktoberfest hautnah! Und freut euch auf den zweiten Teil, in dem weitere Highlights auf euch warten \u2013 unter anderem mit Auftritten von Oli P., Sch\u00fcrze und Lorenz B\u00fcffel. Jetzt einschalten und die gr\u00f6\u00dfte Party des Dortmunder Westens erleben!<\/figcaption><\/figure>\n\n\n\n<figure class=\"wp-block-embed is-type-video is-provider-youtube wp-block-embed-youtube wp-embed-aspect-16-9 wp-has-aspect-ratio\"><div class=\"wp-block-embed__wrapper\">\n<iframe loading=\"lazy\" title=\"Tag 4 &amp; 5 auf dem Dortmunder Oktoberfest 2024\" width=\"640\" height=\"360\" src=\"https:\/\/www.youtube.com\/embed\/EILMN3FUylc?feature=oembed\" frameborder=\"0\" allow=\"accelerometer; autoplay; clipboard-write; encrypted-media; gyroscope; picture-in-picture; web-share\" referrerpolicy=\"strict-origin-when-cross-origin\" allowfullscreen><\/iframe>\n<\/div><figcaption class=\"wp-element-caption\">Auch am vorletzten und letzten Tag des Dortmunder Oktoberfests auf den Wischlingen Wiesen im Revierpark wurde ausgelassen gefeiert. Am Freitag begeisterten die K\u00fcnstler Sch\u00fcrze und Oli P. das Publikum im Festzelt mit einer fantastischen Showeinlage. Die zahlreichen Besucher hielt nichts mehr auf den B\u00e4nken \u2013 sie tanzten und genossen die ausgelassene Stimmung. In unserer Reportage sprechen wir nicht nur mit den K\u00fcnstlern, sondern auch mit den Besuchern des Oktoberfests. Am letzten Tag sorgte die Partyband \u201cM\u00fcnchner Geschichten\u201d f\u00fcr eine mitrei\u00dfende Stimmung, bevor Lorenz B\u00fcffel das Zelt zum Kochen brachte. Auch hier haben wir uns mit den G\u00e4sten unterhalten und festgestellt, dass viele Besucher aus den Niederlanden angereist sind, um die einzigartige Atmosph\u00e4re des Dortmunder Oktoberfests zu genie\u00dfen. Freut euch in unserem Video auf exklusive Auftritte der Stars wie Sch\u00fcrze, Oli P. und Lorenz B\u00fcffel. Unsere Moderatoren Nicole Kruse und Uwe Kisker f\u00fchren wie gewohnt professionell durch die Reportage und pr\u00e4sentieren spannende Interviews sowie die Highlights dieser unvergesslichen Festtage.<\/figcaption><\/figure>\n","protected":false},"excerpt":{"rendered":"<p>Party auf dem Oktoberfests im Revierpark Wischlingen Seit 2011 findet das Oktoberfest auf den Wischlingen Wiesen in Dortmund statt, und auch im Jahr 2024 hat es erneut alle Erwartungen \u00fcbertroffen. Mit insgesamt 15.000 Besucherinnen und Besuchern verzeichnete das Fest an den f\u00fcnf Veranstaltungstagen einen durchschnittlichen Besuch von 3.000 Menschen t\u00e4glich. Diese beeindruckenden Zahlen gab Nils [&hellip;]<\/p>\n","protected":false},"author":5,"featured_media":4362,"comment_status":"closed","ping_status":"open","sticky":false,"template":"","format":"standard","meta":{"footnotes":""},"categories":[31,2],"tags":[281,172,37,98],"class_list":["post-4386","post","type-post","status-publish","format-standard","has-post-thumbnail","hentry","category-aktuelles","category-startseite","tag-oktoberfest-dortmund","tag-revierpark-wischlingen-2","tag-tv-produktion","tag-uwe-kisker"],"_links":{"self":[{"href":"https:\/\/eventlive-tvproduktion.de\/index.php?rest_route=\/wp\/v2\/posts\/4386","targetHints":{"allow":["GET"]}}],"collection":[{"href":"https:\/\/eventlive-tvproduktion.de\/index.php?rest_route=\/wp\/v2\/posts"}],"about":[{"href":"https:\/\/eventlive-tvproduktion.de\/index.php?rest_route=\/wp\/v2\/types\/post"}],"author":[{"embeddable":true,"href":"https:\/\/eventlive-tvproduktion.de\/index.php?rest_route=\/wp\/v2\/users\/5"}],"replies":[{"embeddable":true,"href":"https:\/\/eventlive-tvproduktion.de\/index.php?rest_route=%2Fwp%2Fv2%2Fcomments&post=4386"}],"version-history":[{"count":6,"href":"https:\/\/eventlive-tvproduktion.de\/index.php?rest_route=\/wp\/v2\/posts\/4386\/revisions"}],"predecessor-version":[{"id":4408,"href":"https:\/\/eventlive-tvproduktion.de\/index.php?rest_route=\/wp\/v2\/posts\/4386\/revisions\/4408"}],"wp:featuredmedia":[{"embeddable":true,"href":"https:\/\/eventlive-tvproduktion.de\/index.php?rest_route=\/wp\/v2\/media\/4362"}],"wp:attachment":[{"href":"https:\/\/eventlive-tvproduktion.de\/index.php?rest_route=%2Fwp%2Fv2%2Fmedia&parent=4386"}],"wp:term":[{"taxonomy":"category","embeddable":true,"href":"https:\/\/eventlive-tvproduktion.de\/index.php?rest_route=%2Fwp%2Fv2%2Fcategories&post=4386"},{"taxonomy":"post_tag","embeddable":true,"href":"https:\/\/eventlive-tvproduktion.de\/index.php?rest_route=%2Fwp%2Fv2%2Ftags&post=4386"}],"curies":[{"name":"wp","href":"https:\/\/api.w.org\/{rel}","templated":true}]}}