{"id":5142,"date":"2025-01-05T12:44:07","date_gmt":"2025-01-05T11:44:07","guid":{"rendered":"https:\/\/eventlive-tvproduktion.de\/?p=5142"},"modified":"2025-01-05T12:48:47","modified_gmt":"2025-01-05T11:48:47","slug":"die-endrunde-in-wellinghofen","status":"publish","type":"post","link":"https:\/\/eventlive-tvproduktion.de\/?p=5142","title":{"rendered":"So geht es in der Endrunde weiter!"},"content":{"rendered":"\n<p>Am heutigen Sonntag wurden die Gruppen der Endrunde der 39. Hallenfu\u00dfball-Stadtmeisterschaft ausgelost. Das traditionsreiche Turnier, das bereits seit Jahrzehnten die Fu\u00dfballbegeisterten der Region anzieht, wird am&nbsp;<strong>11. und 12. Januar<\/strong>&nbsp;in der&nbsp;<strong>Helmut-K\u00f6rnig-Halle<\/strong>&nbsp;ausgetragen. Der Beginn des M\u00e4nnerturniers verspricht spannende Begegnungen und hochklassigen Hallenfu\u00dfball.<\/p>\n\n\n\n<p>Die ausgelosten Gruppen versprechen spannende Duelle und beste Unterhaltung f\u00fcr Fans und Spieler. Die komplette \u00dcbersicht der Spielpl\u00e4ne und Gruppeneinteilungen ist ab sofort auf unserer Webseite&nbsp;<strong>Event Live<\/strong>&nbsp;verf\u00fcgbar. Dort k\u00f6nnen sich Fu\u00dfballbegeisterte auf die Endrunde einstimmen und ihren Favoriten anfeuern.<\/p>\n\n\n<div class=\"wp-block-image\">\n<figure class=\"alignleft size-full is-resized\"><img loading=\"lazy\" decoding=\"async\" width=\"688\" height=\"600\" src=\"https:\/\/eventlive-tvproduktion.de\/wp-content\/uploads\/a6e70aa1-fc06-45ce-bfe8-343412e18112.jpg\" alt=\"\" class=\"wp-image-5102\" style=\"width:320px;height:auto\" srcset=\"https:\/\/eventlive-tvproduktion.de\/wp-content\/uploads\/a6e70aa1-fc06-45ce-bfe8-343412e18112.jpg 688w, https:\/\/eventlive-tvproduktion.de\/wp-content\/uploads\/a6e70aa1-fc06-45ce-bfe8-343412e18112-300x262.jpg 300w, https:\/\/eventlive-tvproduktion.de\/wp-content\/uploads\/a6e70aa1-fc06-45ce-bfe8-343412e18112-150x131.jpg 150w\" sizes=\"auto, (max-width: 688px) 100vw, 688px\" \/><\/figure>\n<\/div>\n\n\n<p>Wir laden alle Sportinteressierten ein, dabei zu sein, wenn die besten Teams der Stadt um die begehrte Meisterschaft k\u00e4mpfen. Freuen Sie sich auf ein packendes Turnier voller Emotionen, Taktik und Leidenschaft.<\/p>\n\n\n\n<p>Viel Spa\u00df beim Nachlesen und auf ein tolles Event!<\/p>\n\n\n\n<p><strong>Weitere Informationen:<\/strong><\/p>\n\n\n\n<p>\u2022 <strong>Veranstaltungsort:<\/strong>&nbsp;Helmut-K\u00f6rnig-Halle<\/p>\n\n\n\n<p>\u2022 <strong>Turniertage:<\/strong>&nbsp;11. und 12. Januar<\/p>\n\n\n\n<div class=\"wp-block-buttons is-layout-flex wp-block-buttons-is-layout-flex\">\n<div class=\"wp-block-button\"><a class=\"wp-block-button__link has-light-green-cyan-background-color has-background wp-element-button\" href=\"https:\/\/eventlive-tvproduktion.de\/?page_id=4729\">Spielplan<\/a><\/div>\n\n\n\n<div class=\"wp-block-button\"><a class=\"wp-block-button__link has-vivid-red-background-color has-background wp-element-button\" href=\"https:\/\/eventlive-tvproduktion.de\/?page_id=157\">Aktuell<\/a><\/div>\n\n\n\n<div class=\"wp-block-button\"><a class=\"wp-block-button__link has-vivid-cyan-blue-background-color has-background wp-element-button\" href=\"https:\/\/eventlive-tvproduktion.de\/?page_id=4646\">Neues zur HSM<\/a><\/div>\n\n\n\n<div class=\"wp-block-button\"><a class=\"wp-block-button__link has-cyan-bluish-gray-background-color has-background wp-element-button\" href=\"https:\/\/eventlive-tvproduktion.de\/?p=4846\">Technik<\/a><\/div>\n\n\n\n<div class=\"wp-block-button\"><a class=\"wp-block-button__link has-vivid-red-background-color has-background wp-element-button\" href=\"https:\/\/www.youtube.com\/@Event-LiveDo\">YouTube<\/a><\/div>\n\n\n\n<div class=\"wp-block-button\"><a class=\"wp-block-button__link has-vivid-red-background-color has-background wp-element-button\" href=\"https:\/\/eventlive-tvproduktion.de\/?page_id=4906\">Videos HSM<\/a><\/div>\n<\/div>\n\n\n\n<figure class=\"wp-block-table\"><table class=\"has-light-green-cyan-background-color has-background\"><thead><tr><th class=\"has-text-align-left\" data-align=\"left\">Stadtmeisterschaft<\/th><th>Endrunde 2025<\/th><th class=\"has-text-align-center\" data-align=\"center\">Ergebnis.<\/th><th>Info<\/th><\/tr><tr><th class=\"has-text-align-left\" data-align=\"left\">Gruppe 1<\/th><th><strong>ASC 09 Do. Mengede 08\/20, TuS Hannibal<\/strong><\/th><th class=\"has-text-align-center\" data-align=\"center\"><\/th><th><\/th><\/tr><tr><th class=\"has-text-align-left\" data-align=\"left\">Gruppe 2<\/th><th><strong>SV Brackel 06, H\u00f6rder SC, <\/strong>BSV Sch\u00fcren<\/th><th class=\"has-text-align-center\" data-align=\"center\"><\/th><th><\/th><\/tr><\/thead><tbody><tr><td class=\"has-text-align-left\" data-align=\"left\"><strong>Gruppe 3<\/strong><\/td><td>Westf. Huckarde,T\u00fcrkspor.TuS B\u00f6vinghausen<\/td><td class=\"has-text-align-center\" data-align=\"center\"><\/td><td><\/td><\/tr><tr><td class=\"has-text-align-left\" data-align=\"left\"><strong>Gruppe 4<\/strong><\/td><td><strong>FC Br\u00fcnningh, VfR S\u00f6lde, Hombrucher SV, <\/strong><\/td><td class=\"has-text-align-center\" data-align=\"center\"><\/td><td><\/td><\/tr><tr><td class=\"has-text-align-left\" data-align=\"left\">Uhrzeit<\/td><td><\/td><td class=\"has-text-align-center\" data-align=\"center\"><\/td><td><\/td><\/tr><tr><td class=\"has-text-align-left\" data-align=\"left\">16:30 Uhr<\/td><td>Mengede 08\/20 &#8211; TuS Hannibal<\/td><td class=\"has-text-align-center\" data-align=\"center\"><\/td><td><\/td><\/tr><tr><td class=\"has-text-align-left\" data-align=\"left\">16:55 Uhr<\/td><td>H\u00f6rder SC &#8211; BSV Sch\u00fcren<\/td><td class=\"has-text-align-center\" data-align=\"center\"><\/td><td><\/td><\/tr><tr><td class=\"has-text-align-left\" data-align=\"left\">17:20 Uhr<\/td><td>T\u00fcrkspor Do. &#8211; TuS B\u00f6vinghausen<\/td><td class=\"has-text-align-center\" data-align=\"center\"><\/td><td><\/td><\/tr><tr><td class=\"has-text-align-left\" data-align=\"left\">17:45 Uhr<\/td><td>VfR S\u00f6lde &#8211; Hombrucher SV, <\/td><td class=\"has-text-align-center\" data-align=\"center\"><\/td><td><\/td><\/tr><tr><td class=\"has-text-align-left\" data-align=\"left\"><\/td><td><\/td><td class=\"has-text-align-center\" data-align=\"center\"><\/td><td><\/td><\/tr><tr><td class=\"has-text-align-left\" data-align=\"left\">18:15 Uhr<\/td><td>ASC 09 Do. &#8211; Mengede 08\/20<\/td><td class=\"has-text-align-center\" data-align=\"center\"><\/td><td><\/td><\/tr><tr><td class=\"has-text-align-left\" data-align=\"left\">18:40 Uhr<\/td><td>SV Brackel 06 &#8211; H\u00f6rder SC<\/td><td class=\"has-text-align-center\" data-align=\"center\"><\/td><td><\/td><\/tr><tr><td class=\"has-text-align-left\" data-align=\"left\">19:05 Uhr<\/td><td>Westf. Huckarde &#8211; T\u00fcrkspor Do.<\/td><td class=\"has-text-align-center\" data-align=\"center\"><\/td><td><\/td><\/tr><tr><td class=\"has-text-align-left\" data-align=\"left\">19:30 Uhr<\/td><td>FC Br\u00fcnninghausen &#8211; VfR S\u00f6lde<\/td><td class=\"has-text-align-center\" data-align=\"center\"><\/td><td><\/td><\/tr><tr><td class=\"has-text-align-left\" data-align=\"left\"><\/td><td><\/td><td class=\"has-text-align-center\" data-align=\"center\"><\/td><td><\/td><\/tr><tr><td class=\"has-text-align-left\" data-align=\"left\">20:00 Uhr<\/td><td>TuS Hannibal &#8211; ASC 09 Do.<\/td><td class=\"has-text-align-center\" data-align=\"center\"><\/td><td><\/td><\/tr><tr><td class=\"has-text-align-left\" data-align=\"left\">20:25 Uhr<\/td><td>BSV Sch\u00fcren &#8211; V Brackel 06<\/td><td class=\"has-text-align-center\" data-align=\"center\"><\/td><td><\/td><\/tr><tr><td class=\"has-text-align-left\" data-align=\"left\">20:50 Uhr<\/td><td>TuS B\u00f6vinghausen &#8211; Westf. Huckarde,<\/td><td class=\"has-text-align-center\" data-align=\"center\"><\/td><td><\/td><\/tr><tr><td class=\"has-text-align-left\" data-align=\"left\">21:15 Uhr<\/td><td>Hombrucher SV  &#8211; FC Br\u00fcnninghausen<\/td><td class=\"has-text-align-center\" data-align=\"center\"><\/td><td><\/td><\/tr><\/tbody><\/table><\/figure>\n","protected":false},"excerpt":{"rendered":"<p>Am heutigen Sonntag wurden die Gruppen der Endrunde der 39. Hallenfu\u00dfball-Stadtmeisterschaft ausgelost. Das traditionsreiche Turnier, das bereits seit Jahrzehnten die Fu\u00dfballbegeisterten der Region anzieht, wird am&nbsp;11. und 12. Januar&nbsp;in der&nbsp;Helmut-K\u00f6rnig-Halle&nbsp;ausgetragen. Der Beginn des M\u00e4nnerturniers verspricht spannende Begegnungen und hochklassigen Hallenfu\u00dfball. Die ausgelosten Gruppen versprechen spannende Duelle und beste Unterhaltung f\u00fcr Fans und Spieler. Die komplette [&hellip;]<\/p>\n","protected":false},"author":5,"featured_media":5115,"comment_status":"closed","ping_status":"open","sticky":false,"template":"","format":"standard","meta":{"footnotes":""},"categories":[31,2],"tags":[13,113,37,26],"class_list":["post-5142","post","type-post","status-publish","format-standard","has-post-thumbnail","hentry","category-aktuelles","category-startseite","tag-dortmund","tag-stadtmeisterschaft","tag-tv-produktion","tag-wellinghofen"],"_links":{"self":[{"href":"https:\/\/eventlive-tvproduktion.de\/index.php?rest_route=\/wp\/v2\/posts\/5142","targetHints":{"allow":["GET"]}}],"collection":[{"href":"https:\/\/eventlive-tvproduktion.de\/index.php?rest_route=\/wp\/v2\/posts"}],"about":[{"href":"https:\/\/eventlive-tvproduktion.de\/index.php?rest_route=\/wp\/v2\/types\/post"}],"author":[{"embeddable":true,"href":"https:\/\/eventlive-tvproduktion.de\/index.php?rest_route=\/wp\/v2\/users\/5"}],"replies":[{"embeddable":true,"href":"https:\/\/eventlive-tvproduktion.de\/index.php?rest_route=%2Fwp%2Fv2%2Fcomments&post=5142"}],"version-history":[{"count":6,"href":"https:\/\/eventlive-tvproduktion.de\/index.php?rest_route=\/wp\/v2\/posts\/5142\/revisions"}],"predecessor-version":[{"id":5149,"href":"https:\/\/eventlive-tvproduktion.de\/index.php?rest_route=\/wp\/v2\/posts\/5142\/revisions\/5149"}],"wp:featuredmedia":[{"embeddable":true,"href":"https:\/\/eventlive-tvproduktion.de\/index.php?rest_route=\/wp\/v2\/media\/5115"}],"wp:attachment":[{"href":"https:\/\/eventlive-tvproduktion.de\/index.php?rest_route=%2Fwp%2Fv2%2Fmedia&parent=5142"}],"wp:term":[{"taxonomy":"category","embeddable":true,"href":"https:\/\/eventlive-tvproduktion.de\/index.php?rest_route=%2Fwp%2Fv2%2Fcategories&post=5142"},{"taxonomy":"post_tag","embeddable":true,"href":"https:\/\/eventlive-tvproduktion.de\/index.php?rest_route=%2Fwp%2Fv2%2Ftags&post=5142"}],"curies":[{"name":"wp","href":"https:\/\/api.w.org\/{rel}","templated":true}]}}