{"id":5162,"date":"2025-01-08T10:13:49","date_gmt":"2025-01-08T09:13:49","guid":{"rendered":"https:\/\/eventlive-tvproduktion.de\/?p=5162"},"modified":"2025-01-08T10:13:51","modified_gmt":"2025-01-08T09:13:51","slug":"markus-auf-der-schlagercouch","status":"publish","type":"post","link":"https:\/\/eventlive-tvproduktion.de\/?p=5162","title":{"rendered":"Markus auf der Schlagercouch"},"content":{"rendered":"\n<p>Die \u201cSchlagercouch\u201d feiert ein beeindruckendes Doppeljubil\u00e4um: F\u00fcnf Jahre nach ihrer Gr\u00fcndung im November 2019 steht nun die 200. Folge der beliebten Talkshow an. Die Moderatoren Uwe Kisker und Nicole Kruse, die seit der ersten Sendung dabei sind, haben mit ihrer Leidenschaft und ihrem Engagement ma\u00dfgeblich zum Erfolg der Show beigetragen.<\/p>\n\n\n\n<p>Anl\u00e4sslich der Jubil\u00e4umsausgabe begr\u00fc\u00dfen sie besondere G\u00e4ste: Markus, Ikone der Neuen Deutschen Welle, und seine Ehefrau, die Schlagers\u00e4ngerin Yvonne K\u00f6nig. Markus, bekannt durch Hits wie \u201cIch will Spa\u00df\u201d und \u201cKleine Taschenlampe brenn\u2019\u201d, gibt Einblicke in seine Karriere und die Entstehung der NDW. Yvonne K\u00f6nig spricht \u00fcber die Zusammenarbeit mit Markus und das Leben als K\u00fcnstlerpaar. Musikalisch d\u00fcrfen sich die Zuschauer auf aktuelle Videoclips der beiden freuen, darunter \u201cBlutjunge Herzen\u201d, \u201cHelden\u201d und das Duett \u201cSummer of the 80s\u201d. Ein besonderer Moment ist Yvonnes Darbietung des Songs \u201cDoch nun wei\u00df ich, dass du es bist\u201d, eine Hommage an Markus.<\/p>\n\n\n\n<p>Die Jubil\u00e4umsfolge wird ab dem 9. Januar 2025 in der Mediathek verf\u00fcgbar sein und ab dem 14. Januar 2025 im TV ausgestrahlt. Die \u201cSchlagercouch\u201d hat sich in den vergangenen f\u00fcnf Jahren zu einer festen Gr\u00f6\u00dfe in der deutschen Schlagerszene entwickelt. Gegr\u00fcndet w\u00e4hrend der Corona-Pandemie, als Live-Auftritte kaum m\u00f6glich waren, bot sie K\u00fcnstlern eine Plattform, um ihre Musik zu pr\u00e4sentieren. Seit der ersten Folge am 5. November 2019 auf NRWision haben \u00fcber 200 K\u00fcnstlerinnen und K\u00fcnstler aus Deutschland, den Niederlanden, Belgien, \u00d6sterreich und der Schweiz auf der ber\u00fchmten Couch Platz genommen.<\/p>\n\n\n\n<figure class=\"wp-block-gallery alignleft has-nested-images columns-default is-cropped wp-block-gallery-1 is-layout-flex wp-block-gallery-is-layout-flex\">\n<figure class=\"wp-block-image size-large\"><img loading=\"lazy\" decoding=\"async\" width=\"768\" height=\"550\" data-id=\"5163\" src=\"https:\/\/eventlive-tvproduktion.de\/wp-content\/uploads\/18E2F7BF-48F5-4314-9C7A-1A6D1AA6D678_1_102_a-768x550.jpeg\" alt=\"\" class=\"wp-image-5163\" srcset=\"https:\/\/eventlive-tvproduktion.de\/wp-content\/uploads\/18E2F7BF-48F5-4314-9C7A-1A6D1AA6D678_1_102_a-768x550.jpeg 768w, https:\/\/eventlive-tvproduktion.de\/wp-content\/uploads\/18E2F7BF-48F5-4314-9C7A-1A6D1AA6D678_1_102_a-300x215.jpeg 300w, https:\/\/eventlive-tvproduktion.de\/wp-content\/uploads\/18E2F7BF-48F5-4314-9C7A-1A6D1AA6D678_1_102_a-150x107.jpeg 150w, https:\/\/eventlive-tvproduktion.de\/wp-content\/uploads\/18E2F7BF-48F5-4314-9C7A-1A6D1AA6D678_1_102_a.jpeg 800w\" sizes=\"auto, (max-width: 768px) 100vw, 768px\" \/><\/figure>\n<\/figure>\n\n\n\n<p>F\u00fcr die Zukunft plant das Team weitere spannende Sendungen. Geplante G\u00e4ste sind unter anderem Dieter Dornig aus M\u00fcnchen, Ria Maria aus J\u00fcchen, Thomas Sterner aus Essen und die Original Austrian Schlager Girls. Die \u201cSchlagercouch\u201d wird w\u00f6chentlich ausgestrahlt auf NRWision &nbsp;und ist jederzeit in der Mediathek unter&nbsp;<a href=\"https:\/\/www.schlagercouch.de\/\">www.schlagercouch.de<\/a>&nbsp;abrufbar. Uwe Kisker und Nicole Kruse freuen sich auf viele weitere Sendungen mit interessanten G\u00e4sten.<\/p>\n\n\n\n<p>Mit ihrer Mischung aus pers\u00f6nlichen Gespr\u00e4chen, musikalischen Highlights und famili\u00e4rer Atmosph\u00e4re bleibt die \u201cSchlagercouch\u201d ein unverzichtbares Format f\u00fcr alle Schlagerliebhaber.<\/p>\n\n\n\n<p>Die \u201cSchlagercouch\u201d hat in den vergangenen f\u00fcnf Jahren zahlreiche bekannte K\u00fcnstlerinnen und K\u00fcnstler begr\u00fc\u00dft und sich als feste Gr\u00f6\u00dfe in der deutschen Schlagerszene etabliert. Moderiert von Uwe Kisker und Nicole Kruse, bietet die Sendung eine Plattform f\u00fcr pers\u00f6nliche Gespr\u00e4che und musikalische Darbietungen.<\/p>\n\n\n\n<p>Ein besonderes Highlight war die Jubil\u00e4umsausgabe mit Markus, dem Star der Neuen Deutschen Welle, und seiner Ehefrau, der erfolgreichen Schlagers\u00e4ngerin Yvonne K\u00f6nig. In dieser Sendung gaben die beiden exklusive Einblicke in ihre Karriere und pr\u00e4sentierten aktuelle Videoclips wie \u201cBlutjunge Herzen\u201d, \u201cHelden\u201d und ihr gemeinsames Duett \u201cSummer of the 80s\u201d.<\/p>\n\n\n\n<p>Die \u201cSchlagercouch\u201d wird w\u00f6chentlich ausgestrahlt und ist jederzeit in der Mediathek unter&nbsp;<a href=\"https:\/\/www.schlagercouch.de\/\">www.schlagercouch.de<\/a>&nbsp;abrufbar. Uwe Kisker und Nicole Kruse freuen sich auf viele weitere Sendungen mit interessanten G\u00e4sten.<\/p>\n","protected":false},"excerpt":{"rendered":"<p>Die \u201cSchlagercouch\u201d feiert ein beeindruckendes Doppeljubil\u00e4um: F\u00fcnf Jahre nach ihrer Gr\u00fcndung im November 2019 steht nun die 200. Folge der beliebten Talkshow an. Die Moderatoren Uwe Kisker und Nicole Kruse, die seit der ersten Sendung dabei sind, haben mit ihrer Leidenschaft und ihrem Engagement ma\u00dfgeblich zum Erfolg der Show beigetragen. Anl\u00e4sslich der Jubil\u00e4umsausgabe begr\u00fc\u00dfen sie [&hellip;]<\/p>\n","protected":false},"author":5,"featured_media":5164,"comment_status":"closed","ping_status":"open","sticky":false,"template":"","format":"standard","meta":{"footnotes":""},"categories":[31,2],"tags":[13,291,99,130,144,50,105,37,98],"class_list":["post-5162","post","type-post","status-publish","format-standard","has-post-thumbnail","hentry","category-aktuelles","category-startseite","tag-dortmund","tag-markus","tag-nicole-kruse","tag-party","tag-schlager","tag-schlagercouch","tag-show","tag-tv-produktion","tag-uwe-kisker"],"_links":{"self":[{"href":"https:\/\/eventlive-tvproduktion.de\/index.php?rest_route=\/wp\/v2\/posts\/5162","targetHints":{"allow":["GET"]}}],"collection":[{"href":"https:\/\/eventlive-tvproduktion.de\/index.php?rest_route=\/wp\/v2\/posts"}],"about":[{"href":"https:\/\/eventlive-tvproduktion.de\/index.php?rest_route=\/wp\/v2\/types\/post"}],"author":[{"embeddable":true,"href":"https:\/\/eventlive-tvproduktion.de\/index.php?rest_route=\/wp\/v2\/users\/5"}],"replies":[{"embeddable":true,"href":"https:\/\/eventlive-tvproduktion.de\/index.php?rest_route=%2Fwp%2Fv2%2Fcomments&post=5162"}],"version-history":[{"count":1,"href":"https:\/\/eventlive-tvproduktion.de\/index.php?rest_route=\/wp\/v2\/posts\/5162\/revisions"}],"predecessor-version":[{"id":5165,"href":"https:\/\/eventlive-tvproduktion.de\/index.php?rest_route=\/wp\/v2\/posts\/5162\/revisions\/5165"}],"wp:featuredmedia":[{"embeddable":true,"href":"https:\/\/eventlive-tvproduktion.de\/index.php?rest_route=\/wp\/v2\/media\/5164"}],"wp:attachment":[{"href":"https:\/\/eventlive-tvproduktion.de\/index.php?rest_route=%2Fwp%2Fv2%2Fmedia&parent=5162"}],"wp:term":[{"taxonomy":"category","embeddable":true,"href":"https:\/\/eventlive-tvproduktion.de\/index.php?rest_route=%2Fwp%2Fv2%2Fcategories&post=5162"},{"taxonomy":"post_tag","embeddable":true,"href":"https:\/\/eventlive-tvproduktion.de\/index.php?rest_route=%2Fwp%2Fv2%2Ftags&post=5162"}],"curies":[{"name":"wp","href":"https:\/\/api.w.org\/{rel}","templated":true}]}}