{"id":5427,"date":"2025-02-07T15:07:36","date_gmt":"2025-02-07T14:07:36","guid":{"rendered":"https:\/\/eventlive-tvproduktion.de\/?p=5427"},"modified":"2025-02-07T15:12:43","modified_gmt":"2025-02-07T14:12:43","slug":"borussia-dortmund-verpflichtet-weltklasse-rueckraumspielerin-lois-abbingh","status":"publish","type":"post","link":"https:\/\/eventlive-tvproduktion.de\/?p=5427","title":{"rendered":"Borussia Dortmund verpflichtet Weltklasse-R\u00fcckraumspielerin Lois Abbingh"},"content":{"rendered":"\n<p>Kurz vor dem wichtigen European-League-Spiel am Sonntag (14 Uhr, Westpress Arena in Hamm) gegen das d\u00e4nische Spitzenteam Ikast Handbold vermelden die Handballerinnen des BVB einen Top-Transfer: Mit der Niederl\u00e4nderin Lois Abbingh verst\u00e4rkt eine international erfahrene R\u00fcckraumspielerin das Team. Die dreimalige Olympiateilnehmerin und Weltmeisterin von 2019 mit der niederl\u00e4ndischen Nationalmannschaft hat einen Vertrag bis Juni 2026 beim Tabellenzweiten der Handball-Bundesliga der Frauen unterschrieben.<\/p>\n\n\n\n<p>Abbingh wird ab sofort Teil des Kaders sein, ist allerdings im Spiel gegen Ikast noch nicht spielberechtigt. Eine Spielgenehmigung k\u00f6nnte jedoch bereits f\u00fcr das Bundesliga-Duell am Mittwoch gegen den TSV Bayer Leverkusen vorliegen. BVB-Trainer Henk Groener zeigt sich optimistisch: \u201eMit ihrer internationalen Erfahrung wird Lois ein wichtiger Bestandteil unserer Mannschaft sein.\u201c<\/p>\n\n\n\n<p>Erfahrene Spielerin mit internationaler Klasse<\/p>\n\n\n\n<p>Die 1,77 Meter gro\u00dfe R\u00fcckraumspielerin ist flexibel einsetzbar und hat in ihrer Karriere bereits in zahlreichen europ\u00e4ischen Top-Ligen gespielt. 2023 wechselte sie vom d\u00e4nischen Klub Odense H\u00e5ndbold nach Kristiansand. Zuvor sammelte sie Erfahrung in Russland, Frankreich, Rum\u00e4nien und Deutschland. Die Bundesliga war Abbinghs erste Station au\u00dferhalb ihrer Heimat: Von 2010 bis 2014 lief sie f\u00fcr den VfL Oldenburg auf und gewann 2012 mit dem Team den DHB-Pokal.<\/p>\n\n\n\n<p>Mit der niederl\u00e4ndischen Nationalmannschaft bestritt Abbingh insgesamt 216 L\u00e4nderspiele und erzielte dabei beeindruckende 902 Tore. Sie nahm an drei Olympischen Spielen teil und gewann f\u00fcnf Medaillen bei Welt- und Europameisterschaften. Ein H\u00f6hepunkt ihrer Karriere war die Weltmeisterschaft 2019, bei der sie im Finale gegen Spanien den entscheidenden Siebenmeter verwandelte und die Niederlande damit zum Titel f\u00fchrte.<\/p>\n\n\n\n<p>BVB-Verantwortliche begeistert von der Neuverpflichtung<\/p>\n\n\n\n<p>Andreas Kuno, stellvertretender Abteilungsleiter der BVB-Handballabteilung, zeigt sich hochzufrieden mit dem Transfer: \u201eWir freuen uns, dass uns dieser Top-Transfer gelungen ist. Das war viel Arbeit, aber wir haben unsere Hausaufgaben erledigt. Wir haben in den Gespr\u00e4chen gesp\u00fcrt, dass auch Spielerinnen von Lois Abbinghs Format den BVB auf dem Schirm haben. Lois ist eine optimale punktuelle Verst\u00e4rkung f\u00fcr unsere Mannschaft.\u201c<\/p>\n\n\n\n<p>Auch Yasmin Yusif-H\u00fcgle, Sportliche Leiterin der BVB-Handball-Damen, hebt die Qualit\u00e4ten der Niederl\u00e4nderin hervor: \u201eLois bringt enorme Erfahrung mit. Sie hat jahrelang mit unserem Trainer Henk Groener in der Nationalmannschaft zusammengearbeitet und kennt hier viele Spielerinnen. Auch die Bundesliga ist ihr nicht neu. Die Integration ins Team wird daher nicht so schwer werden. Sie zeigt enormen Ehrgeiz, mit uns die angestrebten Saisonziele zu erreichen. Wir haben gro\u00dfes Vertrauen in unseren Neuzugang. Angesichts der zahlreichen Spiele und der kommenden Play-off-Runde ist die Belastung riesig gro\u00df. Mit diesem Transfer ist unser Kader breiter geworden, zumal Lois \u00e4u\u00dferst flexibel einsetzbar ist.\u201c<\/p>\n\n\n\n<p>Abbingh freut sich auf den BVB<\/p>\n\n\n\n<p>Auch die Spielerin selbst blickt voller Vorfreude auf ihre neue Aufgabe: \u201eIch habe in meiner Karriere bereits in vielen starken Ligen gespielt, und die Bundesliga hat sich enorm weiterentwickelt. Der BVB ist ein ambitionierter Verein mit gro\u00dfen Zielen, und ich m\u00f6chte meinen Teil dazu beitragen, dass wir diese erreichen. Ich kenne einige meiner neuen Mitspielerinnen bereits aus der Nationalmannschaft oder aus vorherigen Stationen, das wird mir die Eingew\u00f6hnung erleichtern.\u201c<\/p>\n\n\n\n<p>BVB-Trainer Henk Groener sieht in Abbingh eine wertvolle Erg\u00e4nzung f\u00fcr sein Team: \u201eLois ist eine Spielerin mit au\u00dfergew\u00f6hnlichem Spielverst\u00e4ndnis, hoher Abschlussqualit\u00e4t und viel internationaler Erfahrung. Sie wird uns nicht nur mit ihrer individuellen Klasse helfen, sondern auch unsere jungen Spielerinnen mit ihrer Routine und Professionalit\u00e4t weiterbringen.\u201c<\/p>\n\n\n\n<p>Der Transfer kommt f\u00fcr Borussia Dortmund in einer entscheidenden Phase der Saison. Die Schwarz-Gelben k\u00e4mpfen nicht nur um die Meisterschaft in der Bundesliga, sondern wollen auch in der European League so weit wie m\u00f6glich kommen. Mit Abbingh gewinnt das Team zus\u00e4tzliche Variabilit\u00e4t im Angriff und eine weitere verl\u00e4ssliche Option im R\u00fcckraum.<\/p>\n\n\n\n<p>Nun liegt der Fokus zun\u00e4chst auf dem kommenden Duell gegen Ikast Handbold. Auch wenn Abbingh dabei noch nicht spielberechtigt ist, wird sie ihr neues Team in der Westpress Arena unterst\u00fctzen und sich intensiv auf ihr m\u00f6gliches Deb\u00fct im Bundesliga-Spiel gegen Bayer Leverkusen vorbereiten.<\/p>\n\n\n<div  class=\"ultp-post-grid-block wp-block-ultimate-post-post-grid-2 ultp-block-1794a6\"><div class=\"ultp-block-wrapper\"><div class=\"ultp-loading\"><div class=\"ultp-loading-blocks\" style=\"width:100%;height:100%;\"><div style=\"left: 0;top: 0;animation-delay:0s;\"><\/div><div style=\"left: 21px;top: 0;animation-delay:0.125s;\"><\/div><div style=\"left: 42px;top: 0;animation-delay:0.25s;\"><\/div><div style=\"left: 0;top: 21px;animation-delay:0.875s;\"><\/div><div style=\"left: 42px;top: 21px;animation-delay:0.375s;\"><\/div><div style=\"left: 0;top: 42px;animation-delay:0.75s;\"><\/div><div style=\"left: 42px;top: 42px;animation-delay:0.625s;\"><\/div><div style=\"left: 21px;top: 42px;animation-delay:0.5s;\"><\/div><\/div><\/div><div class=\"ultp-block-items-wrap ultp-block-row\"><div class=\"ultp-block-item post-id-7703\"><div class=\"ultp-block-content-wrap ultp-block-content-overlay\"><div class=\"ultp-block-image ultp-block-image-zoomOut ultp-block-image-overlay ultp-block-image-flat\"><a href=\"https:\/\/eventlive-tvproduktion.de\/?p=7703\" ><img decoding=\"async\"  alt=\"&#x1f389; 250. Ausgabe der \u201eSchlagercouch\u201c \u2013 Jubil\u00e4umssendung mit Olaf Henning erfolgreich produziert &#x1f3a4;\"  src=\"https:\/\/eventlive-tvproduktion.de\/wp-content\/uploads\/0423_Sport-Live-Schlagercouch-250-Schuetze-011.jpg\" \/><\/a><\/div><div class=\"ultp-block-content ultp-block-content-bottomPosition\"><div class=\"ultp-block-content-inner\"><div class=\"ultp-category-grid ultp-category-classic ultp-category-aboveTitle\"><div class=\"ultp-category-in\"><a class=\"ultp-cat-aktuelles\" href=\"https:\/\/eventlive-tvproduktion.de\/?cat=31\"  >Aktuelles<\/a><a class=\"ultp-cat-startseite\" href=\"https:\/\/eventlive-tvproduktion.de\/?cat=2\"  >Startseite<\/a><\/div><\/div><h3 class=\"ultp-block-title \"><a href=\"https:\/\/eventlive-tvproduktion.de\/?p=7703\" >&#x1f389; 250. Ausgabe der \u201eSchlagercouch\u201c \u2013 Jubil\u00e4umssendung mit Olaf Henning erfolgreich produziert &#x1f3a4;<\/a><\/h3><div class=\"ultp-block-meta ultp-block-meta-dot ultp-block-meta-icon\"><span class=\"ultp-block-author ultp-block-meta-element\"><svg xmlns=\"http:\/\/www.w3.org\/2000\/svg\" fill=\"none\" viewBox=\"0 0 24 24\">\n  <circle cx=\"12\" cy=\"7\" r=\"4\" stroke=\"currentColor\" stroke-linejoin=\"round\" stroke-width=\"1.5\"\/>\n  <path stroke=\"currentColor\" stroke-linecap=\"round\" stroke-linejoin=\"round\" stroke-width=\"1.5\" d=\"M4 21v-3a4 4 0 0 1 4-4h8a4 4 0 0 1 4 4v3\"\/>\n<\/svg>\n<a class=\"\" href=\"https:\/\/eventlive-tvproduktion.de\/?author=5\">Uwe Kisker<\/a><\/span><span class=\"ultp-block-date ultp-block-meta-element\"><svg xmlns=\"http:\/\/www.w3.org\/2000\/svg\" fill=\"none\" viewBox=\"0 0 24 24\">\n  <path stroke=\"currentColor\" stroke-linecap=\"round\" stroke-linejoin=\"round\" stroke-width=\"1.5\" d=\"M3 5.5a2 2 0 0 1 2-2h14a2 2 0 0 1 2 2v14a2 2 0 0 1-2 2H5a2 2 0 0 1-2-2v-14ZM8 2v3m8-3v3M3 9h18\"\/>\n<\/svg>\nApr. 26, 2026<\/span><\/div><\/div><\/div><\/div><\/div><div class=\"ultp-block-item post-id-7688\"><div class=\"ultp-block-content-wrap ultp-block-content-overlay\"><div class=\"ultp-block-image ultp-block-image-zoomOut ultp-block-image-overlay ultp-block-image-flat\"><a href=\"https:\/\/eventlive-tvproduktion.de\/?p=7688\" ><img decoding=\"async\"  alt=\"Dreharbeiten am Dortmund Airport im Auftrag des Flughafens\"  src=\"https:\/\/eventlive-tvproduktion.de\/wp-content\/uploads\/IMG_2864-2.jpg\" \/><\/a><\/div><div class=\"ultp-block-content ultp-block-content-bottomPosition\"><div class=\"ultp-block-content-inner\"><div class=\"ultp-category-grid ultp-category-classic ultp-category-aboveTitle\"><div class=\"ultp-category-in\"><a class=\"ultp-cat-aktuelles\" href=\"https:\/\/eventlive-tvproduktion.de\/?cat=31\"  >Aktuelles<\/a><a class=\"ultp-cat-startseite\" href=\"https:\/\/eventlive-tvproduktion.de\/?cat=2\"  >Startseite<\/a><\/div><\/div><h3 class=\"ultp-block-title \"><a href=\"https:\/\/eventlive-tvproduktion.de\/?p=7688\" >Dreharbeiten am Dortmund Airport im Auftrag des Flughafens<\/a><\/h3><div class=\"ultp-block-meta ultp-block-meta-dot ultp-block-meta-icon\"><span class=\"ultp-block-author ultp-block-meta-element\"><svg xmlns=\"http:\/\/www.w3.org\/2000\/svg\" fill=\"none\" viewBox=\"0 0 24 24\">\n  <circle cx=\"12\" cy=\"7\" r=\"4\" stroke=\"currentColor\" stroke-linejoin=\"round\" stroke-width=\"1.5\"\/>\n  <path stroke=\"currentColor\" stroke-linecap=\"round\" stroke-linejoin=\"round\" stroke-width=\"1.5\" d=\"M4 21v-3a4 4 0 0 1 4-4h8a4 4 0 0 1 4 4v3\"\/>\n<\/svg>\n<a class=\"\" href=\"https:\/\/eventlive-tvproduktion.de\/?author=5\">Uwe Kisker<\/a><\/span><span class=\"ultp-block-date ultp-block-meta-element\"><svg xmlns=\"http:\/\/www.w3.org\/2000\/svg\" fill=\"none\" viewBox=\"0 0 24 24\">\n  <path stroke=\"currentColor\" stroke-linecap=\"round\" stroke-linejoin=\"round\" stroke-width=\"1.5\" d=\"M3 5.5a2 2 0 0 1 2-2h14a2 2 0 0 1 2 2v14a2 2 0 0 1-2 2H5a2 2 0 0 1-2-2v-14ZM8 2v3m8-3v3M3 9h18\"\/>\n<\/svg>\nApr. 16, 2026<\/span><\/div><\/div><\/div><\/div><\/div><div class=\"ultp-block-item post-id-7683\"><div class=\"ultp-block-content-wrap ultp-block-content-overlay\"><div class=\"ultp-block-image ultp-block-image-zoomOut ultp-block-image-overlay ultp-block-image-flat\"><a href=\"https:\/\/eventlive-tvproduktion.de\/?p=7683\" ><img decoding=\"async\"  alt=\"250. Sendung Schlagercouch im Mai 2026\"  src=\"https:\/\/eventlive-tvproduktion.de\/wp-content\/uploads\/olaf.jpg\" \/><\/a><\/div><div class=\"ultp-block-content ultp-block-content-bottomPosition\"><div class=\"ultp-block-content-inner\"><div class=\"ultp-category-grid ultp-category-classic ultp-category-aboveTitle\"><div class=\"ultp-category-in\"><a class=\"ultp-cat-aktuelles\" href=\"https:\/\/eventlive-tvproduktion.de\/?cat=31\"  >Aktuelles<\/a><a class=\"ultp-cat-startseite\" href=\"https:\/\/eventlive-tvproduktion.de\/?cat=2\"  >Startseite<\/a><\/div><\/div><h3 class=\"ultp-block-title \"><a href=\"https:\/\/eventlive-tvproduktion.de\/?p=7683\" >250. Sendung Schlagercouch im Mai 2026<\/a><\/h3><div class=\"ultp-block-meta ultp-block-meta-dot ultp-block-meta-icon\"><span class=\"ultp-block-author ultp-block-meta-element\"><svg xmlns=\"http:\/\/www.w3.org\/2000\/svg\" fill=\"none\" viewBox=\"0 0 24 24\">\n  <circle cx=\"12\" cy=\"7\" r=\"4\" stroke=\"currentColor\" stroke-linejoin=\"round\" stroke-width=\"1.5\"\/>\n  <path stroke=\"currentColor\" stroke-linecap=\"round\" stroke-linejoin=\"round\" stroke-width=\"1.5\" d=\"M4 21v-3a4 4 0 0 1 4-4h8a4 4 0 0 1 4 4v3\"\/>\n<\/svg>\n<a class=\"\" href=\"https:\/\/eventlive-tvproduktion.de\/?author=5\">Uwe Kisker<\/a><\/span><span class=\"ultp-block-date ultp-block-meta-element\"><svg xmlns=\"http:\/\/www.w3.org\/2000\/svg\" fill=\"none\" viewBox=\"0 0 24 24\">\n  <path stroke=\"currentColor\" stroke-linecap=\"round\" stroke-linejoin=\"round\" stroke-width=\"1.5\" d=\"M3 5.5a2 2 0 0 1 2-2h14a2 2 0 0 1 2 2v14a2 2 0 0 1-2 2H5a2 2 0 0 1-2-2v-14ZM8 2v3m8-3v3M3 9h18\"\/>\n<\/svg>\nApr. 13, 2026<\/span><\/div><\/div><\/div><\/div><\/div><div class=\"ultp-block-item post-id-7671\"><div class=\"ultp-block-content-wrap ultp-block-content-overlay\"><div class=\"ultp-block-image ultp-block-image-zoomOut ultp-block-image-overlay ultp-block-image-flat\"><a href=\"https:\/\/eventlive-tvproduktion.de\/?p=7671\" ><img decoding=\"async\"  alt=\"Die Zuschauer erlebten eine intensive und abwechslungsreiche Partie 36:33\"  src=\"https:\/\/eventlive-tvproduktion.de\/wp-content\/uploads\/94A68EA5-977D-4A52-A7FB-458E3D2E73B1_4_5005_c.jpeg\" \/><\/a><\/div><div class=\"ultp-block-content ultp-block-content-bottomPosition\"><div class=\"ultp-block-content-inner\"><div class=\"ultp-category-grid ultp-category-classic ultp-category-aboveTitle\"><div class=\"ultp-category-in\"><a class=\"ultp-cat-aktuelles\" href=\"https:\/\/eventlive-tvproduktion.de\/?cat=31\"  >Aktuelles<\/a><a class=\"ultp-cat-startseite\" href=\"https:\/\/eventlive-tvproduktion.de\/?cat=2\"  >Startseite<\/a><\/div><\/div><h3 class=\"ultp-block-title \"><a href=\"https:\/\/eventlive-tvproduktion.de\/?p=7671\" >Die Zuschauer erlebten eine intensive und abwechslungsreiche Partie 36:33<\/a><\/h3><div class=\"ultp-block-meta ultp-block-meta-dot ultp-block-meta-icon\"><span class=\"ultp-block-author ultp-block-meta-element\"><svg xmlns=\"http:\/\/www.w3.org\/2000\/svg\" fill=\"none\" viewBox=\"0 0 24 24\">\n  <circle cx=\"12\" cy=\"7\" r=\"4\" stroke=\"currentColor\" stroke-linejoin=\"round\" stroke-width=\"1.5\"\/>\n  <path stroke=\"currentColor\" stroke-linecap=\"round\" stroke-linejoin=\"round\" stroke-width=\"1.5\" d=\"M4 21v-3a4 4 0 0 1 4-4h8a4 4 0 0 1 4 4v3\"\/>\n<\/svg>\n<a class=\"\" href=\"https:\/\/eventlive-tvproduktion.de\/?author=5\">Uwe Kisker<\/a><\/span><span class=\"ultp-block-date ultp-block-meta-element\"><svg xmlns=\"http:\/\/www.w3.org\/2000\/svg\" fill=\"none\" viewBox=\"0 0 24 24\">\n  <path stroke=\"currentColor\" stroke-linecap=\"round\" stroke-linejoin=\"round\" stroke-width=\"1.5\" d=\"M3 5.5a2 2 0 0 1 2-2h14a2 2 0 0 1 2 2v14a2 2 0 0 1-2 2H5a2 2 0 0 1-2-2v-14ZM8 2v3m8-3v3M3 9h18\"\/>\n<\/svg>\nApr. 2, 2026<\/span><\/div><\/div><\/div><\/div><\/div><div class=\"ultp-block-item post-id-7654\"><div class=\"ultp-block-content-wrap ultp-block-content-overlay\"><div class=\"ultp-block-image ultp-block-image-zoomOut ultp-block-image-overlay ultp-block-image-flat\"><a href=\"https:\/\/eventlive-tvproduktion.de\/?p=7654\" ><img decoding=\"async\"  alt=\"BVB-Handballerinnen gewinnen den DHB-Pokal 2026! &#x1f3c6;&#x1f5a4;&#x1f49b;\"  src=\"https:\/\/eventlive-tvproduktion.de\/wp-content\/uploads\/EE452EA6-8DC5-424E-BDF8-BE8166FF4258-800x570.jpeg\" \/><\/a><\/div><div class=\"ultp-block-content ultp-block-content-bottomPosition\"><div class=\"ultp-block-content-inner\"><div class=\"ultp-category-grid ultp-category-classic ultp-category-aboveTitle\"><div class=\"ultp-category-in\"><a class=\"ultp-cat-aktuelles\" href=\"https:\/\/eventlive-tvproduktion.de\/?cat=31\"  >Aktuelles<\/a><a class=\"ultp-cat-startseite\" href=\"https:\/\/eventlive-tvproduktion.de\/?cat=2\"  >Startseite<\/a><\/div><\/div><h3 class=\"ultp-block-title \"><a href=\"https:\/\/eventlive-tvproduktion.de\/?p=7654\" >BVB-Handballerinnen gewinnen den DHB-Pokal 2026! &#x1f3c6;&#x1f5a4;&#x1f49b;<\/a><\/h3><div class=\"ultp-block-meta ultp-block-meta-dot ultp-block-meta-icon\"><span class=\"ultp-block-author ultp-block-meta-element\"><svg xmlns=\"http:\/\/www.w3.org\/2000\/svg\" fill=\"none\" viewBox=\"0 0 24 24\">\n  <circle cx=\"12\" cy=\"7\" r=\"4\" stroke=\"currentColor\" stroke-linejoin=\"round\" stroke-width=\"1.5\"\/>\n  <path stroke=\"currentColor\" stroke-linecap=\"round\" stroke-linejoin=\"round\" stroke-width=\"1.5\" d=\"M4 21v-3a4 4 0 0 1 4-4h8a4 4 0 0 1 4 4v3\"\/>\n<\/svg>\n<a class=\"\" href=\"https:\/\/eventlive-tvproduktion.de\/?author=5\">Uwe Kisker<\/a><\/span><span class=\"ultp-block-date ultp-block-meta-element\"><svg xmlns=\"http:\/\/www.w3.org\/2000\/svg\" fill=\"none\" viewBox=\"0 0 24 24\">\n  <path stroke=\"currentColor\" stroke-linecap=\"round\" stroke-linejoin=\"round\" stroke-width=\"1.5\" d=\"M3 5.5a2 2 0 0 1 2-2h14a2 2 0 0 1 2 2v14a2 2 0 0 1-2 2H5a2 2 0 0 1-2-2v-14ZM8 2v3m8-3v3M3 9h18\"\/>\n<\/svg>\nM\u00e4rz 15, 2026<\/span><\/div><\/div><\/div><\/div><\/div><div class=\"ultp-block-item post-id-7609\"><div class=\"ultp-block-content-wrap ultp-block-content-overlay\"><div class=\"ultp-block-image ultp-block-image-zoomOut ultp-block-image-overlay ultp-block-image-flat\"><a href=\"https:\/\/eventlive-tvproduktion.de\/?p=7609\" ><img decoding=\"async\"  alt=\"\u201eKamera Kurs\u201c begeistert Teilnehmer \u2013 Praxisnahe Einblicke in die Medienarbeit\"  src=\"https:\/\/eventlive-tvproduktion.de\/wp-content\/uploads\/IMG_2618-800x570.jpg\" \/><\/a><\/div><div class=\"ultp-block-content ultp-block-content-bottomPosition\"><div class=\"ultp-block-content-inner\"><div class=\"ultp-category-grid ultp-category-classic ultp-category-aboveTitle\"><div class=\"ultp-category-in\"><a class=\"ultp-cat-aktuelles\" href=\"https:\/\/eventlive-tvproduktion.de\/?cat=31\"  >Aktuelles<\/a><a class=\"ultp-cat-startseite\" href=\"https:\/\/eventlive-tvproduktion.de\/?cat=2\"  >Startseite<\/a><\/div><\/div><h3 class=\"ultp-block-title \"><a href=\"https:\/\/eventlive-tvproduktion.de\/?p=7609\" >\u201eKamera Kurs\u201c begeistert Teilnehmer \u2013 Praxisnahe Einblicke in die Medienarbeit<\/a><\/h3><div class=\"ultp-block-meta ultp-block-meta-dot ultp-block-meta-icon\"><span class=\"ultp-block-author ultp-block-meta-element\"><svg xmlns=\"http:\/\/www.w3.org\/2000\/svg\" fill=\"none\" viewBox=\"0 0 24 24\">\n  <circle cx=\"12\" cy=\"7\" r=\"4\" stroke=\"currentColor\" stroke-linejoin=\"round\" stroke-width=\"1.5\"\/>\n  <path stroke=\"currentColor\" stroke-linecap=\"round\" stroke-linejoin=\"round\" stroke-width=\"1.5\" d=\"M4 21v-3a4 4 0 0 1 4-4h8a4 4 0 0 1 4 4v3\"\/>\n<\/svg>\n<a class=\"\" href=\"https:\/\/eventlive-tvproduktion.de\/?author=5\">Uwe Kisker<\/a><\/span><span class=\"ultp-block-date ultp-block-meta-element\"><svg xmlns=\"http:\/\/www.w3.org\/2000\/svg\" fill=\"none\" viewBox=\"0 0 24 24\">\n  <path stroke=\"currentColor\" stroke-linecap=\"round\" stroke-linejoin=\"round\" stroke-width=\"1.5\" d=\"M3 5.5a2 2 0 0 1 2-2h14a2 2 0 0 1 2 2v14a2 2 0 0 1-2 2H5a2 2 0 0 1-2-2v-14ZM8 2v3m8-3v3M3 9h18\"\/>\n<\/svg>\nFeb. 21, 2026<\/span><\/div><\/div><\/div><\/div><\/div><div class=\"ultp-block-item post-id-7607\"><div class=\"ultp-block-content-wrap ultp-block-content-overlay\"><div class=\"ultp-block-image ultp-block-image-zoomOut ultp-block-image-overlay ultp-block-image-flat\"><a href=\"https:\/\/eventlive-tvproduktion.de\/?p=7607\" ><img decoding=\"async\"  alt=\"Spitzenspiel mit klaren Vorzeichen \u2013 BVB empf\u00e4ngt Buxtehuder SV\"  src=\"https:\/\/eventlive-tvproduktion.de\/wp-content\/uploads\/IMG_1878-800x570.jpg\" \/><\/a><\/div><div class=\"ultp-block-content ultp-block-content-bottomPosition\"><div class=\"ultp-block-content-inner\"><div class=\"ultp-category-grid ultp-category-classic ultp-category-aboveTitle\"><div class=\"ultp-category-in\"><a class=\"ultp-cat-aktuelles\" href=\"https:\/\/eventlive-tvproduktion.de\/?cat=31\"  >Aktuelles<\/a><a class=\"ultp-cat-startseite\" href=\"https:\/\/eventlive-tvproduktion.de\/?cat=2\"  >Startseite<\/a><\/div><\/div><h3 class=\"ultp-block-title \"><a href=\"https:\/\/eventlive-tvproduktion.de\/?p=7607\" >Spitzenspiel mit klaren Vorzeichen \u2013 BVB empf\u00e4ngt Buxtehuder SV<\/a><\/h3><div class=\"ultp-block-meta ultp-block-meta-dot ultp-block-meta-icon\"><span class=\"ultp-block-author ultp-block-meta-element\"><svg xmlns=\"http:\/\/www.w3.org\/2000\/svg\" fill=\"none\" viewBox=\"0 0 24 24\">\n  <circle cx=\"12\" cy=\"7\" r=\"4\" stroke=\"currentColor\" stroke-linejoin=\"round\" stroke-width=\"1.5\"\/>\n  <path stroke=\"currentColor\" stroke-linecap=\"round\" stroke-linejoin=\"round\" stroke-width=\"1.5\" d=\"M4 21v-3a4 4 0 0 1 4-4h8a4 4 0 0 1 4 4v3\"\/>\n<\/svg>\n<a class=\"\" href=\"https:\/\/eventlive-tvproduktion.de\/?author=5\">Uwe Kisker<\/a><\/span><span class=\"ultp-block-date ultp-block-meta-element\"><svg xmlns=\"http:\/\/www.w3.org\/2000\/svg\" fill=\"none\" viewBox=\"0 0 24 24\">\n  <path stroke=\"currentColor\" stroke-linecap=\"round\" stroke-linejoin=\"round\" stroke-width=\"1.5\" d=\"M3 5.5a2 2 0 0 1 2-2h14a2 2 0 0 1 2 2v14a2 2 0 0 1-2 2H5a2 2 0 0 1-2-2v-14ZM8 2v3m8-3v3M3 9h18\"\/>\n<\/svg>\nFeb. 8, 2026<\/span><\/div><\/div><\/div><\/div><\/div><div class=\"ultp-block-item post-id-7601\"><div class=\"ultp-block-content-wrap ultp-block-content-overlay\"><div class=\"ultp-block-image ultp-block-image-zoomOut ultp-block-image-overlay ultp-block-image-flat\"><a href=\"https:\/\/eventlive-tvproduktion.de\/?p=7601\" ><img decoding=\"async\"  alt=\"Ihre B\u00fchne. Unser Signal. Auch 2026 f\u00fcr Sie im Einsatz.\"  src=\"https:\/\/eventlive-tvproduktion.de\/wp-content\/uploads\/IMG_1270-800x570.jpg\" \/><\/a><\/div><div class=\"ultp-block-content ultp-block-content-bottomPosition\"><div class=\"ultp-block-content-inner\"><div class=\"ultp-category-grid ultp-category-classic ultp-category-aboveTitle\"><div class=\"ultp-category-in\"><a class=\"ultp-cat-aktuelles\" href=\"https:\/\/eventlive-tvproduktion.de\/?cat=31\"  >Aktuelles<\/a><a class=\"ultp-cat-startseite\" href=\"https:\/\/eventlive-tvproduktion.de\/?cat=2\"  >Startseite<\/a><\/div><\/div><h3 class=\"ultp-block-title \"><a href=\"https:\/\/eventlive-tvproduktion.de\/?p=7601\" >Ihre B\u00fchne. Unser Signal. Auch 2026 f\u00fcr Sie im Einsatz.<\/a><\/h3><div class=\"ultp-block-meta ultp-block-meta-dot ultp-block-meta-icon\"><span class=\"ultp-block-author ultp-block-meta-element\"><svg xmlns=\"http:\/\/www.w3.org\/2000\/svg\" fill=\"none\" viewBox=\"0 0 24 24\">\n  <circle cx=\"12\" cy=\"7\" r=\"4\" stroke=\"currentColor\" stroke-linejoin=\"round\" stroke-width=\"1.5\"\/>\n  <path stroke=\"currentColor\" stroke-linecap=\"round\" stroke-linejoin=\"round\" stroke-width=\"1.5\" d=\"M4 21v-3a4 4 0 0 1 4-4h8a4 4 0 0 1 4 4v3\"\/>\n<\/svg>\n<a class=\"\" href=\"https:\/\/eventlive-tvproduktion.de\/?author=5\">Uwe Kisker<\/a><\/span><span class=\"ultp-block-date ultp-block-meta-element\"><svg xmlns=\"http:\/\/www.w3.org\/2000\/svg\" fill=\"none\" viewBox=\"0 0 24 24\">\n  <path stroke=\"currentColor\" stroke-linecap=\"round\" stroke-linejoin=\"round\" stroke-width=\"1.5\" d=\"M3 5.5a2 2 0 0 1 2-2h14a2 2 0 0 1 2 2v14a2 2 0 0 1-2 2H5a2 2 0 0 1-2-2v-14ZM8 2v3m8-3v3M3 9h18\"\/>\n<\/svg>\nFeb. 8, 2026<\/span><\/div><\/div><\/div><\/div><\/div><div class=\"ultp-block-item post-id-7592\"><div class=\"ultp-block-content-wrap ultp-block-content-overlay\"><div class=\"ultp-block-image ultp-block-image-zoomOut ultp-block-image-overlay ultp-block-image-flat\"><a href=\"https:\/\/eventlive-tvproduktion.de\/?p=7592\" ><img decoding=\"async\"  alt=\"Borussia Dortmund \u00fcbernimmt wieder die Tabellenspitze\"  src=\"https:\/\/eventlive-tvproduktion.de\/wp-content\/uploads\/IMG_2533-759x570.jpg\" \/><\/a><\/div><div class=\"ultp-block-content ultp-block-content-bottomPosition\"><div class=\"ultp-block-content-inner\"><div class=\"ultp-category-grid ultp-category-classic ultp-category-aboveTitle\"><div class=\"ultp-category-in\"><a class=\"ultp-cat-aktuelles\" href=\"https:\/\/eventlive-tvproduktion.de\/?cat=31\"  >Aktuelles<\/a><a class=\"ultp-cat-startseite\" href=\"https:\/\/eventlive-tvproduktion.de\/?cat=2\"  >Startseite<\/a><\/div><\/div><h3 class=\"ultp-block-title \"><a href=\"https:\/\/eventlive-tvproduktion.de\/?p=7592\" >Borussia Dortmund \u00fcbernimmt wieder die Tabellenspitze<\/a><\/h3><div class=\"ultp-block-meta ultp-block-meta-dot ultp-block-meta-icon\"><span class=\"ultp-block-author ultp-block-meta-element\"><svg xmlns=\"http:\/\/www.w3.org\/2000\/svg\" fill=\"none\" viewBox=\"0 0 24 24\">\n  <circle cx=\"12\" cy=\"7\" r=\"4\" stroke=\"currentColor\" stroke-linejoin=\"round\" stroke-width=\"1.5\"\/>\n  <path stroke=\"currentColor\" stroke-linecap=\"round\" stroke-linejoin=\"round\" stroke-width=\"1.5\" d=\"M4 21v-3a4 4 0 0 1 4-4h8a4 4 0 0 1 4 4v3\"\/>\n<\/svg>\n<a class=\"\" href=\"https:\/\/eventlive-tvproduktion.de\/?author=5\">Uwe Kisker<\/a><\/span><span class=\"ultp-block-date ultp-block-meta-element\"><svg xmlns=\"http:\/\/www.w3.org\/2000\/svg\" fill=\"none\" viewBox=\"0 0 24 24\">\n  <path stroke=\"currentColor\" stroke-linecap=\"round\" stroke-linejoin=\"round\" stroke-width=\"1.5\" d=\"M3 5.5a2 2 0 0 1 2-2h14a2 2 0 0 1 2 2v14a2 2 0 0 1-2 2H5a2 2 0 0 1-2-2v-14ZM8 2v3m8-3v3M3 9h18\"\/>\n<\/svg>\nFeb. 1, 2026<\/span><\/div><\/div><\/div><\/div><\/div><div class=\"ultp-block-item post-id-7584\"><div class=\"ultp-block-content-wrap ultp-block-content-overlay\"><div class=\"ultp-block-image ultp-block-image-zoomOut ultp-block-image-overlay ultp-block-image-flat\"><a href=\"https:\/\/eventlive-tvproduktion.de\/?p=7584\" ><img decoding=\"async\"  alt=\"Borussia Dortmund besiegte den BSV Sachsen Zwickau deutlich mit 43:27 (22:10)\"  src=\"https:\/\/eventlive-tvproduktion.de\/wp-content\/uploads\/BBC71677-60FE-4EBC-B3F8-B06E4BF79469_4_5005_c.jpeg\" \/><\/a><\/div><div class=\"ultp-block-content ultp-block-content-bottomPosition\"><div class=\"ultp-block-content-inner\"><div class=\"ultp-category-grid ultp-category-classic ultp-category-aboveTitle\"><div class=\"ultp-category-in\"><a class=\"ultp-cat-aktuelles\" href=\"https:\/\/eventlive-tvproduktion.de\/?cat=31\"  >Aktuelles<\/a><a class=\"ultp-cat-startseite\" href=\"https:\/\/eventlive-tvproduktion.de\/?cat=2\"  >Startseite<\/a><\/div><\/div><h3 class=\"ultp-block-title \"><a href=\"https:\/\/eventlive-tvproduktion.de\/?p=7584\" >Borussia Dortmund besiegte den BSV Sachsen Zwickau deutlich mit 43:27 (22:10)<\/a><\/h3><div class=\"ultp-block-meta ultp-block-meta-dot ultp-block-meta-icon\"><span class=\"ultp-block-author ultp-block-meta-element\"><svg xmlns=\"http:\/\/www.w3.org\/2000\/svg\" fill=\"none\" viewBox=\"0 0 24 24\">\n  <circle cx=\"12\" cy=\"7\" r=\"4\" stroke=\"currentColor\" stroke-linejoin=\"round\" stroke-width=\"1.5\"\/>\n  <path stroke=\"currentColor\" stroke-linecap=\"round\" stroke-linejoin=\"round\" stroke-width=\"1.5\" d=\"M4 21v-3a4 4 0 0 1 4-4h8a4 4 0 0 1 4 4v3\"\/>\n<\/svg>\n<a class=\"\" href=\"https:\/\/eventlive-tvproduktion.de\/?author=5\">Uwe Kisker<\/a><\/span><span class=\"ultp-block-date ultp-block-meta-element\"><svg xmlns=\"http:\/\/www.w3.org\/2000\/svg\" fill=\"none\" viewBox=\"0 0 24 24\">\n  <path stroke=\"currentColor\" stroke-linecap=\"round\" stroke-linejoin=\"round\" stroke-width=\"1.5\" d=\"M3 5.5a2 2 0 0 1 2-2h14a2 2 0 0 1 2 2v14a2 2 0 0 1-2 2H5a2 2 0 0 1-2-2v-14ZM8 2v3m8-3v3M3 9h18\"\/>\n<\/svg>\nJan. 15, 2026<\/span><\/div><\/div><\/div><\/div><\/div><div class=\"ultp-block-item post-id-7581\"><div class=\"ultp-block-content-wrap ultp-block-content-overlay\"><div class=\"ultp-block-image ultp-block-image-zoomOut ultp-block-image-overlay ultp-block-image-flat\"><a href=\"https:\/\/eventlive-tvproduktion.de\/?p=7581\" ><img decoding=\"async\"  alt=\"Vom Aufbau bis zum Stadtmeister \u2013 Ein Blick hinter die Kulissen der 40. HSM 2026\"  src=\"https:\/\/eventlive-tvproduktion.de\/wp-content\/uploads\/Vom-Aufbau-bis-zum-Stadtmeister-2026.jpg\" \/><\/a><\/div><div class=\"ultp-block-content ultp-block-content-bottomPosition\"><div class=\"ultp-block-content-inner\"><div class=\"ultp-category-grid ultp-category-classic ultp-category-aboveTitle\"><div class=\"ultp-category-in\"><a class=\"ultp-cat-aktuelles\" href=\"https:\/\/eventlive-tvproduktion.de\/?cat=31\"  >Aktuelles<\/a><a class=\"ultp-cat-startseite\" href=\"https:\/\/eventlive-tvproduktion.de\/?cat=2\"  >Startseite<\/a><\/div><\/div><h3 class=\"ultp-block-title \"><a href=\"https:\/\/eventlive-tvproduktion.de\/?p=7581\" >Vom Aufbau bis zum Stadtmeister \u2013 Ein Blick hinter die Kulissen der 40. HSM 2026<\/a><\/h3><div class=\"ultp-block-meta ultp-block-meta-dot ultp-block-meta-icon\"><span class=\"ultp-block-author ultp-block-meta-element\"><svg xmlns=\"http:\/\/www.w3.org\/2000\/svg\" fill=\"none\" viewBox=\"0 0 24 24\">\n  <circle cx=\"12\" cy=\"7\" r=\"4\" stroke=\"currentColor\" stroke-linejoin=\"round\" stroke-width=\"1.5\"\/>\n  <path stroke=\"currentColor\" stroke-linecap=\"round\" stroke-linejoin=\"round\" stroke-width=\"1.5\" d=\"M4 21v-3a4 4 0 0 1 4-4h8a4 4 0 0 1 4 4v3\"\/>\n<\/svg>\n<a class=\"\" href=\"https:\/\/eventlive-tvproduktion.de\/?author=5\">Uwe Kisker<\/a><\/span><span class=\"ultp-block-date ultp-block-meta-element\"><svg xmlns=\"http:\/\/www.w3.org\/2000\/svg\" fill=\"none\" viewBox=\"0 0 24 24\">\n  <path stroke=\"currentColor\" stroke-linecap=\"round\" stroke-linejoin=\"round\" stroke-width=\"1.5\" d=\"M3 5.5a2 2 0 0 1 2-2h14a2 2 0 0 1 2 2v14a2 2 0 0 1-2 2H5a2 2 0 0 1-2-2v-14ZM8 2v3m8-3v3M3 9h18\"\/>\n<\/svg>\nJan. 14, 2026<\/span><\/div><\/div><\/div><\/div><\/div><div class=\"ultp-block-item post-id-7573\"><div class=\"ultp-block-content-wrap ultp-block-content-overlay\"><div class=\"ultp-block-image ultp-block-image-zoomOut ultp-block-image-overlay ultp-block-image-flat\"><a href=\"https:\/\/eventlive-tvproduktion.de\/?p=7573\" ><img decoding=\"async\"  alt=\"Borussia Dortmund empf\u00e4ngt Sachsen Zwickau in Wellinghofen\"  src=\"https:\/\/eventlive-tvproduktion.de\/wp-content\/uploads\/8D4CF6A3-6031-47AA-90DD-C3109F59B04C_4_5005_c.jpeg\" \/><\/a><\/div><div class=\"ultp-block-content ultp-block-content-bottomPosition\"><div class=\"ultp-block-content-inner\"><div class=\"ultp-category-grid ultp-category-classic ultp-category-aboveTitle\"><div class=\"ultp-category-in\"><a class=\"ultp-cat-aktuelles\" href=\"https:\/\/eventlive-tvproduktion.de\/?cat=31\"  >Aktuelles<\/a><a class=\"ultp-cat-startseite\" href=\"https:\/\/eventlive-tvproduktion.de\/?cat=2\"  >Startseite<\/a><\/div><\/div><h3 class=\"ultp-block-title \"><a href=\"https:\/\/eventlive-tvproduktion.de\/?p=7573\" >Borussia Dortmund empf\u00e4ngt Sachsen Zwickau in Wellinghofen<\/a><\/h3><div class=\"ultp-block-meta ultp-block-meta-dot ultp-block-meta-icon\"><span class=\"ultp-block-author ultp-block-meta-element\"><svg xmlns=\"http:\/\/www.w3.org\/2000\/svg\" fill=\"none\" viewBox=\"0 0 24 24\">\n  <circle cx=\"12\" cy=\"7\" r=\"4\" stroke=\"currentColor\" stroke-linejoin=\"round\" stroke-width=\"1.5\"\/>\n  <path stroke=\"currentColor\" stroke-linecap=\"round\" stroke-linejoin=\"round\" stroke-width=\"1.5\" d=\"M4 21v-3a4 4 0 0 1 4-4h8a4 4 0 0 1 4 4v3\"\/>\n<\/svg>\n<a class=\"\" href=\"https:\/\/eventlive-tvproduktion.de\/?author=5\">Uwe Kisker<\/a><\/span><span class=\"ultp-block-date ultp-block-meta-element\"><svg xmlns=\"http:\/\/www.w3.org\/2000\/svg\" fill=\"none\" viewBox=\"0 0 24 24\">\n  <path stroke=\"currentColor\" stroke-linecap=\"round\" stroke-linejoin=\"round\" stroke-width=\"1.5\" d=\"M3 5.5a2 2 0 0 1 2-2h14a2 2 0 0 1 2 2v14a2 2 0 0 1-2 2H5a2 2 0 0 1-2-2v-14ZM8 2v3m8-3v3M3 9h18\"\/>\n<\/svg>\nJan. 13, 2026<\/span><\/div><\/div><\/div><\/div><\/div><\/div><\/div><div class=\"pagination-block-html\" aria-hidden=\"true\" style=\"display: none;\"><\/div><\/div>","protected":false},"excerpt":{"rendered":"<p>Kurz vor dem wichtigen European-League-Spiel am Sonntag (14 Uhr, Westpress Arena in Hamm) gegen das d\u00e4nische Spitzenteam Ikast Handbold vermelden die Handballerinnen des BVB einen Top-Transfer: Mit der Niederl\u00e4nderin Lois Abbingh verst\u00e4rkt eine international erfahrene R\u00fcckraumspielerin das Team. Die dreimalige Olympiateilnehmerin und Weltmeisterin von 2019 mit der niederl\u00e4ndischen Nationalmannschaft hat einen Vertrag bis Juni 2026 [&hellip;]<\/p>\n","protected":false},"author":5,"featured_media":5321,"comment_status":"closed","ping_status":"open","sticky":false,"template":"","format":"standard","meta":{"footnotes":""},"categories":[31,2],"tags":[14,11,6,13,22,37,26],"class_list":["post-5427","post","type-post","status-publish","format-standard","has-post-thumbnail","hentry","category-aktuelles","category-startseite","tag-borussia-dortmund","tag-bundesliga","tag-bvb","tag-dortmund","tag-sport","tag-tv-produktion","tag-wellinghofen"],"_links":{"self":[{"href":"https:\/\/eventlive-tvproduktion.de\/index.php?rest_route=\/wp\/v2\/posts\/5427","targetHints":{"allow":["GET"]}}],"collection":[{"href":"https:\/\/eventlive-tvproduktion.de\/index.php?rest_route=\/wp\/v2\/posts"}],"about":[{"href":"https:\/\/eventlive-tvproduktion.de\/index.php?rest_route=\/wp\/v2\/types\/post"}],"author":[{"embeddable":true,"href":"https:\/\/eventlive-tvproduktion.de\/index.php?rest_route=\/wp\/v2\/users\/5"}],"replies":[{"embeddable":true,"href":"https:\/\/eventlive-tvproduktion.de\/index.php?rest_route=%2Fwp%2Fv2%2Fcomments&post=5427"}],"version-history":[{"count":2,"href":"https:\/\/eventlive-tvproduktion.de\/index.php?rest_route=\/wp\/v2\/posts\/5427\/revisions"}],"predecessor-version":[{"id":5430,"href":"https:\/\/eventlive-tvproduktion.de\/index.php?rest_route=\/wp\/v2\/posts\/5427\/revisions\/5430"}],"wp:featuredmedia":[{"embeddable":true,"href":"https:\/\/eventlive-tvproduktion.de\/index.php?rest_route=\/wp\/v2\/media\/5321"}],"wp:attachment":[{"href":"https:\/\/eventlive-tvproduktion.de\/index.php?rest_route=%2Fwp%2Fv2%2Fmedia&parent=5427"}],"wp:term":[{"taxonomy":"category","embeddable":true,"href":"https:\/\/eventlive-tvproduktion.de\/index.php?rest_route=%2Fwp%2Fv2%2Fcategories&post=5427"},{"taxonomy":"post_tag","embeddable":true,"href":"https:\/\/eventlive-tvproduktion.de\/index.php?rest_route=%2Fwp%2Fv2%2Ftags&post=5427"}],"curies":[{"name":"wp","href":"https:\/\/api.w.org\/{rel}","templated":true}]}}