{"id":5716,"date":"2025-04-22T17:35:52","date_gmt":"2025-04-22T16:35:52","guid":{"rendered":"https:\/\/eventlive-tvproduktion.de\/?p=5716"},"modified":"2025-06-08T11:38:18","modified_gmt":"2025-06-08T10:38:18","slug":"dortmunder-schlagerparty-2025","status":"publish","type":"post","link":"https:\/\/eventlive-tvproduktion.de\/?p=5716","title":{"rendered":"Dortmunder Schlagerparty 2025"},"content":{"rendered":"\n<p><strong>Dortmunder-Schlagerparty 2025 \u2013 Der Sommer wird schlagerhaft!<\/strong><br>Am 13. Juli 2025 verwandelt sich das Pulsschlag-B\u00fcrgerhaus in Dortmund-Dorstfeld wieder in eine B\u00fchne der Gef\u00fchle, Rhythmen und unvergesslichen Momente \u2013 denn dann hei\u00dft es: Herzlich willkommen zur Dortmunder-Schlagerparty 2025! Ein musikalisches Highlight f\u00fcr alle Fans des deutschen Schlagers \u2013 und ein echtes Heimspiel f\u00fcr gute Laune.<br>Einlass ist ab 14:00 Uhr, los geht\u2019s um 16:00 Uhr \u2013 live und hautnah!<br>Freut euch auf ein Line-Up, das Schlagerherzen h\u00f6herschlagen l\u00e4sst:<\/p>\n\n\n<div class=\"wp-block-image\">\n<figure class=\"alignleft size-large is-resized\"><img loading=\"lazy\" decoding=\"async\" width=\"768\" height=\"576\" src=\"https:\/\/eventlive-tvproduktion.de\/wp-content\/uploads\/IMG_3636-1-768x576.jpg\" alt=\"\" class=\"wp-image-1497\" style=\"width:377px;height:auto\" srcset=\"https:\/\/eventlive-tvproduktion.de\/wp-content\/uploads\/IMG_3636-1-768x576.jpg 768w, https:\/\/eventlive-tvproduktion.de\/wp-content\/uploads\/IMG_3636-1-300x225.jpg 300w, https:\/\/eventlive-tvproduktion.de\/wp-content\/uploads\/IMG_3636-1-150x113.jpg 150w, https:\/\/eventlive-tvproduktion.de\/wp-content\/uploads\/IMG_3636-1.jpg 800w\" sizes=\"auto, (max-width: 768px) 100vw, 768px\" \/><\/figure>\n<\/div>\n\n\n<p><br>Mit dabei ist Yve Marwan, die mit ihrer emotionalen Stimme und energiegeladenen Performance regelm\u00e4\u00dfig f\u00fcr G\u00e4nsehautmomente sorgt. Lisa Klein bringt frischen Wind in den Schlager mit modernen Sounds und ehrlichen Texten, w\u00e4hrend Steffen Sturm mit seiner markanten Stimme und charismatischen B\u00fchnenpr\u00e4senz f\u00fcr echte Stimmung sorgt.<br>Anuschka Miccoli begeistert mit italienischem Flair und viel Gef\u00fchl, Doktor Maibach reist extra aus der Schweiz an und bringt seine ganz eigene Mischung aus Humor, Herz und Hits mit. Auch Melanie Engels, bekannt f\u00fcr ihre Powerballaden, sowie das Duo Feuermond, das mit harmonischem Gesang und tanzbaren Beats \u00fcberzeugt, sind mit dabei.<br>Elvira Fischer bringt Jahrzehnte B\u00fchnenerfahrung mit \u2013 ihre Stimme kennt jeder Schlagerfan. Marie Winter steht f\u00fcr frischen Popschlager mit Tiefgang, und Tobi Strasser \u00fcberzeugt mit eing\u00e4ngigen Melodien und sympathischer Ausstrahlung.<\/p>\n\n\n<div class=\"wp-block-image\">\n<figure class=\"alignleft size-large is-resized\"><img loading=\"lazy\" decoding=\"async\" width=\"768\" height=\"512\" src=\"https:\/\/eventlive-tvproduktion.de\/wp-content\/uploads\/Picsart_24-06-02_20-50-41-555-768x512.jpg\" alt=\"\" class=\"wp-image-3881\" style=\"width:393px;height:auto\" srcset=\"https:\/\/eventlive-tvproduktion.de\/wp-content\/uploads\/Picsart_24-06-02_20-50-41-555-768x512.jpg 768w, https:\/\/eventlive-tvproduktion.de\/wp-content\/uploads\/Picsart_24-06-02_20-50-41-555-300x200.jpg 300w, https:\/\/eventlive-tvproduktion.de\/wp-content\/uploads\/Picsart_24-06-02_20-50-41-555-150x100.jpg 150w, https:\/\/eventlive-tvproduktion.de\/wp-content\/uploads\/Picsart_24-06-02_20-50-41-555.jpg 800w\" sizes=\"auto, (max-width: 768px) 100vw, 768px\" \/><figcaption class=\"wp-element-caption\">Nicole Kruse &amp; Uwe Kisker<\/figcaption><\/figure>\n<\/div>\n\n\n<p><br>Juna Weiss, Andr\u2019a W\u00f6rmann, Berit Finke, Jens Kemper, Edwina De Pooter und Sabrina Solair runden das hochkar\u00e4tige Line-Up ab \u2013 ein bunter Mix aus neuen Stimmen und erfahrenen Publikumslieblingen.<br>Durch das Programm f\u00fchren Nicole Kruse und Uwe Kisker, die mit Charme, Witz und jeder Menge Schlagerliebe f\u00fcr beste Stimmung sorgen.<br>Tickets gibt\u2019s online und an der Tageskasse \u2013 also schnell sein und dabei sein!<br>Ob langj\u00e4hriger Fan oder neugieriger Neuling \u2013 diese Schlagerparty ist das Highlight des Sommers! Pack die Freunde ein, sicher dir dein Ticket und sei dabei, wenn Dortmund den Schlager feiert!<\/p>\n\n\n\n<p><a href=\"http:\/\/www.schlagercouch.de\">Alle infos und Karten gibt es Hier<\/a><\/p>\n\n\n\n<figure class=\"wp-block-image size-full is-resized\"><img decoding=\"async\" src=\"https:\/\/eventlive-tvproduktion.de\/wp-content\/uploads\/qr-code.jpeg\" alt=\"\" class=\"wp-image-5837\" style=\"width:191px;height:auto\"\/><\/figure>\n","protected":false},"excerpt":{"rendered":"<p>Yve Marwan ist auch dabei<\/p>\n","protected":false},"author":5,"featured_media":5717,"comment_status":"closed","ping_status":"open","sticky":false,"template":"","format":"standard","meta":{"footnotes":""},"categories":[31,2],"tags":[13,130,179,187,37,98],"class_list":["post-5716","post","type-post","status-publish","format-standard","has-post-thumbnail","hentry","category-aktuelles","category-startseite","tag-dortmund","tag-party","tag-schlager-musik-live-auftritt-veranstaltung-konzert-party-buehne","tag-schlager-party-oktoberfest-veranstaltung-auftritt-gesang-saenger-band","tag-tv-produktion","tag-uwe-kisker"],"_links":{"self":[{"href":"https:\/\/eventlive-tvproduktion.de\/index.php?rest_route=\/wp\/v2\/posts\/5716","targetHints":{"allow":["GET"]}}],"collection":[{"href":"https:\/\/eventlive-tvproduktion.de\/index.php?rest_route=\/wp\/v2\/posts"}],"about":[{"href":"https:\/\/eventlive-tvproduktion.de\/index.php?rest_route=\/wp\/v2\/types\/post"}],"author":[{"embeddable":true,"href":"https:\/\/eventlive-tvproduktion.de\/index.php?rest_route=\/wp\/v2\/users\/5"}],"replies":[{"embeddable":true,"href":"https:\/\/eventlive-tvproduktion.de\/index.php?rest_route=%2Fwp%2Fv2%2Fcomments&post=5716"}],"version-history":[{"count":2,"href":"https:\/\/eventlive-tvproduktion.de\/index.php?rest_route=\/wp\/v2\/posts\/5716\/revisions"}],"predecessor-version":[{"id":5840,"href":"https:\/\/eventlive-tvproduktion.de\/index.php?rest_route=\/wp\/v2\/posts\/5716\/revisions\/5840"}],"wp:featuredmedia":[{"embeddable":true,"href":"https:\/\/eventlive-tvproduktion.de\/index.php?rest_route=\/wp\/v2\/media\/5717"}],"wp:attachment":[{"href":"https:\/\/eventlive-tvproduktion.de\/index.php?rest_route=%2Fwp%2Fv2%2Fmedia&parent=5716"}],"wp:term":[{"taxonomy":"category","embeddable":true,"href":"https:\/\/eventlive-tvproduktion.de\/index.php?rest_route=%2Fwp%2Fv2%2Fcategories&post=5716"},{"taxonomy":"post_tag","embeddable":true,"href":"https:\/\/eventlive-tvproduktion.de\/index.php?rest_route=%2Fwp%2Fv2%2Ftags&post=5716"}],"curies":[{"name":"wp","href":"https:\/\/api.w.org\/{rel}","templated":true}]}}