{"id":5892,"date":"2025-07-21T12:29:23","date_gmt":"2025-07-21T11:29:23","guid":{"rendered":"https:\/\/eventlive-tvproduktion.de\/?p=5892"},"modified":"2025-07-21T12:29:24","modified_gmt":"2025-07-21T11:29:24","slug":"event-live-tv-produktion-dortmund-gmbh-startet-in-einen-heissen-spaetsommer-voller-produktionen","status":"publish","type":"post","link":"https:\/\/eventlive-tvproduktion.de\/?p=5892","title":{"rendered":"Event Live TV Produktion Dortmund GmbH startet in einen hei\u00dfen Sp\u00e4tsommer voller Produktionen"},"content":{"rendered":"\n<p>Event Live TV Produktion Dortmund GmbH startet in einen hei\u00dfen Sp\u00e4tsommer voller Produktionen<\/p>\n\n\n\n<p>Dortmund, Juli 2025 \u2013 Die Event Live TV Produktion Dortmund GmbH steht vor einem intensiven und ereignisreichen Sp\u00e4tsommer. Zahlreiche hochkar\u00e4tige Produktionen stehen in den kommenden Wochen auf dem Plan \u2013 von politischen Gro\u00dfereignissen bis hin zu unterhaltsamen Liveshows und sportlichen Highlights.<\/p>\n\n\n\n<p><strong>Fokus Kommunalwahl 2025 \u2013 Wahlarenen im ganzen Ruhrgebiet<\/strong><\/p>\n\n\n<div class=\"wp-block-image\">\n<figure class=\"alignleft size-large is-resized\"><img loading=\"lazy\" decoding=\"async\" width=\"768\" height=\"576\" src=\"https:\/\/eventlive-tvproduktion.de\/wp-content\/uploads\/769A911D-5F62-46EE-B408-4D4CC9B88C71_1_102_o-768x576.jpeg\" alt=\"\" class=\"wp-image-5275\" style=\"width:372px;height:auto\" srcset=\"https:\/\/eventlive-tvproduktion.de\/wp-content\/uploads\/769A911D-5F62-46EE-B408-4D4CC9B88C71_1_102_o-768x576.jpeg 768w, https:\/\/eventlive-tvproduktion.de\/wp-content\/uploads\/769A911D-5F62-46EE-B408-4D4CC9B88C71_1_102_o-300x225.jpeg 300w, https:\/\/eventlive-tvproduktion.de\/wp-content\/uploads\/769A911D-5F62-46EE-B408-4D4CC9B88C71_1_102_o-150x113.jpeg 150w, https:\/\/eventlive-tvproduktion.de\/wp-content\/uploads\/769A911D-5F62-46EE-B408-4D4CC9B88C71_1_102_o.jpeg 800w\" sizes=\"auto, (max-width: 768px) 100vw, 768px\" \/><figcaption class=\"wp-element-caption\">Die Mobile Technik<\/figcaption><\/figure>\n<\/div>\n\n\n<p>Am 14. September 2025 finden in Nordrhein-Westfalen die Kommunalwahlen statt. Bereits im Vorfeld produziert Event Live TV im Auftrag eines gro\u00dfen Medienhauses mehrere Wahlarenen \u2013 Liveformate, die B\u00fcrgern, Kandidatinnen und Kandidaten eine B\u00fchne f\u00fcr politische Diskussionen bieten.<\/p>\n\n\n\n<p>Hierbei ist das Dortmunder Team im gesamten Ruhrgebiet unterwegs und verwandelt B\u00fcrgerh\u00e4user, S\u00e4le und Redaktionen in professionelle Fernsehstudios. Bis zu acht Kameras, sechs Mikrofonkan\u00e4le, modernste Licht- und Tontechnik sowie 600 Meter Kabel kommen bei den Produktionen zum Einsatz. Das gesamte Setting \u2013 von der B\u00fchne \u00fcber die Videotechnik bis hin zum Livestream \u2013 wird von Event Live vollst\u00e4ndig gestellt. Der firmeneigene \u00dc-Wagen sowie mobile Systeme garantieren flexible Setups auch an ungew\u00f6hnlichen Veranstaltungsorten.<\/p>\n\n\n<div class=\"wp-block-image\">\n<figure class=\"alignleft size-large is-resized\"><img loading=\"lazy\" decoding=\"async\" width=\"768\" height=\"513\" src=\"https:\/\/eventlive-tvproduktion.de\/wp-content\/uploads\/WhatsApp-Image-2025-02-24-at-10.40.13-768x513.jpeg\" alt=\"\" class=\"wp-image-5560\" style=\"width:380px;height:auto\" srcset=\"https:\/\/eventlive-tvproduktion.de\/wp-content\/uploads\/WhatsApp-Image-2025-02-24-at-10.40.13-768x513.jpeg 768w, https:\/\/eventlive-tvproduktion.de\/wp-content\/uploads\/WhatsApp-Image-2025-02-24-at-10.40.13-300x200.jpeg 300w, https:\/\/eventlive-tvproduktion.de\/wp-content\/uploads\/WhatsApp-Image-2025-02-24-at-10.40.13-150x100.jpeg 150w, https:\/\/eventlive-tvproduktion.de\/wp-content\/uploads\/WhatsApp-Image-2025-02-24-at-10.40.13.jpeg 800w\" sizes=\"auto, (max-width: 768px) 100vw, 768px\" \/><figcaption class=\"wp-element-caption\">Im Einsatz das Team<\/figcaption><\/figure>\n<\/div>\n\n\n<p><strong>Nicole Fix, Gesch\u00e4ftsf\u00fcrerin bei Event Live TV, betont:<\/strong><\/p>\n\n\n\n<p>\u201eDie Kommunalwahlen sind f\u00fcr uns nicht nur eine logistische Herausforderung, sondern auch eine gro\u00dfartige Gelegenheit, unsere Qualit\u00e4t und Erfahrung im Livebereich zu zeigen. Viele Auftraggeber, mit denen wir in der Vergangenheit zusammengearbeitet haben, kommen immer wieder auf uns zur\u00fcck \u2013 das spricht f\u00fcr unser Team und unsere Leistung.\u201c<\/p>\n\n\n\n<p>Schlager, Lichter, Oktoberfest \u2013 die Showformate<\/p>\n\n\n\n<p>Neben der Politik stehen auch zwei Gro\u00dfveranstaltungen im Fokus der Produktionsteams:<\/p>\n\n\n<div class=\"wp-block-image\">\n<figure class=\"alignleft size-full is-resized\"><img loading=\"lazy\" decoding=\"async\" width=\"480\" height=\"360\" src=\"https:\/\/eventlive-tvproduktion.de\/wp-content\/uploads\/E3ACB70F-B13D-491D-A1C6-8072F0A863A2_4_5005_c.jpeg\" alt=\"\" class=\"wp-image-5772\" style=\"width:379px;height:auto\" srcset=\"https:\/\/eventlive-tvproduktion.de\/wp-content\/uploads\/E3ACB70F-B13D-491D-A1C6-8072F0A863A2_4_5005_c.jpeg 480w, https:\/\/eventlive-tvproduktion.de\/wp-content\/uploads\/E3ACB70F-B13D-491D-A1C6-8072F0A863A2_4_5005_c-300x225.jpeg 300w, https:\/\/eventlive-tvproduktion.de\/wp-content\/uploads\/E3ACB70F-B13D-491D-A1C6-8072F0A863A2_4_5005_c-150x113.jpeg 150w\" sizes=\"auto, (max-width: 480px) 100vw, 480px\" \/><figcaption class=\"wp-element-caption\">Unser \u00dc-Wagen im Einsatz<\/figcaption><\/figure>\n<\/div>\n\n\n<p>Am 13. September wird die beliebte \u201eGro\u00dfe Schlagerparty\u201c im Rahmen des Lichterfestes technisch aufwendig begleitet. Nur wenige Wochen sp\u00e4ter hei\u00dft es dann \u201eO\u2019zapft is\u201c: Zur \u201eWischlinger Wiesn\u201c Ende September sorgt Event Live f\u00fcr die bildstarke Inszenierung des Dortmunder Oktoberfests \u2013 mit Gro\u00dfleinw\u00e4nden, Livemonitoring und multikameraler \u00dcbertragung direkt aus dem Festzelt.<\/p>\n\n\n\n<p>Sportlich unterwegs \u2013 Bundesligaformate in HD<\/p>\n\n\n\n<p>Auch der Sport kommt in diesem Jahr nicht zu kurz: F\u00fcr DYN und Sportdeutschland.TV produziert Event Live TV erneut Spiele der Damen-Handball-Bundesliga sowie der Tischtennis-Bundesliga. Hierbei zeigt das Team nicht nur technisches K\u00f6nnen, sondern auch ein feines Gesp\u00fcr f\u00fcr dynamische Livebilder und sportliche Dramatik.<\/p>\n\n\n<div class=\"wp-block-image\">\n<figure class=\"alignleft size-full is-resized\"><img loading=\"lazy\" decoding=\"async\" width=\"480\" height=\"360\" src=\"https:\/\/eventlive-tvproduktion.de\/wp-content\/uploads\/0FD0B935-AF35-4317-B5D0-D66B95253A00_4_5005_c.jpeg\" alt=\"\" class=\"wp-image-5770\" style=\"width:385px;height:auto\" srcset=\"https:\/\/eventlive-tvproduktion.de\/wp-content\/uploads\/0FD0B935-AF35-4317-B5D0-D66B95253A00_4_5005_c.jpeg 480w, https:\/\/eventlive-tvproduktion.de\/wp-content\/uploads\/0FD0B935-AF35-4317-B5D0-D66B95253A00_4_5005_c-300x225.jpeg 300w, https:\/\/eventlive-tvproduktion.de\/wp-content\/uploads\/0FD0B935-AF35-4317-B5D0-D66B95253A00_4_5005_c-150x113.jpeg 150w\" sizes=\"auto, (max-width: 480px) 100vw, 480px\" \/><figcaption class=\"wp-element-caption\">MAZ-Technik im \u00dc-Wagen<\/figcaption><\/figure>\n<\/div>\n\n\n<p>Fazit:<\/p>\n\n\n\n<p>Mit einem vollen Kalender und vielf\u00e4ltigen Aufgaben beweist die Event Live TV Produktion Dortmund GmbH erneut ihre St\u00e4rke als flexibler und professioneller Partner f\u00fcr Live-Produktionen jeder Art. Ob Politik, Show oder Sport \u2013 das Team ist bereit f\u00fcr die Herausforderungen der kommenden Wochen.<\/p>\n\n\n\n<p><\/p>\n\n\n\n<p><\/p>\n\n\n\n<p>Kontakt f\u00fcr R\u00fcckfragen &amp; weitere Informationen:<\/p>\n\n\n\n<p>Event Live TV Produktion Dortmund GmbH <\/p>\n\n\n\n<p>Pressekontakt: Uwe Kisker<\/p>\n\n\n\n<p>E-Mail: uwe.kisker@eventlive.de<\/p>\n\n\n\n<p>Telefon: 01722309969<\/p>\n","protected":false},"excerpt":{"rendered":"<p>Event Live TV Produktion Dortmund GmbH startet in einen hei\u00dfen Sp\u00e4tsommer voller Produktionen Dortmund, Juli 2025 \u2013 Die Event Live TV Produktion Dortmund GmbH steht vor einem intensiven und ereignisreichen Sp\u00e4tsommer. Zahlreiche hochkar\u00e4tige Produktionen stehen in den kommenden Wochen auf dem Plan \u2013 von politischen Gro\u00dfereignissen bis hin zu unterhaltsamen Liveshows und sportlichen Highlights. Fokus [&hellip;]<\/p>\n","protected":false},"author":5,"featured_media":5561,"comment_status":"closed","ping_status":"open","sticky":false,"template":"","format":"standard","meta":{"footnotes":""},"categories":[31,2],"tags":[13,160,52,124,338,340,22,337,65,37,339],"class_list":["post-5892","post","type-post","status-publish","format-standard","has-post-thumbnail","hentry","category-aktuelles","category-startseite","tag-dortmund","tag-fernsehen","tag-live","tag-livestream","tag-medien","tag-politische-diskussionen","tag-sport","tag-studio","tag-tv","tag-tv-produktion","tag-wahlarenen"],"_links":{"self":[{"href":"https:\/\/eventlive-tvproduktion.de\/index.php?rest_route=\/wp\/v2\/posts\/5892","targetHints":{"allow":["GET"]}}],"collection":[{"href":"https:\/\/eventlive-tvproduktion.de\/index.php?rest_route=\/wp\/v2\/posts"}],"about":[{"href":"https:\/\/eventlive-tvproduktion.de\/index.php?rest_route=\/wp\/v2\/types\/post"}],"author":[{"embeddable":true,"href":"https:\/\/eventlive-tvproduktion.de\/index.php?rest_route=\/wp\/v2\/users\/5"}],"replies":[{"embeddable":true,"href":"https:\/\/eventlive-tvproduktion.de\/index.php?rest_route=%2Fwp%2Fv2%2Fcomments&post=5892"}],"version-history":[{"count":1,"href":"https:\/\/eventlive-tvproduktion.de\/index.php?rest_route=\/wp\/v2\/posts\/5892\/revisions"}],"predecessor-version":[{"id":5893,"href":"https:\/\/eventlive-tvproduktion.de\/index.php?rest_route=\/wp\/v2\/posts\/5892\/revisions\/5893"}],"wp:featuredmedia":[{"embeddable":true,"href":"https:\/\/eventlive-tvproduktion.de\/index.php?rest_route=\/wp\/v2\/media\/5561"}],"wp:attachment":[{"href":"https:\/\/eventlive-tvproduktion.de\/index.php?rest_route=%2Fwp%2Fv2%2Fmedia&parent=5892"}],"wp:term":[{"taxonomy":"category","embeddable":true,"href":"https:\/\/eventlive-tvproduktion.de\/index.php?rest_route=%2Fwp%2Fv2%2Fcategories&post=5892"},{"taxonomy":"post_tag","embeddable":true,"href":"https:\/\/eventlive-tvproduktion.de\/index.php?rest_route=%2Fwp%2Fv2%2Ftags&post=5892"}],"curies":[{"name":"wp","href":"https:\/\/api.w.org\/{rel}","templated":true}]}}