{"id":6318,"date":"2025-07-25T12:58:53","date_gmt":"2025-07-25T11:58:53","guid":{"rendered":"https:\/\/eventlive-tvproduktion.de\/?p=6318"},"modified":"2025-07-25T13:10:11","modified_gmt":"2025-07-25T12:10:11","slug":"wahlarena-mit-event-live-im-alten-rathaus-haltern-spannende-75-minuten-live-gestreamt","status":"publish","type":"post","link":"https:\/\/eventlive-tvproduktion.de\/?p=6318","title":{"rendered":"Wahlarena mit Event Live im Alten Rathaus Haltern \u2013 spannende 75 Minuten live gestreamt"},"content":{"rendered":"\n<p>Am Montag, den 14. Juli 2025 um 18:30 Uhr verwandelte Event Live den gro\u00dfen Saal des Alten Rathauses direkt am Marktplatz in ein professionelles Fernsehstudio \u2013 mit vier Kameras, umfassender Ton\u2011 und Lichttechnik sowie Streaming\u2011Infrastruktur f\u00fcr Handy, PC und TV. Anlass war die von der Halterner Zeitung organisierte Wahlarena zur Kommunalwahl 2025&nbsp; .<\/p>\n\n\n\n<p>Die Moderation des Abends \u00fcbernahmen Janina Preu\u00df und Boris Spernol, die gemeinsam mit dem Event\u2011Live\u2011Team f\u00fcr einen lebendigen und gut strukturierten Ablauf sorgten&nbsp; .<\/p>\n\n\n\n<p>Auf der B\u00fchne stellten sich die drei Hauptkandidaten f\u00fcr das B\u00fcrgermeisteramt in Haltern am See den Fragen und Positionen:<\/p>\n\n\n\n<ul class=\"wp-block-list\">\n<li>Andreas Stegemann (CDU), Amtsinhaber, der erneut kandidiert,<\/li>\n\n\n\n<li>Vanessa Giese, Herausforderin,<\/li>\n\n\n\n<li>sowie Matthias Engicht.<\/li>\n<\/ul>\n\n\n<div class=\"wp-block-image\">\n<figure class=\"alignleft size-full is-resized\"><img loading=\"lazy\" decoding=\"async\" width=\"480\" height=\"360\" src=\"https:\/\/eventlive-tvproduktion.de\/wp-content\/uploads\/799B8ECF-8482-42D2-9447-E97401336E01_4_5005_c.jpeg\" alt=\"\" class=\"wp-image-6319\" style=\"width:410px;height:auto\" srcset=\"https:\/\/eventlive-tvproduktion.de\/wp-content\/uploads\/799B8ECF-8482-42D2-9447-E97401336E01_4_5005_c.jpeg 480w, https:\/\/eventlive-tvproduktion.de\/wp-content\/uploads\/799B8ECF-8482-42D2-9447-E97401336E01_4_5005_c-300x225.jpeg 300w, https:\/\/eventlive-tvproduktion.de\/wp-content\/uploads\/799B8ECF-8482-42D2-9447-E97401336E01_4_5005_c-150x113.jpeg 150w\" sizes=\"auto, (max-width: 480px) 100vw, 480px\" \/><\/figure>\n<\/div>\n\n\n<p>Rund 60 Besucherinnen und Besucher verfolgten das Geschehen live vor Ort, die Diskussion dauerte etwa 75 Minuten und bot zahlreiche Publikumsreaktionen, was die Atmosph\u00e4re zus\u00e4tzlich belebte. Durch gezielte Fragen der Moderation und pointierte Antworten der Kandidaten entstand ein spannender Schlagabtausch, der die wichtigsten stadtpolitischen Themen von \u00d6PNV-, Radwegeplanung \u00fcber Stadtentwicklung bis zu B\u00fcrgerbeteiligung ber\u00fchrte&nbsp; .<\/p>\n\n\n<div class=\"wp-block-image\">\n<figure class=\"alignleft size-full is-resized\"><img loading=\"lazy\" decoding=\"async\" width=\"480\" height=\"360\" src=\"https:\/\/eventlive-tvproduktion.de\/wp-content\/uploads\/DC136C78-5003-412B-8753-0E210150B76A_4_5005_c.jpeg\" alt=\"\" class=\"wp-image-6320\" style=\"width:407px;height:auto\" srcset=\"https:\/\/eventlive-tvproduktion.de\/wp-content\/uploads\/DC136C78-5003-412B-8753-0E210150B76A_4_5005_c.jpeg 480w, https:\/\/eventlive-tvproduktion.de\/wp-content\/uploads\/DC136C78-5003-412B-8753-0E210150B76A_4_5005_c-300x225.jpeg 300w, https:\/\/eventlive-tvproduktion.de\/wp-content\/uploads\/DC136C78-5003-412B-8753-0E210150B76A_4_5005_c-150x113.jpeg 150w\" sizes=\"auto, (max-width: 480px) 100vw, 480px\" \/><\/figure>\n<\/div>\n\n\n<p>Dank der professionellen Produktion von Event Live war die \u00dcbertragung technisch reibungslos \u2013 vier Kameras, Lichttechnik, Sound sowie Streaming\u2011Plattform erm\u00f6glichten eine qualitativ hochwertige Ausstrahlung. Die Redaktion der Halterner Zeitung konnte ihren Leserinnen und Lesern damit eine \u00f6ffentliche und transparente Plattform zur B\u00fcrgermeisterwahl bieten.<\/p>\n\n\n\n<p>Fazit: Eine rundum gelungene Veranstaltung \u2013 politisch relevant, technisch durchdacht und medial \u00fcberzeugend. Die Mischung aus pers\u00f6nlicher Pr\u00e4senz und digitalem Zugang erzeugte ein modernes, demokratisches Forum, das in der Atmosph\u00e4re eines historischen Rathauses Geschichte machte.<\/p>\n\n\n\n<p><\/p>\n\n\n\n<p><\/p>\n\n\n\n<p><\/p>\n\n\n\n<p>Mehr dazu <a href=\"https:\/\/www.halternerzeitung.de\/\">https:\/\/www.halternerzeitung.de\/<\/a><\/p>\n\n\n\n<p><\/p>\n\n\n<div  class=\"ultp-post-grid-block wp-block-ultimate-post-post-grid-3 ultp-block-c8e6ba\"><div class=\"ultp-block-wrapper\"><div class=\"ultp-loading\"><div class=\"ultp-loading-blocks\" style=\"width:100%;height:100%;\"><div style=\"left: 0;top: 0;animation-delay:0s;\"><\/div><div style=\"left: 21px;top: 0;animation-delay:0.125s;\"><\/div><div style=\"left: 42px;top: 0;animation-delay:0.25s;\"><\/div><div style=\"left: 0;top: 21px;animation-delay:0.875s;\"><\/div><div style=\"left: 42px;top: 21px;animation-delay:0.375s;\"><\/div><div style=\"left: 0;top: 42px;animation-delay:0.75s;\"><\/div><div style=\"left: 42px;top: 42px;animation-delay:0.625s;\"><\/div><div style=\"left: 21px;top: 42px;animation-delay:0.5s;\"><\/div><\/div><\/div><div class=\"ultp-block-items-wrap ultp-block-row ultp-layout1 ultp-block-column2\"><div class=\"ultp-block-item post-id-7703\"><div class=\"ultp-block-content-wrap ultp-block-content-overlay\"><div class=\"ultp-block-image ultp-block-image-roateLeft ultp-block-image-overlay ultp-block-image-flat\"><a href=\"https:\/\/eventlive-tvproduktion.de\/?p=7703\" ><img decoding=\"async\"  alt=\"&#x1f389; 250. Ausgabe der \u201eSchlagercouch\u201c \u2013 Jubil\u00e4umssendung mit Olaf Henning erfolgreich produziert &#x1f3a4;\"  src=\"https:\/\/eventlive-tvproduktion.de\/wp-content\/uploads\/0423_Sport-Live-Schlagercouch-250-Schuetze-011.jpg\" \/><\/a><\/div><div class=\"ultp-block-content ultp-block-content-bottomPosition\"><div class=\"ultp-block-content-inner\"><div class=\"ultp-category-grid ultp-category-classic ultp-category-aboveTitle\"><div class=\"ultp-category-in\"><a class=\"ultp-cat-aktuelles\" href=\"https:\/\/eventlive-tvproduktion.de\/?cat=31\"  >Aktuelles<\/a><a class=\"ultp-cat-startseite\" href=\"https:\/\/eventlive-tvproduktion.de\/?cat=2\"  >Startseite<\/a><\/div><\/div><h3 class=\"ultp-block-title \"><a href=\"https:\/\/eventlive-tvproduktion.de\/?p=7703\" >&#x1f389; 250. Ausgabe der \u201eSchlagercouch\u201c \u2013 Jubil\u00e4umssendung mit Olaf Henning erfolgreich produziert &#x1f3a4;<\/a><\/h3><div class=\"ultp-block-meta ultp-block-meta-dot ultp-block-meta-icon\"><span class=\"ultp-block-author ultp-block-meta-element\"><svg xmlns=\"http:\/\/www.w3.org\/2000\/svg\" fill=\"none\" viewBox=\"0 0 24 24\">\n  <circle cx=\"12\" cy=\"7\" r=\"4\" stroke=\"currentColor\" stroke-linejoin=\"round\" stroke-width=\"1.5\"\/>\n  <path stroke=\"currentColor\" stroke-linecap=\"round\" stroke-linejoin=\"round\" stroke-width=\"1.5\" d=\"M4 21v-3a4 4 0 0 1 4-4h8a4 4 0 0 1 4 4v3\"\/>\n<\/svg>\n<a class=\"\" href=\"https:\/\/eventlive-tvproduktion.de\/?author=5\">Uwe Kisker<\/a><\/span><span class=\"ultp-block-date ultp-block-meta-element\"><svg xmlns=\"http:\/\/www.w3.org\/2000\/svg\" fill=\"none\" viewBox=\"0 0 24 24\">\n  <path stroke=\"currentColor\" stroke-linecap=\"round\" stroke-linejoin=\"round\" stroke-width=\"1.5\" d=\"M3 5.5a2 2 0 0 1 2-2h14a2 2 0 0 1 2 2v14a2 2 0 0 1-2 2H5a2 2 0 0 1-2-2v-14ZM8 2v3m8-3v3M3 9h18\"\/>\n<\/svg>\nApr. 26, 2026<\/span><span class=\"ultp-post-read ultp-block-meta-element\"><svg xmlns=\"http:\/\/www.w3.org\/2000\/svg\" fill=\"none\" viewBox=\"0 0 24 24\">\n  <path stroke=\"currentColor\" stroke-linecap=\"round\" stroke-linejoin=\"round\" stroke-width=\"1.5\" d=\"M4 5v14a3 3 0 0 0 3 3h13V8H7a3 3 0 0 1-3-3Zm0 0a3 3 0 0 1 3-3h13M7 5h10\"\/>\n  <path stroke=\"currentColor\" stroke-linecap=\"round\" stroke-linejoin=\"round\" stroke-width=\"1.5\" d=\"M9.5 18.5v-3.092a3 3 0 0 1 .504-1.664l1.219-1.828a.934.934 0 0 1 1.554 0l1.22 1.828a3 3 0 0 1 .503 1.664V18.5m-5-2.5h5\"\/>\n<\/svg>\n3 min read<\/span><\/div><\/div><\/div><\/div><\/div><div class=\"ultp-block-item post-id-7688\"><div class=\"ultp-block-content-wrap ultp-block-content-overlay\"><div class=\"ultp-block-image ultp-block-image-roateLeft ultp-block-image-overlay ultp-block-image-flat\"><a href=\"https:\/\/eventlive-tvproduktion.de\/?p=7688\" ><img decoding=\"async\"  alt=\"Dreharbeiten am Dortmund Airport im Auftrag des Flughafens\"  src=\"https:\/\/eventlive-tvproduktion.de\/wp-content\/uploads\/IMG_2864-2-600x450.jpg\" \/><\/a><\/div><div class=\"ultp-block-content ultp-block-content-bottomPosition\"><div class=\"ultp-block-content-inner\"><div class=\"ultp-category-grid ultp-category-classic ultp-category-aboveTitle\"><div class=\"ultp-category-in\"><a class=\"ultp-cat-aktuelles\" href=\"https:\/\/eventlive-tvproduktion.de\/?cat=31\"  >Aktuelles<\/a><a class=\"ultp-cat-startseite\" href=\"https:\/\/eventlive-tvproduktion.de\/?cat=2\"  >Startseite<\/a><\/div><\/div><h3 class=\"ultp-block-title \"><a href=\"https:\/\/eventlive-tvproduktion.de\/?p=7688\" >Dreharbeiten am Dortmund Airport im Auftrag des Flughafens<\/a><\/h3><div class=\"ultp-block-meta ultp-block-meta-dot ultp-block-meta-icon\"><span class=\"ultp-block-author ultp-block-meta-element\"><svg xmlns=\"http:\/\/www.w3.org\/2000\/svg\" fill=\"none\" viewBox=\"0 0 24 24\">\n  <circle cx=\"12\" cy=\"7\" r=\"4\" stroke=\"currentColor\" stroke-linejoin=\"round\" stroke-width=\"1.5\"\/>\n  <path stroke=\"currentColor\" stroke-linecap=\"round\" stroke-linejoin=\"round\" stroke-width=\"1.5\" d=\"M4 21v-3a4 4 0 0 1 4-4h8a4 4 0 0 1 4 4v3\"\/>\n<\/svg>\n<a class=\"\" href=\"https:\/\/eventlive-tvproduktion.de\/?author=5\">Uwe Kisker<\/a><\/span><span class=\"ultp-block-date ultp-block-meta-element\"><svg xmlns=\"http:\/\/www.w3.org\/2000\/svg\" fill=\"none\" viewBox=\"0 0 24 24\">\n  <path stroke=\"currentColor\" stroke-linecap=\"round\" stroke-linejoin=\"round\" stroke-width=\"1.5\" d=\"M3 5.5a2 2 0 0 1 2-2h14a2 2 0 0 1 2 2v14a2 2 0 0 1-2 2H5a2 2 0 0 1-2-2v-14ZM8 2v3m8-3v3M3 9h18\"\/>\n<\/svg>\nApr. 16, 2026<\/span><\/div><\/div><\/div><\/div><\/div><div class=\"ultp-block-item post-id-7683\"><div class=\"ultp-block-content-wrap ultp-block-content-overlay\"><div class=\"ultp-block-image ultp-block-image-roateLeft ultp-block-image-overlay ultp-block-image-flat\"><a href=\"https:\/\/eventlive-tvproduktion.de\/?p=7683\" ><img decoding=\"async\"  alt=\"250. Sendung Schlagercouch im Mai 2026\"  src=\"https:\/\/eventlive-tvproduktion.de\/wp-content\/uploads\/olaf-600x450.jpg\" \/><\/a><\/div><div class=\"ultp-block-content ultp-block-content-bottomPosition\"><div class=\"ultp-block-content-inner\"><div class=\"ultp-category-grid ultp-category-classic ultp-category-aboveTitle\"><div class=\"ultp-category-in\"><a class=\"ultp-cat-aktuelles\" href=\"https:\/\/eventlive-tvproduktion.de\/?cat=31\"  >Aktuelles<\/a><a class=\"ultp-cat-startseite\" href=\"https:\/\/eventlive-tvproduktion.de\/?cat=2\"  >Startseite<\/a><\/div><\/div><h3 class=\"ultp-block-title \"><a href=\"https:\/\/eventlive-tvproduktion.de\/?p=7683\" >250. Sendung Schlagercouch im Mai 2026<\/a><\/h3><div class=\"ultp-block-meta ultp-block-meta-dot ultp-block-meta-icon\"><span class=\"ultp-block-author ultp-block-meta-element\"><svg xmlns=\"http:\/\/www.w3.org\/2000\/svg\" fill=\"none\" viewBox=\"0 0 24 24\">\n  <circle cx=\"12\" cy=\"7\" r=\"4\" stroke=\"currentColor\" stroke-linejoin=\"round\" stroke-width=\"1.5\"\/>\n  <path stroke=\"currentColor\" stroke-linecap=\"round\" stroke-linejoin=\"round\" stroke-width=\"1.5\" d=\"M4 21v-3a4 4 0 0 1 4-4h8a4 4 0 0 1 4 4v3\"\/>\n<\/svg>\n<a class=\"\" href=\"https:\/\/eventlive-tvproduktion.de\/?author=5\">Uwe Kisker<\/a><\/span><span class=\"ultp-block-date ultp-block-meta-element\"><svg xmlns=\"http:\/\/www.w3.org\/2000\/svg\" fill=\"none\" viewBox=\"0 0 24 24\">\n  <path stroke=\"currentColor\" stroke-linecap=\"round\" stroke-linejoin=\"round\" stroke-width=\"1.5\" d=\"M3 5.5a2 2 0 0 1 2-2h14a2 2 0 0 1 2 2v14a2 2 0 0 1-2 2H5a2 2 0 0 1-2-2v-14ZM8 2v3m8-3v3M3 9h18\"\/>\n<\/svg>\nApr. 13, 2026<\/span><\/div><\/div><\/div><\/div><\/div><div class=\"ultp-block-item post-id-7671\"><div class=\"ultp-block-content-wrap ultp-block-content-overlay\"><div class=\"ultp-block-image ultp-block-image-roateLeft ultp-block-image-overlay ultp-block-image-flat\"><a href=\"https:\/\/eventlive-tvproduktion.de\/?p=7671\" ><img decoding=\"async\"  alt=\"Die Zuschauer erlebten eine intensive und abwechslungsreiche Partie 36:33\"  src=\"https:\/\/eventlive-tvproduktion.de\/wp-content\/uploads\/94A68EA5-977D-4A52-A7FB-458E3D2E73B1_4_5005_c.jpeg\" \/><\/a><\/div><div class=\"ultp-block-content ultp-block-content-bottomPosition\"><div class=\"ultp-block-content-inner\"><div class=\"ultp-category-grid ultp-category-classic ultp-category-aboveTitle\"><div class=\"ultp-category-in\"><a class=\"ultp-cat-aktuelles\" href=\"https:\/\/eventlive-tvproduktion.de\/?cat=31\"  >Aktuelles<\/a><a class=\"ultp-cat-startseite\" href=\"https:\/\/eventlive-tvproduktion.de\/?cat=2\"  >Startseite<\/a><\/div><\/div><h3 class=\"ultp-block-title \"><a href=\"https:\/\/eventlive-tvproduktion.de\/?p=7671\" >Die Zuschauer erlebten eine intensive und abwechslungsreiche Partie 36:33<\/a><\/h3><div class=\"ultp-block-meta ultp-block-meta-dot ultp-block-meta-icon\"><span class=\"ultp-block-author ultp-block-meta-element\"><svg xmlns=\"http:\/\/www.w3.org\/2000\/svg\" fill=\"none\" viewBox=\"0 0 24 24\">\n  <circle cx=\"12\" cy=\"7\" r=\"4\" stroke=\"currentColor\" stroke-linejoin=\"round\" stroke-width=\"1.5\"\/>\n  <path stroke=\"currentColor\" stroke-linecap=\"round\" stroke-linejoin=\"round\" stroke-width=\"1.5\" d=\"M4 21v-3a4 4 0 0 1 4-4h8a4 4 0 0 1 4 4v3\"\/>\n<\/svg>\n<a class=\"\" href=\"https:\/\/eventlive-tvproduktion.de\/?author=5\">Uwe Kisker<\/a><\/span><span class=\"ultp-block-date ultp-block-meta-element\"><svg xmlns=\"http:\/\/www.w3.org\/2000\/svg\" fill=\"none\" viewBox=\"0 0 24 24\">\n  <path stroke=\"currentColor\" stroke-linecap=\"round\" stroke-linejoin=\"round\" stroke-width=\"1.5\" d=\"M3 5.5a2 2 0 0 1 2-2h14a2 2 0 0 1 2 2v14a2 2 0 0 1-2 2H5a2 2 0 0 1-2-2v-14ZM8 2v3m8-3v3M3 9h18\"\/>\n<\/svg>\nApr. 2, 2026<\/span><\/div><\/div><\/div><\/div><\/div><div class=\"ultp-block-item post-id-7654\"><div class=\"ultp-block-content-wrap ultp-block-content-overlay\"><div class=\"ultp-block-image ultp-block-image-roateLeft ultp-block-image-overlay ultp-block-image-flat\"><a href=\"https:\/\/eventlive-tvproduktion.de\/?p=7654\" ><img decoding=\"async\"  alt=\"BVB-Handballerinnen gewinnen den DHB-Pokal 2026! &#x1f3c6;&#x1f5a4;&#x1f49b;\"  src=\"https:\/\/eventlive-tvproduktion.de\/wp-content\/uploads\/EE452EA6-8DC5-424E-BDF8-BE8166FF4258-600x600.jpeg\" \/><\/a><\/div><div class=\"ultp-block-content ultp-block-content-bottomPosition\"><div class=\"ultp-block-content-inner\"><div class=\"ultp-category-grid ultp-category-classic ultp-category-aboveTitle\"><div class=\"ultp-category-in\"><a class=\"ultp-cat-aktuelles\" href=\"https:\/\/eventlive-tvproduktion.de\/?cat=31\"  >Aktuelles<\/a><a class=\"ultp-cat-startseite\" href=\"https:\/\/eventlive-tvproduktion.de\/?cat=2\"  >Startseite<\/a><\/div><\/div><h3 class=\"ultp-block-title \"><a href=\"https:\/\/eventlive-tvproduktion.de\/?p=7654\" >BVB-Handballerinnen gewinnen den DHB-Pokal 2026! &#x1f3c6;&#x1f5a4;&#x1f49b;<\/a><\/h3><div class=\"ultp-block-meta ultp-block-meta-dot ultp-block-meta-icon\"><span class=\"ultp-block-author ultp-block-meta-element\"><svg xmlns=\"http:\/\/www.w3.org\/2000\/svg\" fill=\"none\" viewBox=\"0 0 24 24\">\n  <circle cx=\"12\" cy=\"7\" r=\"4\" stroke=\"currentColor\" stroke-linejoin=\"round\" stroke-width=\"1.5\"\/>\n  <path stroke=\"currentColor\" stroke-linecap=\"round\" stroke-linejoin=\"round\" stroke-width=\"1.5\" d=\"M4 21v-3a4 4 0 0 1 4-4h8a4 4 0 0 1 4 4v3\"\/>\n<\/svg>\n<a class=\"\" href=\"https:\/\/eventlive-tvproduktion.de\/?author=5\">Uwe Kisker<\/a><\/span><span class=\"ultp-block-date ultp-block-meta-element\"><svg xmlns=\"http:\/\/www.w3.org\/2000\/svg\" fill=\"none\" viewBox=\"0 0 24 24\">\n  <path stroke=\"currentColor\" stroke-linecap=\"round\" stroke-linejoin=\"round\" stroke-width=\"1.5\" d=\"M3 5.5a2 2 0 0 1 2-2h14a2 2 0 0 1 2 2v14a2 2 0 0 1-2 2H5a2 2 0 0 1-2-2v-14ZM8 2v3m8-3v3M3 9h18\"\/>\n<\/svg>\nM\u00e4rz 15, 2026<\/span><\/div><\/div><\/div><\/div><\/div><\/div><\/div><div class=\"pagination-block-html\" aria-hidden=\"true\" style=\"display: none;\"><\/div><\/div>","protected":false},"excerpt":{"rendered":"<p>Am Montag, den 14. Juli 2025 um 18:30 Uhr verwandelte Event Live den gro\u00dfen Saal des Alten Rathauses direkt am Marktplatz in ein professionelles Fernsehstudio \u2013 mit vier Kameras, umfassender Ton\u2011 und Lichttechnik sowie Streaming\u2011Infrastruktur f\u00fcr Handy, PC und TV. Anlass war die von der Halterner Zeitung organisierte Wahlarena zur Kommunalwahl 2025&nbsp; . Die Moderation [&hellip;]<\/p>\n","protected":false},"author":5,"featured_media":6321,"comment_status":"closed","ping_status":"open","sticky":false,"template":"","format":"standard","meta":{"footnotes":""},"categories":[31,2],"tags":[343,341,37,299,304,342],"class_list":["post-6318","post","type-post","status-publish","format-standard","has-post-thumbnail","hentry","category-aktuelles","category-startseite","tag-buergermeiater","tag-haltern","tag-tv-produktion","tag-wahl","tag-wahlarena","tag-zeitung"],"_links":{"self":[{"href":"https:\/\/eventlive-tvproduktion.de\/index.php?rest_route=\/wp\/v2\/posts\/6318","targetHints":{"allow":["GET"]}}],"collection":[{"href":"https:\/\/eventlive-tvproduktion.de\/index.php?rest_route=\/wp\/v2\/posts"}],"about":[{"href":"https:\/\/eventlive-tvproduktion.de\/index.php?rest_route=\/wp\/v2\/types\/post"}],"author":[{"embeddable":true,"href":"https:\/\/eventlive-tvproduktion.de\/index.php?rest_route=\/wp\/v2\/users\/5"}],"replies":[{"embeddable":true,"href":"https:\/\/eventlive-tvproduktion.de\/index.php?rest_route=%2Fwp%2Fv2%2Fcomments&post=6318"}],"version-history":[{"count":6,"href":"https:\/\/eventlive-tvproduktion.de\/index.php?rest_route=\/wp\/v2\/posts\/6318\/revisions"}],"predecessor-version":[{"id":6327,"href":"https:\/\/eventlive-tvproduktion.de\/index.php?rest_route=\/wp\/v2\/posts\/6318\/revisions\/6327"}],"wp:featuredmedia":[{"embeddable":true,"href":"https:\/\/eventlive-tvproduktion.de\/index.php?rest_route=\/wp\/v2\/media\/6321"}],"wp:attachment":[{"href":"https:\/\/eventlive-tvproduktion.de\/index.php?rest_route=%2Fwp%2Fv2%2Fmedia&parent=6318"}],"wp:term":[{"taxonomy":"category","embeddable":true,"href":"https:\/\/eventlive-tvproduktion.de\/index.php?rest_route=%2Fwp%2Fv2%2Fcategories&post=6318"},{"taxonomy":"post_tag","embeddable":true,"href":"https:\/\/eventlive-tvproduktion.de\/index.php?rest_route=%2Fwp%2Fv2%2Ftags&post=6318"}],"curies":[{"name":"wp","href":"https:\/\/api.w.org\/{rel}","templated":true}]}}