{"id":6376,"date":"2025-07-30T20:25:48","date_gmt":"2025-07-30T19:25:48","guid":{"rendered":"https:\/\/eventlive-tvproduktion.de\/?p=6376"},"modified":"2025-07-31T11:26:07","modified_gmt":"2025-07-31T10:26:07","slug":"spannende-wahlarena-im-medienhaus-bauer-drei-kandidaten-stellten-sich-den-fragen-der-buerger","status":"publish","type":"post","link":"https:\/\/eventlive-tvproduktion.de\/?p=6376","title":{"rendered":"Spannende Wahlarena im Medienhaus Bauer \u2013 Drei Kandidaten stellten sich den Fragen der B\u00fcrger"},"content":{"rendered":"\n<p>Auch die vierte Ausgabe der Wahlarena im Medienhaus Bauer in Marl verlief reibungslos und zog erneut zahlreiche Besucher an. Rund 100 G\u00e4ste erlebten am Mittwochabend in der Alten Druckerei eine lebhafte und informative Diskussionsrunde mit den drei B\u00fcrgermeisterkandidaten Werner Arndt (SPD), Thomas Terhorst (CDU\/FDP) und Beate K\u00fchnhenrich (B\u00fcndnis 90\/Die Gr\u00fcnen).<\/p>\n\n\n<div class=\"wp-block-image\">\n<figure class=\"alignleft size-full\"><img loading=\"lazy\" decoding=\"async\" width=\"480\" height=\"360\" src=\"https:\/\/eventlive-tvproduktion.de\/wp-content\/uploads\/CFB30FEB-1F4D-46D4-AB10-797627A8AE02_4_5005_c.jpeg\" alt=\"\" class=\"wp-image-6377\" srcset=\"https:\/\/eventlive-tvproduktion.de\/wp-content\/uploads\/CFB30FEB-1F4D-46D4-AB10-797627A8AE02_4_5005_c.jpeg 480w, https:\/\/eventlive-tvproduktion.de\/wp-content\/uploads\/CFB30FEB-1F4D-46D4-AB10-797627A8AE02_4_5005_c-300x225.jpeg 300w, https:\/\/eventlive-tvproduktion.de\/wp-content\/uploads\/CFB30FEB-1F4D-46D4-AB10-797627A8AE02_4_5005_c-150x113.jpeg 150w\" sizes=\"auto, (max-width: 480px) 100vw, 480px\" \/><figcaption class=\"wp-element-caption\">Die Moderatoren und G\u00e4ste<\/figcaption><\/figure>\n<\/div>\n\n\n<p>Die Moderatoren der Marler Zeitung, Martina M\u00f6ller und Thomas Brysch, f\u00fchrten souver\u00e4n und professionell durch das Programm. Im Mittelpunkt der Diskussion standen die Verkehrssituation in Marl, der geplante Umbau des Rathauses sowie die Zukunft der Schulen in der Stadt.<\/p>\n\n\n\n<p>Das Publikum konnte sich aktiv einbringen: Zahlreiche Fragen wurden schriftlich eingereicht und von den Moderatoren an die Kandidaten weitergegeben.<\/p>\n\n\n<div class=\"wp-block-image\">\n<figure class=\"alignleft size-full\"><img loading=\"lazy\" decoding=\"async\" width=\"480\" height=\"360\" src=\"https:\/\/eventlive-tvproduktion.de\/wp-content\/uploads\/924A4030-4C60-4EEB-AD65-0B4B8F83FC18_4_5005_c.jpeg\" alt=\"\" class=\"wp-image-6378\" srcset=\"https:\/\/eventlive-tvproduktion.de\/wp-content\/uploads\/924A4030-4C60-4EEB-AD65-0B4B8F83FC18_4_5005_c.jpeg 480w, https:\/\/eventlive-tvproduktion.de\/wp-content\/uploads\/924A4030-4C60-4EEB-AD65-0B4B8F83FC18_4_5005_c-300x225.jpeg 300w, https:\/\/eventlive-tvproduktion.de\/wp-content\/uploads\/924A4030-4C60-4EEB-AD65-0B4B8F83FC18_4_5005_c-150x113.jpeg 150w\" sizes=\"auto, (max-width: 480px) 100vw, 480px\" \/><figcaption class=\"wp-element-caption\">6 Kameras waren im Einsatz<\/figcaption><\/figure>\n<\/div>\n\n\n<p>F\u00fcr die technische Umsetzung sorgte erneut das Team von Event Live, das sechs Kameras, sechs Mikrofone sowie einen modernen \u00dcbertragungswagen mit s\u00e4mtlichen technischen M\u00f6glichkeiten einsetzte. Die Sendung wurde \u00fcber 2 Stunden und 10 Minuten live gestreamt und fand nicht nur online, sondern auch vor Ort gro\u00dfen Anklang.<\/p>\n\n\n\n<p>Ein besonderer Dank gilt den vielen Mitarbeiterinnen und Mitarbeitern des Medienhauses Bauer, die eng mit dem Team von Event Live zusammenarbeiteten und so eine perfekte Produktion erm\u00f6glichten.<\/p>\n\n\n\n<p>Die n\u00e4chste Wahlarena steht bereits in den Startl\u00f6chern: Am Donnerstag d\u00fcrfen sich die B\u00fcrgerinnen und B\u00fcrger erneut auf eine spannende Debatte und eine reibungslose Live-\u00dcbertragung freuen.<\/p>\n\n\n\n<p>Alle infos und der Livestream <a href=\"https:\/\/www.marler-zeitung.de\/\">(Marler Zeitung)<\/a><\/p>\n\n\n\n<p><\/p>\n","protected":false},"excerpt":{"rendered":"<p>Auch die vierte Ausgabe der Wahlarena im Medienhaus Bauer in Marl verlief reibungslos und zog erneut zahlreiche Besucher an. Rund 100 G\u00e4ste erlebten am Mittwochabend in der Alten Druckerei eine lebhafte und informative Diskussionsrunde mit den drei B\u00fcrgermeisterkandidaten Werner Arndt (SPD), Thomas Terhorst (CDU\/FDP) und Beate K\u00fchnhenrich (B\u00fcndnis 90\/Die Gr\u00fcnen). Die Moderatoren der Marler Zeitung, [&hellip;]<\/p>\n","protected":false},"author":5,"featured_media":6379,"comment_status":"closed","ping_status":"open","sticky":false,"template":"","format":"standard","meta":{"footnotes":""},"categories":[31,2],"tags":[320,52,348,347,319,139,304],"class_list":["post-6376","post","type-post","status-publish","format-standard","has-post-thumbnail","hentry","category-aktuelles","category-startseite","tag-cdu","tag-live","tag-marler-zeitung","tag-medienhaus-bauer","tag-spd","tag-talk","tag-wahlarena"],"_links":{"self":[{"href":"https:\/\/eventlive-tvproduktion.de\/index.php?rest_route=\/wp\/v2\/posts\/6376","targetHints":{"allow":["GET"]}}],"collection":[{"href":"https:\/\/eventlive-tvproduktion.de\/index.php?rest_route=\/wp\/v2\/posts"}],"about":[{"href":"https:\/\/eventlive-tvproduktion.de\/index.php?rest_route=\/wp\/v2\/types\/post"}],"author":[{"embeddable":true,"href":"https:\/\/eventlive-tvproduktion.de\/index.php?rest_route=\/wp\/v2\/users\/5"}],"replies":[{"embeddable":true,"href":"https:\/\/eventlive-tvproduktion.de\/index.php?rest_route=%2Fwp%2Fv2%2Fcomments&post=6376"}],"version-history":[{"count":2,"href":"https:\/\/eventlive-tvproduktion.de\/index.php?rest_route=\/wp\/v2\/posts\/6376\/revisions"}],"predecessor-version":[{"id":6387,"href":"https:\/\/eventlive-tvproduktion.de\/index.php?rest_route=\/wp\/v2\/posts\/6376\/revisions\/6387"}],"wp:featuredmedia":[{"embeddable":true,"href":"https:\/\/eventlive-tvproduktion.de\/index.php?rest_route=\/wp\/v2\/media\/6379"}],"wp:attachment":[{"href":"https:\/\/eventlive-tvproduktion.de\/index.php?rest_route=%2Fwp%2Fv2%2Fmedia&parent=6376"}],"wp:term":[{"taxonomy":"category","embeddable":true,"href":"https:\/\/eventlive-tvproduktion.de\/index.php?rest_route=%2Fwp%2Fv2%2Fcategories&post=6376"},{"taxonomy":"post_tag","embeddable":true,"href":"https:\/\/eventlive-tvproduktion.de\/index.php?rest_route=%2Fwp%2Fv2%2Ftags&post=6376"}],"curies":[{"name":"wp","href":"https:\/\/api.w.org\/{rel}","templated":true}]}}