{"id":6686,"date":"2025-10-05T06:51:00","date_gmt":"2025-10-05T05:51:00","guid":{"rendered":"https:\/\/eventlive-tvproduktion.de\/?p=6686"},"modified":"2025-10-05T13:11:22","modified_gmt":"2025-10-05T12:11:22","slug":"nicole-kruse-uwe-kisker-mit-herzblut-auf-dem-dortmunder-oktoberfest","status":"publish","type":"post","link":"https:\/\/eventlive-tvproduktion.de\/?p=6686","title":{"rendered":"\u201eO\u2019zapft is!\u201c  Das war das Dortmunder-Oktoberfest 2025!"},"content":{"rendered":"\n<p>Dortmund, 05.10.25<\/p>\n\n\n\n<p>Vom 26. September bis zum 4. Oktober wurde im Revierpark Wischlingen die 15. Ausgabe des Dortmunder Oktoberfestes gefeiert. An insgesamt f\u00fcnf Tagen str\u00f6mten fast 20.000 Besucher in das gro\u00dfe Festzelt auf den Wischlingen Wiesen und erlebten ein Programm voller Musik, Stimmung und \u00dcberraschungen. Wie in jedem Jahr f\u00fchrte die Kultband \u201eM\u00fcnchner G\u2019schichten\u201c an allen Abenden musikalisch durch das Programm und brachte das Zelt mit ihren Partyklassikern zum Beben. Moderiert wurde das Oktoberfest erneut von den beliebten Gastgebern Nicole Kruse und Uwe Kisker, die mit viel Charme, Humor und Energie f\u00fcr beste Unterhaltung sorgten.<\/p>\n\n\n\n<figure class=\"wp-block-embed is-type-video is-provider-youtube wp-block-embed-youtube wp-embed-aspect-16-9 wp-has-aspect-ratio\"><div class=\"wp-block-embed__wrapper\">\n<iframe loading=\"lazy\" title=\"5 Tage auf dem Dortmunder Oktoberfest 2025\" width=\"640\" height=\"360\" src=\"https:\/\/www.youtube.com\/embed\/qeo3R40EW-4?feature=oembed\" frameborder=\"0\" allow=\"accelerometer; autoplay; clipboard-write; encrypted-media; gyroscope; picture-in-picture; web-share\" referrerpolicy=\"strict-origin-when-cross-origin\" allowfullscreen><\/iframe>\n<\/div><\/figure>\n\n\n\n<p><strong>Ein Auftakt nach Ma\u00df<\/strong><\/p>\n\n\n\n<p>Den offiziellen Fassanstich \u00fcbernahm Bernd Kruse, Gesch\u00e4ftsf\u00fchrer des Revierparks Wischlingen. F\u00fcr G\u00e4nsehaut sorgte direkt zu Beginn Matthias Kartner, der mit dem Song \u201eYou\u2019ll Never Walk Alone\u201c das Zelt zum Mitsingen brachte. Ein H\u00f6hepunkt des ersten Abends war au\u00dferdem der Auftritt von Olaf der Flipper, der mit seinem Jubil\u00e4umsprogramm \u201e40 Jahre Die Flippers\u201c die Fans begeisterte.<\/p>\n\n\n\n<p><strong>Stimmungsgarant Mickie Krause<\/strong> <\/p>\n\n\n\n<p>Am zweiten Festtag stand dann Mickie Krause auf der B\u00fchne \u2013 ein fester Bestandteil des Dortmunder Oktoberfestes. Zum 19. Mal sorgte er f\u00fcr ausgelassene Stimmung und ein ausverkauftes Zelt. Auch Guildo von der Wiesen heizte mit bekannten Hits aus den Niederlanden ordentlich ein.<\/p>\n\n\n\n<figure class=\"wp-block-gallery has-nested-images columns-default is-cropped wp-block-gallery-1 is-layout-flex wp-block-gallery-is-layout-flex\">\n<figure class=\"wp-block-image size-large\"><a href=\"https:\/\/eventlive-tvproduktion.de\/wp-content\/uploads\/1004_Oktoberfest_Tag5_-Schuetze_332.jpg\" data-rel=\"lightbox-image-0\" data-rl_title=\"\" data-rl_caption=\"\" title=\"\"><img loading=\"lazy\" decoding=\"async\" width=\"768\" height=\"513\" data-id=\"6778\" src=\"https:\/\/eventlive-tvproduktion.de\/wp-content\/uploads\/1004_Oktoberfest_Tag5_-Schuetze_332-768x513.jpg\" alt=\"\" class=\"wp-image-6778\" srcset=\"https:\/\/eventlive-tvproduktion.de\/wp-content\/uploads\/1004_Oktoberfest_Tag5_-Schuetze_332-768x513.jpg 768w, https:\/\/eventlive-tvproduktion.de\/wp-content\/uploads\/1004_Oktoberfest_Tag5_-Schuetze_332-300x200.jpg 300w, https:\/\/eventlive-tvproduktion.de\/wp-content\/uploads\/1004_Oktoberfest_Tag5_-Schuetze_332-150x100.jpg 150w, https:\/\/eventlive-tvproduktion.de\/wp-content\/uploads\/1004_Oktoberfest_Tag5_-Schuetze_332.jpg 800w\" sizes=\"auto, (max-width: 768px) 100vw, 768px\" \/><\/a><figcaption class=\"wp-element-caption\">Copyright Stephan Schuetze<\/figcaption><\/figure>\n\n\n\n<figure class=\"wp-block-image size-large\"><a href=\"https:\/\/eventlive-tvproduktion.de\/wp-content\/uploads\/1004_Oktoberfest_Tag5_-Schuetze_329.jpg\" data-rel=\"lightbox-image-1\" data-rl_title=\"\" data-rl_caption=\"\" title=\"\"><img loading=\"lazy\" decoding=\"async\" width=\"768\" height=\"500\" data-id=\"6777\" src=\"https:\/\/eventlive-tvproduktion.de\/wp-content\/uploads\/1004_Oktoberfest_Tag5_-Schuetze_329-768x500.jpg\" alt=\"\" class=\"wp-image-6777\" srcset=\"https:\/\/eventlive-tvproduktion.de\/wp-content\/uploads\/1004_Oktoberfest_Tag5_-Schuetze_329-768x500.jpg 768w, https:\/\/eventlive-tvproduktion.de\/wp-content\/uploads\/1004_Oktoberfest_Tag5_-Schuetze_329-300x195.jpg 300w, https:\/\/eventlive-tvproduktion.de\/wp-content\/uploads\/1004_Oktoberfest_Tag5_-Schuetze_329-150x98.jpg 150w, https:\/\/eventlive-tvproduktion.de\/wp-content\/uploads\/1004_Oktoberfest_Tag5_-Schuetze_329.jpg 800w\" sizes=\"auto, (max-width: 768px) 100vw, 768px\" \/><\/a><figcaption class=\"wp-element-caption\">uf dem Oktoberfest 2025 <\/figcaption><\/figure>\n\n\n\n<figure class=\"wp-block-image size-large\"><a href=\"https:\/\/eventlive-tvproduktion.de\/wp-content\/uploads\/1004_Oktoberfest_Tag5_-Schuetze_109.jpg\" data-rel=\"lightbox-image-2\" data-rl_title=\"\" data-rl_caption=\"\" title=\"\"><img loading=\"lazy\" decoding=\"async\" width=\"768\" height=\"513\" data-id=\"6775\" src=\"https:\/\/eventlive-tvproduktion.de\/wp-content\/uploads\/1004_Oktoberfest_Tag5_-Schuetze_109-768x513.jpg\" alt=\"\" class=\"wp-image-6775\" srcset=\"https:\/\/eventlive-tvproduktion.de\/wp-content\/uploads\/1004_Oktoberfest_Tag5_-Schuetze_109-768x513.jpg 768w, https:\/\/eventlive-tvproduktion.de\/wp-content\/uploads\/1004_Oktoberfest_Tag5_-Schuetze_109-300x200.jpg 300w, https:\/\/eventlive-tvproduktion.de\/wp-content\/uploads\/1004_Oktoberfest_Tag5_-Schuetze_109-150x100.jpg 150w, https:\/\/eventlive-tvproduktion.de\/wp-content\/uploads\/1004_Oktoberfest_Tag5_-Schuetze_109.jpg 800w\" sizes=\"auto, (max-width: 768px) 100vw, 768px\" \/><\/a><figcaption class=\"wp-element-caption\">Auf dem Oktoberfest 2025  &#8211;   Copyright Stephan Schuetze<\/figcaption><\/figure>\n\n\n\n<figure class=\"wp-block-image size-large\"><a href=\"https:\/\/eventlive-tvproduktion.de\/wp-content\/uploads\/1004_Oktoberfest_Tag5_-Schuetze_313.jpg\" data-rel=\"lightbox-image-3\" data-rl_title=\"\" data-rl_caption=\"\" title=\"\"><img loading=\"lazy\" decoding=\"async\" width=\"768\" height=\"513\" data-id=\"6776\" src=\"https:\/\/eventlive-tvproduktion.de\/wp-content\/uploads\/1004_Oktoberfest_Tag5_-Schuetze_313-768x513.jpg\" alt=\"\" class=\"wp-image-6776\" srcset=\"https:\/\/eventlive-tvproduktion.de\/wp-content\/uploads\/1004_Oktoberfest_Tag5_-Schuetze_313-768x513.jpg 768w, https:\/\/eventlive-tvproduktion.de\/wp-content\/uploads\/1004_Oktoberfest_Tag5_-Schuetze_313-300x200.jpg 300w, https:\/\/eventlive-tvproduktion.de\/wp-content\/uploads\/1004_Oktoberfest_Tag5_-Schuetze_313-150x100.jpg 150w, https:\/\/eventlive-tvproduktion.de\/wp-content\/uploads\/1004_Oktoberfest_Tag5_-Schuetze_313.jpg 800w\" sizes=\"auto, (max-width: 768px) 100vw, 768px\" \/><\/a><figcaption class=\"wp-element-caption\">Auf dem Oktoberfest 2025 Copyright Stephan Schuetze<\/figcaption><\/figure>\n\n\n\n<figure class=\"wp-block-image size-large\"><a href=\"https:\/\/eventlive-tvproduktion.de\/wp-content\/uploads\/1004_Oktoberfest_Tag5_-Schuetze_106.jpg\" data-rel=\"lightbox-image-4\" data-rl_title=\"\" data-rl_caption=\"\" title=\"\"><img loading=\"lazy\" decoding=\"async\" width=\"768\" height=\"513\" data-id=\"6774\" src=\"https:\/\/eventlive-tvproduktion.de\/wp-content\/uploads\/1004_Oktoberfest_Tag5_-Schuetze_106-768x513.jpg\" alt=\"\" class=\"wp-image-6774\" srcset=\"https:\/\/eventlive-tvproduktion.de\/wp-content\/uploads\/1004_Oktoberfest_Tag5_-Schuetze_106-768x513.jpg 768w, https:\/\/eventlive-tvproduktion.de\/wp-content\/uploads\/1004_Oktoberfest_Tag5_-Schuetze_106-300x200.jpg 300w, https:\/\/eventlive-tvproduktion.de\/wp-content\/uploads\/1004_Oktoberfest_Tag5_-Schuetze_106-150x100.jpg 150w, https:\/\/eventlive-tvproduktion.de\/wp-content\/uploads\/1004_Oktoberfest_Tag5_-Schuetze_106.jpg 800w\" sizes=\"auto, (max-width: 768px) 100vw, 768px\" \/><\/a><figcaption class=\"wp-element-caption\">Auf dem Oktoberfest 2025 \/ Copyright Stephan Schuetze<\/figcaption><\/figure>\n\n\n\n<figure class=\"wp-block-image size-large\"><a href=\"https:\/\/eventlive-tvproduktion.de\/wp-content\/uploads\/1004_Oktoberfest_Tag5_-Schuetze_012-1.jpg\" data-rel=\"lightbox-image-5\" data-rl_title=\"\" data-rl_caption=\"\" title=\"\"><img loading=\"lazy\" decoding=\"async\" width=\"768\" height=\"513\" data-id=\"6770\" src=\"https:\/\/eventlive-tvproduktion.de\/wp-content\/uploads\/1004_Oktoberfest_Tag5_-Schuetze_012-1-768x513.jpg\" alt=\"\" class=\"wp-image-6770\" srcset=\"https:\/\/eventlive-tvproduktion.de\/wp-content\/uploads\/1004_Oktoberfest_Tag5_-Schuetze_012-1-768x513.jpg 768w, https:\/\/eventlive-tvproduktion.de\/wp-content\/uploads\/1004_Oktoberfest_Tag5_-Schuetze_012-1-300x200.jpg 300w, https:\/\/eventlive-tvproduktion.de\/wp-content\/uploads\/1004_Oktoberfest_Tag5_-Schuetze_012-1-150x100.jpg 150w, https:\/\/eventlive-tvproduktion.de\/wp-content\/uploads\/1004_Oktoberfest_Tag5_-Schuetze_012-1.jpg 800w\" sizes=\"auto, (max-width: 768px) 100vw, 768px\" \/><\/a><figcaption class=\"wp-element-caption\">Auf dem Oktoberfest 2025 \/ Copyright Stephan Schuetze<\/figcaption><\/figure>\n<\/figure>\n\n\n\n<p><strong>B\u00fchne f\u00fcr Nachwuchstalente<\/strong><\/p>\n\n\n\n<p>Der dritte Tag stand ganz im Zeichen der Zukunft: Erstmals erhielten Nachwuchsk\u00fcnstler die Chance, sich beim Oktoberfest zu pr\u00e4sentieren. \u00dcber Social Media konnten die Fans im Vorfeld abstimmen, und so gewann Issemcpter mit seinem Song \u201eLass mich in den K\u00f6nig\u201c den Contest.<\/p>\n\n\n\n<p><strong>Finaler H\u00f6hepunkt mit Lorenz B\u00fcffel<\/strong><\/p>\n\n\n\n<p>Den kr\u00f6nenden Abschluss bildete Lorenz B\u00fcffel, der das Publikum mit seinen Ballermann-Hits noch einmal zum Toben brachte. Damit endeten f\u00fcnf Tage voller Musik, Feierlaune und bester Unterhaltung.<\/p>\n\n\n\n<p><strong>Technik und Ausblick<\/strong>: Dank Event Live konnten alle Besucher das Geschehen auf der B\u00fchne \u00fcber zahlreiche Videow\u00e4nde mitverfolgen. Auch die Sponsoren waren dadurch im gesamten Zelt bestens sichtbar.<\/p>\n\n\n\n<p>Das Fazit: Das Dortmunder Oktoberfest 2025 war ein voller Erfolg \u2013 und die Vorfreude auf das kommende Jahr ist gro\u00df. 2026 wird das Fest sogar an sechs Tagen im Revierpark Wischlingen stattfinden.<\/p>\n\n\n\n<hr class=\"wp-block-separator has-alpha-channel-opacity is-style-wide\"\/>\n\n\n\n<p class=\"has-medium-font-size\">Dortmund, 28.09.25 <\/p>\n\n\n\n<p class=\"has-medium-font-size\"><strong>Dortmunder Oktoberfest 2025 \u2013 Der zweite Tag auf den Wischlinger Wiesen<\/strong><\/p>\n\n\n\n<p>Am zweiten Tag des Dortmunder Oktoberfests 2025 hie\u00df es wieder \u201eO\u2019zapft is\u201c auf den Wischlinger Wiesen. Punkt 18:30 Uhr er\u00f6ffneten die beliebten Moderatoren Nicole Kruse und Uwe Kisker die gro\u00dfe Party. Schon zu Beginn zeigte sich: Das Publikum war von der ersten Minute an in bester Feierlaune.<\/p>\n\n\n\n<figure class=\"wp-block-gallery has-nested-images columns-default is-cropped wp-block-gallery-2 is-layout-flex wp-block-gallery-is-layout-flex\">\n<figure class=\"wp-block-image size-large\"><a href=\"https:\/\/eventlive-tvproduktion.de\/wp-content\/uploads\/0927do-Oktoberfest-Tag-2-Schuetze_091.jpg\" data-rel=\"lightbox-image-6\" data-rl_title=\"\" data-rl_caption=\"\" title=\"\"><img loading=\"lazy\" decoding=\"async\" width=\"768\" height=\"513\" data-id=\"6737\" src=\"https:\/\/eventlive-tvproduktion.de\/wp-content\/uploads\/0927do-Oktoberfest-Tag-2-Schuetze_091-768x513.jpg\" alt=\"\" class=\"wp-image-6737\" srcset=\"https:\/\/eventlive-tvproduktion.de\/wp-content\/uploads\/0927do-Oktoberfest-Tag-2-Schuetze_091-768x513.jpg 768w, https:\/\/eventlive-tvproduktion.de\/wp-content\/uploads\/0927do-Oktoberfest-Tag-2-Schuetze_091-300x200.jpg 300w, https:\/\/eventlive-tvproduktion.de\/wp-content\/uploads\/0927do-Oktoberfest-Tag-2-Schuetze_091-150x100.jpg 150w, https:\/\/eventlive-tvproduktion.de\/wp-content\/uploads\/0927do-Oktoberfest-Tag-2-Schuetze_091.jpg 800w\" sizes=\"auto, (max-width: 768px) 100vw, 768px\" \/><\/a><figcaption class=\"wp-element-caption\">Tag 2 auf dem Do. Oktoberfest 2025<\/figcaption><\/figure>\n\n\n\n<figure class=\"wp-block-image size-large\"><a href=\"https:\/\/eventlive-tvproduktion.de\/wp-content\/uploads\/0927do-Oktoberfest-Tag-2-Schuetze_092.jpg\" data-rel=\"lightbox-image-7\" data-rl_title=\"\" data-rl_caption=\"\" title=\"\"><img loading=\"lazy\" decoding=\"async\" width=\"768\" height=\"513\" data-id=\"6738\" src=\"https:\/\/eventlive-tvproduktion.de\/wp-content\/uploads\/0927do-Oktoberfest-Tag-2-Schuetze_092-768x513.jpg\" alt=\"\" class=\"wp-image-6738\" srcset=\"https:\/\/eventlive-tvproduktion.de\/wp-content\/uploads\/0927do-Oktoberfest-Tag-2-Schuetze_092-768x513.jpg 768w, https:\/\/eventlive-tvproduktion.de\/wp-content\/uploads\/0927do-Oktoberfest-Tag-2-Schuetze_092-300x200.jpg 300w, https:\/\/eventlive-tvproduktion.de\/wp-content\/uploads\/0927do-Oktoberfest-Tag-2-Schuetze_092-150x100.jpg 150w, https:\/\/eventlive-tvproduktion.de\/wp-content\/uploads\/0927do-Oktoberfest-Tag-2-Schuetze_092.jpg 800w\" sizes=\"auto, (max-width: 768px) 100vw, 768px\" \/><\/a><figcaption class=\"wp-element-caption\">Tag 2 auf dem Do. Oktoberfest 2025<\/figcaption><\/figure>\n\n\n\n<figure class=\"wp-block-image size-large\"><a href=\"https:\/\/eventlive-tvproduktion.de\/wp-content\/uploads\/0927do-Oktoberfest-Tag-2-Schuetze_094.jpg\" data-rel=\"lightbox-image-8\" data-rl_title=\"\" data-rl_caption=\"\" title=\"\"><img loading=\"lazy\" decoding=\"async\" width=\"768\" height=\"513\" data-id=\"6739\" src=\"https:\/\/eventlive-tvproduktion.de\/wp-content\/uploads\/0927do-Oktoberfest-Tag-2-Schuetze_094-768x513.jpg\" alt=\"\" class=\"wp-image-6739\" srcset=\"https:\/\/eventlive-tvproduktion.de\/wp-content\/uploads\/0927do-Oktoberfest-Tag-2-Schuetze_094-768x513.jpg 768w, https:\/\/eventlive-tvproduktion.de\/wp-content\/uploads\/0927do-Oktoberfest-Tag-2-Schuetze_094-300x200.jpg 300w, https:\/\/eventlive-tvproduktion.de\/wp-content\/uploads\/0927do-Oktoberfest-Tag-2-Schuetze_094-150x100.jpg 150w, https:\/\/eventlive-tvproduktion.de\/wp-content\/uploads\/0927do-Oktoberfest-Tag-2-Schuetze_094.jpg 800w\" sizes=\"auto, (max-width: 768px) 100vw, 768px\" \/><\/a><figcaption class=\"wp-element-caption\">Tag 2 auf dem Do. Oktoberfest 2025<\/figcaption><\/figure>\n\n\n\n<figure class=\"wp-block-image size-large\"><a href=\"https:\/\/eventlive-tvproduktion.de\/wp-content\/uploads\/0927do-Oktoberfest-Tag-2-Schuetze_097.jpg\" data-rel=\"lightbox-image-9\" data-rl_title=\"\" data-rl_caption=\"\" title=\"\"><img loading=\"lazy\" decoding=\"async\" width=\"768\" height=\"513\" data-id=\"6740\" src=\"https:\/\/eventlive-tvproduktion.de\/wp-content\/uploads\/0927do-Oktoberfest-Tag-2-Schuetze_097-768x513.jpg\" alt=\"\" class=\"wp-image-6740\" srcset=\"https:\/\/eventlive-tvproduktion.de\/wp-content\/uploads\/0927do-Oktoberfest-Tag-2-Schuetze_097-768x513.jpg 768w, https:\/\/eventlive-tvproduktion.de\/wp-content\/uploads\/0927do-Oktoberfest-Tag-2-Schuetze_097-300x200.jpg 300w, https:\/\/eventlive-tvproduktion.de\/wp-content\/uploads\/0927do-Oktoberfest-Tag-2-Schuetze_097-150x100.jpg 150w, https:\/\/eventlive-tvproduktion.de\/wp-content\/uploads\/0927do-Oktoberfest-Tag-2-Schuetze_097.jpg 800w\" sizes=\"auto, (max-width: 768px) 100vw, 768px\" \/><\/a><figcaption class=\"wp-element-caption\">Tag 2 auf dem Do. Oktoberfest 2025<\/figcaption><\/figure>\n\n\n\n<figure class=\"wp-block-image size-large\"><a href=\"https:\/\/eventlive-tvproduktion.de\/wp-content\/uploads\/0927do-Oktoberfest-Tag-2-Schuetze_102.jpg\" data-rel=\"lightbox-image-10\" data-rl_title=\"\" data-rl_caption=\"\" title=\"\"><img loading=\"lazy\" decoding=\"async\" width=\"768\" height=\"513\" data-id=\"6741\" src=\"https:\/\/eventlive-tvproduktion.de\/wp-content\/uploads\/0927do-Oktoberfest-Tag-2-Schuetze_102-768x513.jpg\" alt=\"\" class=\"wp-image-6741\" srcset=\"https:\/\/eventlive-tvproduktion.de\/wp-content\/uploads\/0927do-Oktoberfest-Tag-2-Schuetze_102-768x513.jpg 768w, https:\/\/eventlive-tvproduktion.de\/wp-content\/uploads\/0927do-Oktoberfest-Tag-2-Schuetze_102-300x200.jpg 300w, https:\/\/eventlive-tvproduktion.de\/wp-content\/uploads\/0927do-Oktoberfest-Tag-2-Schuetze_102-150x100.jpg 150w, https:\/\/eventlive-tvproduktion.de\/wp-content\/uploads\/0927do-Oktoberfest-Tag-2-Schuetze_102.jpg 800w\" sizes=\"auto, (max-width: 768px) 100vw, 768px\" \/><\/a><figcaption class=\"wp-element-caption\">Tag 2 auf dem Do. Oktoberfest 2025<\/figcaption><\/figure>\n\n\n\n<figure class=\"wp-block-image size-large\"><a href=\"https:\/\/eventlive-tvproduktion.de\/wp-content\/uploads\/0927do-Oktoberfest-Tag-2-Schuetze_106.jpg\" data-rel=\"lightbox-image-11\" data-rl_title=\"\" data-rl_caption=\"\" title=\"\"><img loading=\"lazy\" decoding=\"async\" width=\"768\" height=\"513\" data-id=\"6742\" src=\"https:\/\/eventlive-tvproduktion.de\/wp-content\/uploads\/0927do-Oktoberfest-Tag-2-Schuetze_106-768x513.jpg\" alt=\"\" class=\"wp-image-6742\" srcset=\"https:\/\/eventlive-tvproduktion.de\/wp-content\/uploads\/0927do-Oktoberfest-Tag-2-Schuetze_106-768x513.jpg 768w, https:\/\/eventlive-tvproduktion.de\/wp-content\/uploads\/0927do-Oktoberfest-Tag-2-Schuetze_106-300x200.jpg 300w, https:\/\/eventlive-tvproduktion.de\/wp-content\/uploads\/0927do-Oktoberfest-Tag-2-Schuetze_106-150x100.jpg 150w, https:\/\/eventlive-tvproduktion.de\/wp-content\/uploads\/0927do-Oktoberfest-Tag-2-Schuetze_106.jpg 800w\" sizes=\"auto, (max-width: 768px) 100vw, 768px\" \/><\/a><figcaption class=\"wp-element-caption\">Tag 2 auf dem Do. Oktoberfest 2025<\/figcaption><\/figure>\n\n\n\n<figure class=\"wp-block-image size-large\"><a href=\"https:\/\/eventlive-tvproduktion.de\/wp-content\/uploads\/0927do-Oktoberfest-Tag-2-Schuetze_109.jpg\" data-rel=\"lightbox-image-12\" data-rl_title=\"\" data-rl_caption=\"\" title=\"\"><img loading=\"lazy\" decoding=\"async\" width=\"768\" height=\"513\" data-id=\"6743\" src=\"https:\/\/eventlive-tvproduktion.de\/wp-content\/uploads\/0927do-Oktoberfest-Tag-2-Schuetze_109-768x513.jpg\" alt=\"\" class=\"wp-image-6743\" srcset=\"https:\/\/eventlive-tvproduktion.de\/wp-content\/uploads\/0927do-Oktoberfest-Tag-2-Schuetze_109-768x513.jpg 768w, https:\/\/eventlive-tvproduktion.de\/wp-content\/uploads\/0927do-Oktoberfest-Tag-2-Schuetze_109-300x200.jpg 300w, https:\/\/eventlive-tvproduktion.de\/wp-content\/uploads\/0927do-Oktoberfest-Tag-2-Schuetze_109-150x100.jpg 150w, https:\/\/eventlive-tvproduktion.de\/wp-content\/uploads\/0927do-Oktoberfest-Tag-2-Schuetze_109.jpg 800w\" sizes=\"auto, (max-width: 768px) 100vw, 768px\" \/><\/a><figcaption class=\"wp-element-caption\">Tag 2 auf dem Do. Oktoberfest 2025<\/figcaption><\/figure>\n\n\n\n<figure class=\"wp-block-image size-large\"><a href=\"https:\/\/eventlive-tvproduktion.de\/wp-content\/uploads\/0927do-Oktoberfest-Tag-2-Schuetze_111.jpg\" data-rel=\"lightbox-image-13\" data-rl_title=\"\" data-rl_caption=\"\" title=\"\"><img loading=\"lazy\" decoding=\"async\" width=\"768\" height=\"513\" data-id=\"6744\" src=\"https:\/\/eventlive-tvproduktion.de\/wp-content\/uploads\/0927do-Oktoberfest-Tag-2-Schuetze_111-768x513.jpg\" alt=\"\" class=\"wp-image-6744\" srcset=\"https:\/\/eventlive-tvproduktion.de\/wp-content\/uploads\/0927do-Oktoberfest-Tag-2-Schuetze_111-768x513.jpg 768w, https:\/\/eventlive-tvproduktion.de\/wp-content\/uploads\/0927do-Oktoberfest-Tag-2-Schuetze_111-300x200.jpg 300w, https:\/\/eventlive-tvproduktion.de\/wp-content\/uploads\/0927do-Oktoberfest-Tag-2-Schuetze_111-150x100.jpg 150w, https:\/\/eventlive-tvproduktion.de\/wp-content\/uploads\/0927do-Oktoberfest-Tag-2-Schuetze_111.jpg 800w\" sizes=\"auto, (max-width: 768px) 100vw, 768px\" \/><\/a><figcaption class=\"wp-element-caption\">Tag 2 auf dem Do. Oktoberfest 2025<\/figcaption><\/figure>\n\n\n\n<figure class=\"wp-block-image size-large\"><a href=\"https:\/\/eventlive-tvproduktion.de\/wp-content\/uploads\/0927do-Oktoberfest-Tag-2-Schuetze_114.jpg\" data-rel=\"lightbox-image-14\" data-rl_title=\"\" data-rl_caption=\"\" title=\"\"><img loading=\"lazy\" decoding=\"async\" width=\"768\" height=\"513\" data-id=\"6745\" src=\"https:\/\/eventlive-tvproduktion.de\/wp-content\/uploads\/0927do-Oktoberfest-Tag-2-Schuetze_114-768x513.jpg\" alt=\"\" class=\"wp-image-6745\" srcset=\"https:\/\/eventlive-tvproduktion.de\/wp-content\/uploads\/0927do-Oktoberfest-Tag-2-Schuetze_114-768x513.jpg 768w, https:\/\/eventlive-tvproduktion.de\/wp-content\/uploads\/0927do-Oktoberfest-Tag-2-Schuetze_114-300x200.jpg 300w, https:\/\/eventlive-tvproduktion.de\/wp-content\/uploads\/0927do-Oktoberfest-Tag-2-Schuetze_114-150x100.jpg 150w, https:\/\/eventlive-tvproduktion.de\/wp-content\/uploads\/0927do-Oktoberfest-Tag-2-Schuetze_114.jpg 800w\" sizes=\"auto, (max-width: 768px) 100vw, 768px\" \/><\/a><figcaption class=\"wp-element-caption\">Tag 2 auf dem Do. Oktoberfest 2025<\/figcaption><\/figure>\n\n\n\n<figure class=\"wp-block-image size-large\"><a href=\"https:\/\/eventlive-tvproduktion.de\/wp-content\/uploads\/0927do-Oktoberfest-Tag-2-Schuetze_121.jpg\" data-rel=\"lightbox-image-15\" data-rl_title=\"\" data-rl_caption=\"\" title=\"\"><img loading=\"lazy\" decoding=\"async\" width=\"768\" height=\"513\" data-id=\"6746\" src=\"https:\/\/eventlive-tvproduktion.de\/wp-content\/uploads\/0927do-Oktoberfest-Tag-2-Schuetze_121-768x513.jpg\" alt=\"\" class=\"wp-image-6746\" srcset=\"https:\/\/eventlive-tvproduktion.de\/wp-content\/uploads\/0927do-Oktoberfest-Tag-2-Schuetze_121-768x513.jpg 768w, https:\/\/eventlive-tvproduktion.de\/wp-content\/uploads\/0927do-Oktoberfest-Tag-2-Schuetze_121-300x200.jpg 300w, https:\/\/eventlive-tvproduktion.de\/wp-content\/uploads\/0927do-Oktoberfest-Tag-2-Schuetze_121-150x100.jpg 150w, https:\/\/eventlive-tvproduktion.de\/wp-content\/uploads\/0927do-Oktoberfest-Tag-2-Schuetze_121.jpg 800w\" sizes=\"auto, (max-width: 768px) 100vw, 768px\" \/><\/a><figcaption class=\"wp-element-caption\">Tag 2 auf dem Do. Oktoberfest 2025<\/figcaption><\/figure>\n\n\n\n<figure class=\"wp-block-image size-large\"><a href=\"https:\/\/eventlive-tvproduktion.de\/wp-content\/uploads\/0927do-Oktoberfest-Tag-2-Schuetze_129.jpg\" data-rel=\"lightbox-image-16\" data-rl_title=\"\" data-rl_caption=\"\" title=\"\"><img loading=\"lazy\" decoding=\"async\" width=\"768\" height=\"513\" data-id=\"6747\" src=\"https:\/\/eventlive-tvproduktion.de\/wp-content\/uploads\/0927do-Oktoberfest-Tag-2-Schuetze_129-768x513.jpg\" alt=\"\" class=\"wp-image-6747\" srcset=\"https:\/\/eventlive-tvproduktion.de\/wp-content\/uploads\/0927do-Oktoberfest-Tag-2-Schuetze_129-768x513.jpg 768w, https:\/\/eventlive-tvproduktion.de\/wp-content\/uploads\/0927do-Oktoberfest-Tag-2-Schuetze_129-300x200.jpg 300w, https:\/\/eventlive-tvproduktion.de\/wp-content\/uploads\/0927do-Oktoberfest-Tag-2-Schuetze_129-150x100.jpg 150w, https:\/\/eventlive-tvproduktion.de\/wp-content\/uploads\/0927do-Oktoberfest-Tag-2-Schuetze_129.jpg 800w\" sizes=\"auto, (max-width: 768px) 100vw, 768px\" \/><\/a><figcaption class=\"wp-element-caption\">Tag 2 auf dem Do. Oktoberfest 2025<\/figcaption><\/figure>\n\n\n\n<figure class=\"wp-block-image size-large\"><a href=\"https:\/\/eventlive-tvproduktion.de\/wp-content\/uploads\/0927do-Oktoberfest-Tag-2-Schuetze_232.jpg\" data-rel=\"lightbox-image-17\" data-rl_title=\"\" data-rl_caption=\"\" title=\"\"><img loading=\"lazy\" decoding=\"async\" width=\"768\" height=\"513\" data-id=\"6748\" src=\"https:\/\/eventlive-tvproduktion.de\/wp-content\/uploads\/0927do-Oktoberfest-Tag-2-Schuetze_232-768x513.jpg\" alt=\"\" class=\"wp-image-6748\" srcset=\"https:\/\/eventlive-tvproduktion.de\/wp-content\/uploads\/0927do-Oktoberfest-Tag-2-Schuetze_232-768x513.jpg 768w, https:\/\/eventlive-tvproduktion.de\/wp-content\/uploads\/0927do-Oktoberfest-Tag-2-Schuetze_232-300x200.jpg 300w, https:\/\/eventlive-tvproduktion.de\/wp-content\/uploads\/0927do-Oktoberfest-Tag-2-Schuetze_232-150x100.jpg 150w, https:\/\/eventlive-tvproduktion.de\/wp-content\/uploads\/0927do-Oktoberfest-Tag-2-Schuetze_232.jpg 800w\" sizes=\"auto, (max-width: 768px) 100vw, 768px\" \/><\/a><figcaption class=\"wp-element-caption\">Tag 2 auf dem Do. Oktoberfest 2025<\/figcaption><\/figure>\n\n\n\n<figure class=\"wp-block-image size-large\"><a href=\"https:\/\/eventlive-tvproduktion.de\/wp-content\/uploads\/0927do-Oktoberfest-Tag-2-Schuetze_248.jpg\" data-rel=\"lightbox-image-18\" data-rl_title=\"\" data-rl_caption=\"\" title=\"\"><img loading=\"lazy\" decoding=\"async\" width=\"768\" height=\"513\" data-id=\"6749\" src=\"https:\/\/eventlive-tvproduktion.de\/wp-content\/uploads\/0927do-Oktoberfest-Tag-2-Schuetze_248-768x513.jpg\" alt=\"\" class=\"wp-image-6749\" srcset=\"https:\/\/eventlive-tvproduktion.de\/wp-content\/uploads\/0927do-Oktoberfest-Tag-2-Schuetze_248-768x513.jpg 768w, https:\/\/eventlive-tvproduktion.de\/wp-content\/uploads\/0927do-Oktoberfest-Tag-2-Schuetze_248-300x200.jpg 300w, https:\/\/eventlive-tvproduktion.de\/wp-content\/uploads\/0927do-Oktoberfest-Tag-2-Schuetze_248-150x100.jpg 150w, https:\/\/eventlive-tvproduktion.de\/wp-content\/uploads\/0927do-Oktoberfest-Tag-2-Schuetze_248.jpg 800w\" sizes=\"auto, (max-width: 768px) 100vw, 768px\" \/><\/a><figcaption class=\"wp-element-caption\">Tag 2 auf dem Do. Oktoberfest 2025<\/figcaption><\/figure>\n\n\n\n<figure class=\"wp-block-image size-large\"><a href=\"https:\/\/eventlive-tvproduktion.de\/wp-content\/uploads\/0927do-Oktoberfest-Tag-2-Schuetze_252.jpg\" data-rel=\"lightbox-image-19\" data-rl_title=\"\" data-rl_caption=\"\" title=\"\"><img loading=\"lazy\" decoding=\"async\" width=\"768\" height=\"513\" data-id=\"6750\" src=\"https:\/\/eventlive-tvproduktion.de\/wp-content\/uploads\/0927do-Oktoberfest-Tag-2-Schuetze_252-768x513.jpg\" alt=\"\" class=\"wp-image-6750\" srcset=\"https:\/\/eventlive-tvproduktion.de\/wp-content\/uploads\/0927do-Oktoberfest-Tag-2-Schuetze_252-768x513.jpg 768w, https:\/\/eventlive-tvproduktion.de\/wp-content\/uploads\/0927do-Oktoberfest-Tag-2-Schuetze_252-300x200.jpg 300w, https:\/\/eventlive-tvproduktion.de\/wp-content\/uploads\/0927do-Oktoberfest-Tag-2-Schuetze_252-150x100.jpg 150w, https:\/\/eventlive-tvproduktion.de\/wp-content\/uploads\/0927do-Oktoberfest-Tag-2-Schuetze_252.jpg 800w\" sizes=\"auto, (max-width: 768px) 100vw, 768px\" \/><\/a><figcaption class=\"wp-element-caption\">Tag 2 auf dem Do. Oktoberfest 2025<\/figcaption><\/figure>\n\n\n\n<figure class=\"wp-block-image size-large\"><a href=\"https:\/\/eventlive-tvproduktion.de\/wp-content\/uploads\/0927do-Oktoberfest-Tag-2-Schuetze_254.jpg\" data-rel=\"lightbox-image-20\" data-rl_title=\"\" data-rl_caption=\"\" title=\"\"><img loading=\"lazy\" decoding=\"async\" width=\"768\" height=\"513\" data-id=\"6751\" src=\"https:\/\/eventlive-tvproduktion.de\/wp-content\/uploads\/0927do-Oktoberfest-Tag-2-Schuetze_254-768x513.jpg\" alt=\"\" class=\"wp-image-6751\" srcset=\"https:\/\/eventlive-tvproduktion.de\/wp-content\/uploads\/0927do-Oktoberfest-Tag-2-Schuetze_254-768x513.jpg 768w, https:\/\/eventlive-tvproduktion.de\/wp-content\/uploads\/0927do-Oktoberfest-Tag-2-Schuetze_254-300x200.jpg 300w, https:\/\/eventlive-tvproduktion.de\/wp-content\/uploads\/0927do-Oktoberfest-Tag-2-Schuetze_254-150x100.jpg 150w, https:\/\/eventlive-tvproduktion.de\/wp-content\/uploads\/0927do-Oktoberfest-Tag-2-Schuetze_254.jpg 800w\" sizes=\"auto, (max-width: 768px) 100vw, 768px\" \/><\/a><figcaption class=\"wp-element-caption\">Tag 2 auf dem Do. Oktoberfest 2025t Stephan Schuetze<\/figcaption><\/figure>\n\n\n\n<figure class=\"wp-block-image size-large\"><a href=\"https:\/\/eventlive-tvproduktion.de\/wp-content\/uploads\/0927do-Oktoberfest-Tag-2-Schuetze_264.jpg\" data-rel=\"lightbox-image-21\" data-rl_title=\"\" data-rl_caption=\"\" title=\"\"><img loading=\"lazy\" decoding=\"async\" width=\"768\" height=\"513\" data-id=\"6752\" src=\"https:\/\/eventlive-tvproduktion.de\/wp-content\/uploads\/0927do-Oktoberfest-Tag-2-Schuetze_264-768x513.jpg\" alt=\"\" class=\"wp-image-6752\" srcset=\"https:\/\/eventlive-tvproduktion.de\/wp-content\/uploads\/0927do-Oktoberfest-Tag-2-Schuetze_264-768x513.jpg 768w, https:\/\/eventlive-tvproduktion.de\/wp-content\/uploads\/0927do-Oktoberfest-Tag-2-Schuetze_264-300x200.jpg 300w, https:\/\/eventlive-tvproduktion.de\/wp-content\/uploads\/0927do-Oktoberfest-Tag-2-Schuetze_264-150x100.jpg 150w, https:\/\/eventlive-tvproduktion.de\/wp-content\/uploads\/0927do-Oktoberfest-Tag-2-Schuetze_264.jpg 800w\" sizes=\"auto, (max-width: 768px) 100vw, 768px\" \/><\/a><figcaption class=\"wp-element-caption\">Tag 2 auf dem Do. Oktoberfest 2025<\/figcaption><\/figure>\n\n\n\n<figure class=\"wp-block-image size-large\"><a href=\"https:\/\/eventlive-tvproduktion.de\/wp-content\/uploads\/0927do-Oktoberfest-Tag-2-Schuetze_267.jpg\" data-rel=\"lightbox-image-22\" data-rl_title=\"\" data-rl_caption=\"\" title=\"\"><img loading=\"lazy\" decoding=\"async\" width=\"768\" height=\"513\" data-id=\"6753\" src=\"https:\/\/eventlive-tvproduktion.de\/wp-content\/uploads\/0927do-Oktoberfest-Tag-2-Schuetze_267-768x513.jpg\" alt=\"\" class=\"wp-image-6753\" srcset=\"https:\/\/eventlive-tvproduktion.de\/wp-content\/uploads\/0927do-Oktoberfest-Tag-2-Schuetze_267-768x513.jpg 768w, https:\/\/eventlive-tvproduktion.de\/wp-content\/uploads\/0927do-Oktoberfest-Tag-2-Schuetze_267-300x200.jpg 300w, https:\/\/eventlive-tvproduktion.de\/wp-content\/uploads\/0927do-Oktoberfest-Tag-2-Schuetze_267-150x100.jpg 150w, https:\/\/eventlive-tvproduktion.de\/wp-content\/uploads\/0927do-Oktoberfest-Tag-2-Schuetze_267.jpg 800w\" sizes=\"auto, (max-width: 768px) 100vw, 768px\" \/><\/a><figcaption class=\"wp-element-caption\">Tag 2 auf dem Do. Oktoberfest 2025<\/figcaption><\/figure>\n\n\n\n<figure class=\"wp-block-image size-large\"><a href=\"https:\/\/eventlive-tvproduktion.de\/wp-content\/uploads\/0927do-Oktoberfest-Tag-2-Schuetze_269.jpg\" data-rel=\"lightbox-image-23\" data-rl_title=\"\" data-rl_caption=\"\" title=\"\"><img loading=\"lazy\" decoding=\"async\" width=\"768\" height=\"513\" data-id=\"6754\" src=\"https:\/\/eventlive-tvproduktion.de\/wp-content\/uploads\/0927do-Oktoberfest-Tag-2-Schuetze_269-768x513.jpg\" alt=\"\" class=\"wp-image-6754\" srcset=\"https:\/\/eventlive-tvproduktion.de\/wp-content\/uploads\/0927do-Oktoberfest-Tag-2-Schuetze_269-768x513.jpg 768w, https:\/\/eventlive-tvproduktion.de\/wp-content\/uploads\/0927do-Oktoberfest-Tag-2-Schuetze_269-300x200.jpg 300w, https:\/\/eventlive-tvproduktion.de\/wp-content\/uploads\/0927do-Oktoberfest-Tag-2-Schuetze_269-150x100.jpg 150w, https:\/\/eventlive-tvproduktion.de\/wp-content\/uploads\/0927do-Oktoberfest-Tag-2-Schuetze_269.jpg 800w\" sizes=\"auto, (max-width: 768px) 100vw, 768px\" \/><\/a><figcaption class=\"wp-element-caption\">Tag 2 auf dem Do. Oktoberfest 2025<\/figcaption><\/figure>\n\n\n\n<figure class=\"wp-block-image size-large\"><a href=\"https:\/\/eventlive-tvproduktion.de\/wp-content\/uploads\/0927do-Oktoberfest-Tag-2-Schuetze_271.jpg\" data-rel=\"lightbox-image-24\" data-rl_title=\"\" data-rl_caption=\"\" title=\"\"><img loading=\"lazy\" decoding=\"async\" width=\"768\" height=\"513\" data-id=\"6755\" src=\"https:\/\/eventlive-tvproduktion.de\/wp-content\/uploads\/0927do-Oktoberfest-Tag-2-Schuetze_271-768x513.jpg\" alt=\"\" class=\"wp-image-6755\" srcset=\"https:\/\/eventlive-tvproduktion.de\/wp-content\/uploads\/0927do-Oktoberfest-Tag-2-Schuetze_271-768x513.jpg 768w, https:\/\/eventlive-tvproduktion.de\/wp-content\/uploads\/0927do-Oktoberfest-Tag-2-Schuetze_271-300x200.jpg 300w, https:\/\/eventlive-tvproduktion.de\/wp-content\/uploads\/0927do-Oktoberfest-Tag-2-Schuetze_271-150x100.jpg 150w, https:\/\/eventlive-tvproduktion.de\/wp-content\/uploads\/0927do-Oktoberfest-Tag-2-Schuetze_271.jpg 800w\" sizes=\"auto, (max-width: 768px) 100vw, 768px\" \/><\/a><figcaption class=\"wp-element-caption\">Tag 2 auf dem Do. Oktoberfest 2025<\/figcaption><\/figure>\n\n\n\n<figure class=\"wp-block-image size-large\"><a href=\"https:\/\/eventlive-tvproduktion.de\/wp-content\/uploads\/0927do-Oktoberfest-Tag-2-Schuetze_283.jpg\" data-rel=\"lightbox-image-25\" data-rl_title=\"\" data-rl_caption=\"\" title=\"\"><img loading=\"lazy\" decoding=\"async\" width=\"768\" height=\"580\" data-id=\"6756\" src=\"https:\/\/eventlive-tvproduktion.de\/wp-content\/uploads\/0927do-Oktoberfest-Tag-2-Schuetze_283-768x580.jpg\" alt=\"\" class=\"wp-image-6756\" srcset=\"https:\/\/eventlive-tvproduktion.de\/wp-content\/uploads\/0927do-Oktoberfest-Tag-2-Schuetze_283-768x580.jpg 768w, https:\/\/eventlive-tvproduktion.de\/wp-content\/uploads\/0927do-Oktoberfest-Tag-2-Schuetze_283-300x227.jpg 300w, https:\/\/eventlive-tvproduktion.de\/wp-content\/uploads\/0927do-Oktoberfest-Tag-2-Schuetze_283-150x113.jpg 150w, https:\/\/eventlive-tvproduktion.de\/wp-content\/uploads\/0927do-Oktoberfest-Tag-2-Schuetze_283.jpg 794w\" sizes=\"auto, (max-width: 768px) 100vw, 768px\" \/><\/a><figcaption class=\"wp-element-caption\">Tag 2 auf dem Do. Oktoberfest 2025<\/figcaption><\/figure>\n\n\n\n<figure class=\"wp-block-image size-large\"><a href=\"https:\/\/eventlive-tvproduktion.de\/wp-content\/uploads\/0927do-Oktoberfest-Tag-2-Schuetze_304.jpg\" data-rel=\"lightbox-image-26\" data-rl_title=\"\" data-rl_caption=\"\" title=\"\"><img loading=\"lazy\" decoding=\"async\" width=\"752\" height=\"600\" data-id=\"6757\" src=\"https:\/\/eventlive-tvproduktion.de\/wp-content\/uploads\/0927do-Oktoberfest-Tag-2-Schuetze_304.jpg\" alt=\"\" class=\"wp-image-6757\" srcset=\"https:\/\/eventlive-tvproduktion.de\/wp-content\/uploads\/0927do-Oktoberfest-Tag-2-Schuetze_304.jpg 752w, https:\/\/eventlive-tvproduktion.de\/wp-content\/uploads\/0927do-Oktoberfest-Tag-2-Schuetze_304-300x239.jpg 300w, https:\/\/eventlive-tvproduktion.de\/wp-content\/uploads\/0927do-Oktoberfest-Tag-2-Schuetze_304-150x120.jpg 150w\" sizes=\"auto, (max-width: 752px) 100vw, 752px\" \/><\/a><figcaption class=\"wp-element-caption\">Tag 2 auf dem Do. Oktoberfest 2025<\/figcaption><\/figure>\n<\/figure>\n\n\n\n<p>Bilder @fotostephan \/ Copyright Stephan Schuetze<\/p>\n\n\n\n<p>F\u00fcr den musikalischen Auftakt sorgten die M\u00fcnchner G\u2019schichten, die mit original bayerischem Sound die Feststimmung anheizten. In den Pausen unterhielt das eingespielte Moderatoren-Duo das Publikum mit viel Witz, spannenden Spielen und interessanten Informationen rund ums Fest. Ein weiteres Highlight des Abends war DJ Guildo von den Wiesen aus den Niederlanden, der das Zelt zum Beben brachte. Viele G\u00e4ste aus Holland waren eigens angereist, um die einzigartige Atmosph\u00e4re in Dortmund mitzuerleben.<\/p>\n\n\n\n<p>Als Top-Act des Abends heizte Mickie Krause den Fans ordentlich ein und sorgte mit seinen Hits f\u00fcr ausgelassene Partystimmung bis sp\u00e4t in die Nacht.<\/p>\n\n\n\n<p>Die ersten beiden Tage des Dortmunder Oktoberfests 2025 zeigten eindrucksvoll: Die Veranstaltung ist ein voller Erfolg und wird von den Besucherinnen und Besuchern begeistert angenommen.<\/p>\n\n\n\n<p>Und die Party geht weiter! Am kommenden Donnerstag steht mit Fancy bereits das n\u00e4chste gro\u00dfe Highlight auf dem Programm. Drei weitere Tage voller Stimmung, Musik und bester Unterhaltung warten auf die G\u00e4st<\/p>\n\n\n\n<hr class=\"wp-block-separator has-text-color has-black-color has-alpha-channel-opacity has-black-background-color has-background is-style-wide\"\/>\n\n\n\n<p>Dortmund, 27.09.25Mit einem z\u00fcnftigen \u201eO\u2019zapft is!\u201c wurde am Freitagabend das Dortmunder Oktoberfest 2025 feierlich er\u00f6ffnet. Zum Auftakt des gr\u00f6\u00dften Oktoberfests der Region stand alles im Zeichen des 15-j\u00e4hrigen Jubil\u00e4ums \u2013 und das feierten die G\u00e4ste ausgelassen im Festzelt des Revierparks Wischlingen.<\/p>\n\n\n\n<p>Bereits 45 Minuten vor der offiziellen Er\u00f6ffnung lud das Team von Event Live zu einem besonderen Livestream ein. In zahlreichen Interviews kamen prominente G\u00e4ste zu Wort, darunter Schlagerstar Olaf der Flipper, der sich ebenso den Fragen stellte wie Chef-Organisator Nils Linke.<\/p>\n\n\n<div class=\"wp-block-image\">\n<figure class=\"alignleft size-full is-resized\"><img loading=\"lazy\" decoding=\"async\" width=\"540\" height=\"360\" src=\"https:\/\/eventlive-tvproduktion.de\/wp-content\/uploads\/D75D9A0B-05F3-4B5E-BCC1-34BB08A67880_4_5005_c.jpeg\" alt=\"\" class=\"wp-image-6729\" style=\"width:443px;height:auto\" srcset=\"https:\/\/eventlive-tvproduktion.de\/wp-content\/uploads\/D75D9A0B-05F3-4B5E-BCC1-34BB08A67880_4_5005_c.jpeg 540w, https:\/\/eventlive-tvproduktion.de\/wp-content\/uploads\/D75D9A0B-05F3-4B5E-BCC1-34BB08A67880_4_5005_c-300x200.jpeg 300w, https:\/\/eventlive-tvproduktion.de\/wp-content\/uploads\/D75D9A0B-05F3-4B5E-BCC1-34BB08A67880_4_5005_c-150x100.jpeg 150w\" sizes=\"auto, (max-width: 540px) 100vw, 540px\" \/><\/figure>\n<\/div>\n\n\n<p>Nach dem feierlichen Fassanstich durch Revierpark-Gesch\u00e4ftsf\u00fchrer Bernd Kruse war die Stimmung kaum zu \u00fcbertreffen. Olaf der Flipper sorgte mit seinen Kult-Hits f\u00fcr erste G\u00e4nsehautmomente, bevor die bayerische Kultband M\u00fcnchner G\u2019schichten das Zelt in echte Wiesn-Stimmung versetzte. Zum kr\u00f6nenden Abschluss des Er\u00f6ffnungsabends brachte das Erfolgsduo Stereoact die Menge mit ihrem unverwechselbaren Disco-Sound und neuen Schlagern zum Tanzen.<\/p>\n\n\n\n<p>Charmant und professionell f\u00fchrten die Moderatoren Nicole Kruse und Uwe Kisker durch das Programm und machten den ersten Abend zu einem gelungenen Auftakt.<\/p>\n\n\n\n<figure class=\"wp-block-gallery has-nested-images columns-default is-cropped wp-block-gallery-3 is-layout-flex wp-block-gallery-is-layout-flex\">\n<figure class=\"wp-block-image size-large\"><img loading=\"lazy\" decoding=\"async\" width=\"540\" height=\"360\" data-id=\"6732\" src=\"https:\/\/eventlive-tvproduktion.de\/wp-content\/uploads\/6FC4C232-A1D7-46E5-ACEF-21D0072A28C1_4_5005_c.jpeg\" alt=\"\" class=\"wp-image-6732\" srcset=\"https:\/\/eventlive-tvproduktion.de\/wp-content\/uploads\/6FC4C232-A1D7-46E5-ACEF-21D0072A28C1_4_5005_c.jpeg 540w, https:\/\/eventlive-tvproduktion.de\/wp-content\/uploads\/6FC4C232-A1D7-46E5-ACEF-21D0072A28C1_4_5005_c-300x200.jpeg 300w, https:\/\/eventlive-tvproduktion.de\/wp-content\/uploads\/6FC4C232-A1D7-46E5-ACEF-21D0072A28C1_4_5005_c-150x100.jpeg 150w\" sizes=\"auto, (max-width: 540px) 100vw, 540px\" \/><\/figure>\n\n\n\n<figure class=\"wp-block-image size-large\"><img loading=\"lazy\" decoding=\"async\" width=\"540\" height=\"360\" data-id=\"6731\" src=\"https:\/\/eventlive-tvproduktion.de\/wp-content\/uploads\/8BE2A69F-E335-4D27-AF2C-65C6C6D465E1_4_5005_c.jpeg\" alt=\"\" class=\"wp-image-6731\" srcset=\"https:\/\/eventlive-tvproduktion.de\/wp-content\/uploads\/8BE2A69F-E335-4D27-AF2C-65C6C6D465E1_4_5005_c.jpeg 540w, https:\/\/eventlive-tvproduktion.de\/wp-content\/uploads\/8BE2A69F-E335-4D27-AF2C-65C6C6D465E1_4_5005_c-300x200.jpeg 300w, https:\/\/eventlive-tvproduktion.de\/wp-content\/uploads\/8BE2A69F-E335-4D27-AF2C-65C6C6D465E1_4_5005_c-150x100.jpeg 150w\" sizes=\"auto, (max-width: 540px) 100vw, 540px\" \/><\/figure>\n\n\n\n<figure class=\"wp-block-image size-large\"><img loading=\"lazy\" decoding=\"async\" width=\"480\" height=\"360\" data-id=\"6730\" src=\"https:\/\/eventlive-tvproduktion.de\/wp-content\/uploads\/4026E72B-4C0A-4424-A7CE-A8149361D493_4_5005_c.jpeg\" alt=\"\" class=\"wp-image-6730\" srcset=\"https:\/\/eventlive-tvproduktion.de\/wp-content\/uploads\/4026E72B-4C0A-4424-A7CE-A8149361D493_4_5005_c.jpeg 480w, https:\/\/eventlive-tvproduktion.de\/wp-content\/uploads\/4026E72B-4C0A-4424-A7CE-A8149361D493_4_5005_c-300x225.jpeg 300w, https:\/\/eventlive-tvproduktion.de\/wp-content\/uploads\/4026E72B-4C0A-4424-A7CE-A8149361D493_4_5005_c-150x113.jpeg 150w\" sizes=\"auto, (max-width: 480px) 100vw, 480px\" \/><\/figure>\n<\/figure>\n\n\n\n<p>Noch bis zum 4. Oktober verwandelt sich der Revierpark Wischlingen in ein St\u00fcck Bayern mitten im Ruhrgebiet. Tausende Besucher in Dirndl und Lederhosen werden in den kommenden Tagen erwartet \u2013 mit stimmungsvollen Auftritten von Stars wie Mickie Krause (Samstag und 3. Oktober) und Lorenz B\u00fcffel (4. Oktober).<\/p>\n\n\n\n<p>Das Dortmunder Oktoberfest hat seine Jubil\u00e4umsausgabe mit einem glanzvollen ersten Abend eingel\u00e4utet \u2013 und verspricht noch viele weitere unvergessliche Stunden voller Musik, Tanz und guter Laune. So werden die M\u00fcnchner G\u2019schichten geschrieben \u2013 mitten in Dortmund.<\/p>\n\n\n\n<hr class=\"wp-block-separator has-text-color has-black-color has-alpha-channel-opacity has-black-background-color has-background is-style-wide\"\/>\n\n\n\n<p>Dortmund, 20.09.25<\/p>\n\n\n\n<p>Nicole Kruse &amp; Uwe Kisker: Mit Herzblut auf dem Dortmunder Oktoberfest<\/p>\n\n\n\n<p>Seit vielen Jahren sind Nicole Kruse und Uwe Kisker die bekannten Gesichter des Dortmunder Oktoberfests. Mit Humor, Charme und sp\u00fcrbarer Begeisterung f\u00fchren sie durch die Abende im gro\u00dfen Festzelt und schaffen es, das Publikum nicht nur zu unterhalten, sondern auch zu begeistern.<\/p>\n\n\n<div class=\"wp-block-image\">\n<figure class=\"alignleft size-large is-resized\"><a href=\"https:\/\/eventlive-tvproduktion.de\/wp-content\/uploads\/Nicole-Uwe-1.jpeg\" data-rel=\"lightbox-image-27\" data-rl_title=\"\" data-rl_caption=\"\" title=\"\"><img loading=\"lazy\" decoding=\"async\" width=\"768\" height=\"513\" src=\"https:\/\/eventlive-tvproduktion.de\/wp-content\/uploads\/Nicole-Uwe-1-768x513.jpeg\" alt=\"\" class=\"wp-image-6689\" style=\"width:460px;height:auto\" srcset=\"https:\/\/eventlive-tvproduktion.de\/wp-content\/uploads\/Nicole-Uwe-1-768x513.jpeg 768w, https:\/\/eventlive-tvproduktion.de\/wp-content\/uploads\/Nicole-Uwe-1-300x200.jpeg 300w, https:\/\/eventlive-tvproduktion.de\/wp-content\/uploads\/Nicole-Uwe-1-150x100.jpeg 150w, https:\/\/eventlive-tvproduktion.de\/wp-content\/uploads\/Nicole-Uwe-1.jpeg 800w\" sizes=\"auto, (max-width: 768px) 100vw, 768px\" \/><\/a><figcaption class=\"wp-element-caption\">Dortmunder Oktoberfest im Revierpark Wischlingen Nicole Kruse &amp; Uwe Kisker Copy Stephan Schuetze<\/figcaption><\/figure>\n<\/div>\n\n\n<p>Vom 26. September bis zum 4. Oktober 2025 verwandeln sich die Wischlingen Wiesen im Revierpark Wischlingen in ein Meer aus Musik, Tanz und guter Laune. F\u00fcr die Moderatoren ist es jedes Jahr ein Highlight \u2013 und beide haben ihre ganz pers\u00f6nlichen Favoriten.<\/p>\n\n\n\n<p>\u201eIch freue mich riesig auf Mickie Krause\u201c, verr\u00e4t Nicole Kruse. \u201eSeine Auftritte sind einfach ein Garant f\u00fcr ausgelassene Stimmung. Wenn er die B\u00fchne betritt, steht das ganze Zelt Kopf \u2013 das macht unglaublich viel Spa\u00df und rei\u00dft auch uns Moderatoren mit.\u201c<\/p>\n\n\n\n<p>Uwe Kisker dagegen hat ein besonderes Faible f\u00fcr K\u00fcnstler wie Lorenz B\u00fcffel, die f\u00fcr ihre mitrei\u00dfende Partystimmung bekannt sind. \u201eDas sind echte Stimmungsgranaten. Wenn Lorenz B\u00fcffel mit voller Energie die B\u00fchne rockt, gibt es im Zelt kein Halten mehr. Solche Momente sind es, die f\u00fcr mich unvergesslich bleiben und warum ich dieses Oktoberfest so sehr liebe.\u201c<\/p>\n\n\n\n<p>Doch gleich am ersten Abend gibt es f\u00fcr Uwe noch ein besonderes Highlight: Am 26. September wird Olaf der Flipper das Fest er\u00f6ffnen. \u201eWie alle wissen, bin ich ein Schlagerfan. Olaf der Flipper live im Festzelt \u2013 das ist f\u00fcr mich ein absoluter H\u00f6hepunkt\u201c, schw\u00e4rmt er.<\/p>\n\n\n<div class=\"wp-block-image\">\n<figure class=\"alignleft size-large is-resized\"><img loading=\"lazy\" decoding=\"async\" width=\"768\" height=\"513\" src=\"https:\/\/eventlive-tvproduktion.de\/wp-content\/uploads\/Micki-Uwe-Nicole-768x513.jpeg\" alt=\"\" class=\"wp-image-6688\" style=\"width:476px;height:auto\" srcset=\"https:\/\/eventlive-tvproduktion.de\/wp-content\/uploads\/Micki-Uwe-Nicole-768x513.jpeg 768w, https:\/\/eventlive-tvproduktion.de\/wp-content\/uploads\/Micki-Uwe-Nicole-300x200.jpeg 300w, https:\/\/eventlive-tvproduktion.de\/wp-content\/uploads\/Micki-Uwe-Nicole-150x100.jpeg 150w, https:\/\/eventlive-tvproduktion.de\/wp-content\/uploads\/Micki-Uwe-Nicole.jpeg 800w\" sizes=\"auto, (max-width: 768px) 100vw, 768px\" \/><figcaption class=\"wp-element-caption\">Uwe Kisker, Nicole Kruse und Mickie Krause<\/figcaption><\/figure>\n<\/div>\n\n\n<p>Das Line-Up des Dortmunder Oktoberfests hat es in diesem Jahr in sich: Am 26. September er\u00f6ffnen Olaf der Flipper und Stereoact die Festtage, am 27. September bringt Mickie Krause die Stimmung zum Brodeln. Am 2. Oktober sorgt Frenzy f\u00fcr Partypower, am 3. Oktober folgt ein weiterer Abend mit Mickie Krause, bevor am 4. Oktober Lorenz B\u00fcffel das gro\u00dfe Finale liefert. An <\/p>\n\n\n\n<p>allen Abenden sorgt die Kultband M\u00fcnchner G\u2019schichten zus\u00e4tzlich f\u00fcr das echte Wiesn-Gef\u00fchl.<\/p>\n\n\n\n<p>Gerade auf die Auftritte der M\u00fcnchner G\u2019schichten freuen sich Nicole und Uwe besonders. \u00dcber die Jahre hat sich eine enge Verbindung zur Band entwickelt, die l\u00e4ngst \u00fcber die B\u00fchne hinausgeht. \u201eWir erg\u00e4nzen uns mittlerweile hervorragend und haben eine echte Freundschaft mit Tom Peter, dem Chef der M\u00fcnchner G\u2019schichten, aufgebaut\u201c, erz\u00e4hlt Nicole Kruse. \u201eDas macht die Abende noch sch\u00f6ner, weil man merkt, dass hier nicht nur Kollegen zusammenarbeiten, sondern echte Freunde.\u201c<\/p>\n\n\n\n<p>Auch das Verh\u00e4ltnis zum Organisationsteam ist f\u00fcr die Moderatoren ein zentraler Punkt. Immer wieder betonen beide, wie wichtig die enge Zusammenarbeit mit Nils Linke, dem Chef-Organisator des Oktoberfests, f\u00fcr den Erfolg der Veranstaltung ist. \u201eDieses Vertrauen und die Freundschaft zu Nils sind f\u00fcr uns unbezahlbar\u201c, sagt Uwe Kisker. \u201eNur wenn alle wie Zahnr\u00e4der ineinandergreifen, wird aus einem Event dieser Gr\u00f6\u00dfe ein echtes Erlebnis.\u201c<\/p>\n\n\n<div class=\"wp-block-image\">\n<figure class=\"alignleft size-large is-resized\"><img loading=\"lazy\" decoding=\"async\" width=\"768\" height=\"513\" src=\"https:\/\/eventlive-tvproduktion.de\/wp-content\/uploads\/1004_Oktoberfest_06_Wischlingen_Schuetze051-768x513.jpg\" alt=\"\" class=\"wp-image-4330\" style=\"width:491px;height:auto\" srcset=\"https:\/\/eventlive-tvproduktion.de\/wp-content\/uploads\/1004_Oktoberfest_06_Wischlingen_Schuetze051-768x513.jpg 768w, https:\/\/eventlive-tvproduktion.de\/wp-content\/uploads\/1004_Oktoberfest_06_Wischlingen_Schuetze051-300x200.jpg 300w, https:\/\/eventlive-tvproduktion.de\/wp-content\/uploads\/1004_Oktoberfest_06_Wischlingen_Schuetze051-150x100.jpg 150w, https:\/\/eventlive-tvproduktion.de\/wp-content\/uploads\/1004_Oktoberfest_06_Wischlingen_Schuetze051.jpg 800w\" sizes=\"auto, (max-width: 768px) 100vw, 768px\" \/><figcaption class=\"wp-element-caption\"> Uwe Kisker-Oli P &#8211; Oliver Petszokat &#8211; Nicole Kruse<br> (Copy Stephan Schuetze)<\/figcaption><\/figure>\n<\/div>\n\n\n<p>Neben der Musik begeistert auch die besondere Atmosph\u00e4re im gro\u00dfen beheizten Festzelt. G\u00e4ste d\u00fcrfen sich auf bayerische Schmankerl wie Hendl, Brezn und das eigens gebraute Dortmunder Kronen Festbier freuen. Und nat\u00fcrlich geh\u00f6rt die Tracht dazu \u2013 ob Dirndl oder Lederhose, wer so erscheint, ist mittendrin im Oktoberfest-Feeling.<\/p>\n\n\n\n<p>\u201eDas Sch\u00f6ne ist, dass wir nicht nur auf der B\u00fchne stehen, sondern auch mitten unter den Menschen sind. Wir f\u00fchren Interviews, plaudern mit den G\u00e4sten, machen Fotos \u2013 und genau das macht dieses Fest so besonders nahbar und herzlich\u201c, sagt Nicole Kruse. Uwe erg\u00e4nzt: \u201eEs ist dieses Gemeinschaftsgef\u00fchl, das mich immer wieder begeistert. Ob jung oder alt, im Zelt sind wir alle eine gro\u00dfe Familie.\u201c<\/p>\n\n\n\n<p>So wird auch das Dortmunder Oktoberfest 2025 wieder mehr als nur ein Fest \u2013 es ist ein Erlebnis voller Lebensfreude, Freundschaft und Musik. Mit Nicole Kruse und Uwe Kisker hat es zwei Moderatoren, die mit Leidenschaft und echter Begeisterung daf\u00fcr sorgen, dass jeder Abend unvergesslich bleibt.<\/p>\n\n\n\n<figure class=\"wp-block-image size-large\"><a href=\"https:\/\/eventlive-tvproduktion.de\/wp-content\/uploads\/31F513A0-C503-4F8D-811E-1DF5E9444094_1_201_a.jpeg\" data-rel=\"lightbox-image-28\" data-rl_title=\"\" data-rl_caption=\"\" title=\"\"><img loading=\"lazy\" decoding=\"async\" width=\"768\" height=\"368\" src=\"https:\/\/eventlive-tvproduktion.de\/wp-content\/uploads\/31F513A0-C503-4F8D-811E-1DF5E9444094_1_201_a-768x368.jpeg\" alt=\"\" class=\"wp-image-6705\" srcset=\"https:\/\/eventlive-tvproduktion.de\/wp-content\/uploads\/31F513A0-C503-4F8D-811E-1DF5E9444094_1_201_a-768x368.jpeg 768w, https:\/\/eventlive-tvproduktion.de\/wp-content\/uploads\/31F513A0-C503-4F8D-811E-1DF5E9444094_1_201_a-300x144.jpeg 300w, https:\/\/eventlive-tvproduktion.de\/wp-content\/uploads\/31F513A0-C503-4F8D-811E-1DF5E9444094_1_201_a-150x72.jpeg 150w, https:\/\/eventlive-tvproduktion.de\/wp-content\/uploads\/31F513A0-C503-4F8D-811E-1DF5E9444094_1_201_a.jpeg 800w\" sizes=\"auto, (max-width: 768px) 100vw, 768px\" \/><\/a><figcaption class=\"wp-element-caption\">Bericht Ruhr Nachrichten 20.09.25<\/figcaption><\/figure>\n\n\n\n<hr class=\"wp-block-separator has-text-color has-black-color has-alpha-channel-opacity has-black-background-color has-background is-style-wide\"\/>\n\n\n\n<p class=\"has-large-font-size\">Am Freitag 26.09.25 geht es Los! &#8222;Der Aufbau&#8220;<\/p>\n\n\n\n<p>Die Wiesn-Atmosph\u00e4re h\u00e4lt wieder Einzug in Dortmund: Am 26. September beginnt das gro\u00dfe Dortmunder Oktoberfest auf den Wischlingen Wiesen \u2013 und die Aufbauarbeiten laufen schon jetzt auf Hochtouren. Schon in wenigen Tagen wird das Festgel\u00e4nde zum Anziehungspunkt f\u00fcr tausende Besucher, doch aktuell schuften dutzende Helfer, um die Wischlingen Wiesen in ein riesiges Festzelt zu verwandeln.<\/p>\n\n\n\n<p>Rund 3.000 Quadratmeter Zeltfl\u00e4che werden errichtet, dekoriert mit Stoffbahnen, modernster Lichttechnik und traditionellem Festflair. Allein der Aufbau dauert rund 2.000 Arbeitsstunden: 20 Personen sind daf\u00fcr zehn Tage lang im Einsatz. Doch das Zelt ist nur ein Teil des Mammutprojekts. 5.000 Meter Kabel m\u00fcssen verlegt werden, damit nicht nur die B\u00fchne, sondern auch die zahlreichen Servicest\u00e4nde und die riesige Sp\u00fclstra\u00dfe f\u00fcr tausende Bierkr\u00fcge reibungslos funktionieren.<\/p>\n\n\n<div class=\"wp-block-image\">\n<figure class=\"alignleft size-full\"><img loading=\"lazy\" decoding=\"async\" width=\"480\" height=\"360\" src=\"https:\/\/eventlive-tvproduktion.de\/wp-content\/uploads\/AEC36724-D5E0-4C72-9BE4-1A4D5F9EB71F_4_5005_c.jpeg\" alt=\"\" class=\"wp-image-6692\" srcset=\"https:\/\/eventlive-tvproduktion.de\/wp-content\/uploads\/AEC36724-D5E0-4C72-9BE4-1A4D5F9EB71F_4_5005_c.jpeg 480w, https:\/\/eventlive-tvproduktion.de\/wp-content\/uploads\/AEC36724-D5E0-4C72-9BE4-1A4D5F9EB71F_4_5005_c-300x225.jpeg 300w, https:\/\/eventlive-tvproduktion.de\/wp-content\/uploads\/AEC36724-D5E0-4C72-9BE4-1A4D5F9EB71F_4_5005_c-150x113.jpeg 150w\" sizes=\"auto, (max-width: 480px) 100vw, 480px\" \/><\/figure>\n<\/div>\n\n\n<p>Nat\u00fcrlich darf das Herzst\u00fcck nicht fehlen: das Bier. Die Dortmunder Kronen Brauerei braut eigens f\u00fcr das Fest ein besonderes Kronenfestbier, von dem hunderte F\u00e4sser p\u00fcnktlich zum Fest nach Wischlingen geliefert werden. Auf die Besucher warten dann 400 Bierzeltgarnituren, hunderte Z\u00e4une, eine Gro\u00dfk\u00fcche mit vielf\u00e4ltigen Schmankerln und eine 1.000 Quadratmeter gro\u00dfe Terrasse.<\/p>\n\n\n\n<p>Ein besonderes Highlight sind die VIP-Boxen sowie der \u201eSiebte Himmel\u201c \u2013 ein exklusiver Bereich, in dem sich G\u00e4ste besondere Pl\u00e4tze und Tische sichern k\u00f6nnen, um einen hervorragenden Blick auf die B\u00fchne zu genie\u00dfen. Damit jeder Besucher die Show hautnah miterlebt, wird das Programm auf zwei gro\u00dfe Videow\u00e4nde und zahlreiche Monitore \u00fcbertragen. Daf\u00fcr werden 800 Meter Videoleitungen verlegt und sechs Kameras installiert, die f\u00fcr gestochen scharfe Bilder aus allen Perspektiven sorgen.<\/p>\n\n\n\n<p>Chef-Organisator Nils Linke betont: \u201eEs ist immer wieder eine Herausforderung, aber mittlerweile haben wir ein eingespieltes Team \u2013 und genau das macht das Dortmunder Oktoberfest so effektiv. Man merkt einfach, dass die Mitarbeiter mit Liebe an die Arbeit herangehen und auch Spa\u00df dabei haben. Viele feiern am Ende sogar mit uns gemeinsam.\u201c<\/p>\n\n\n<div class=\"wp-block-image\">\n<figure class=\"alignleft size-full\"><img loading=\"lazy\" decoding=\"async\" width=\"480\" height=\"360\" src=\"https:\/\/eventlive-tvproduktion.de\/wp-content\/uploads\/29AAA4A2-0E72-4DC5-9F54-2280577965DE_4_5005_c.jpeg\" alt=\"\" class=\"wp-image-6702\" srcset=\"https:\/\/eventlive-tvproduktion.de\/wp-content\/uploads\/29AAA4A2-0E72-4DC5-9F54-2280577965DE_4_5005_c.jpeg 480w, https:\/\/eventlive-tvproduktion.de\/wp-content\/uploads\/29AAA4A2-0E72-4DC5-9F54-2280577965DE_4_5005_c-300x225.jpeg 300w, https:\/\/eventlive-tvproduktion.de\/wp-content\/uploads\/29AAA4A2-0E72-4DC5-9F54-2280577965DE_4_5005_c-150x113.jpeg 150w\" sizes=\"auto, (max-width: 480px) 100vw, 480px\" \/><\/figure>\n<\/div>\n\n\n<p>An den Veranstaltungsabenden sorgen rund 200 Mitarbeiter aus allen Gewerken daf\u00fcr, dass alles perfekt l\u00e4uft \u2013 von der K\u00fcche \u00fcber den Service bis hin zur Technik. Gastfreundschaft wird dabei gro\u00dfgeschrieben. Und wer das Fest besucht, erkennt sofort: Hier gilt Dirndl- und Lederhosen-Pflicht.<\/p>\n\n\n\n<p>In diesem Jahr ist das Dortmunder Oktoberfest zudem ein ganz besonderes: Es feiert sein 15-j\u00e4hriges Jubil\u00e4um. Seit der Premiere haben bereits rund 225.000 G\u00e4ste in Wischlingen gefeiert \u2013 und 2025 wird diese Tradition fortgesetzt.<\/p>\n\n\n\n<p>Vom 26. September bis 4. Oktober verwandeln sich die Wischlingen Wiesen wieder in das gr\u00f6\u00dfte Festzelt der Region. Wenn die ersten Ma\u00dfkr\u00fcge gef\u00fcllt und die ersten Hits erklingen, hei\u00dft es auch in Dortmund wieder: \u201eO\u2019zapft is!\u201c<\/p>\n\n\n<div  class=\"ultp-post-grid-block wp-block-ultimate-post-post-grid-2 ultp-block-f679b8\"><div class=\"ultp-block-wrapper\"><div class=\"ultp-loading\"><div class=\"ultp-loading-blocks\" style=\"width:100%;height:100%;\"><div style=\"left: 0;top: 0;animation-delay:0s;\"><\/div><div style=\"left: 21px;top: 0;animation-delay:0.125s;\"><\/div><div style=\"left: 42px;top: 0;animation-delay:0.25s;\"><\/div><div style=\"left: 0;top: 21px;animation-delay:0.875s;\"><\/div><div style=\"left: 42px;top: 21px;animation-delay:0.375s;\"><\/div><div style=\"left: 0;top: 42px;animation-delay:0.75s;\"><\/div><div style=\"left: 42px;top: 42px;animation-delay:0.625s;\"><\/div><div style=\"left: 21px;top: 42px;animation-delay:0.5s;\"><\/div><\/div><\/div><div class=\"ultp-block-items-wrap ultp-block-row\"><div class=\"ultp-block-item post-id-7703\"><div class=\"ultp-block-content-wrap ultp-block-content-overlay\"><div class=\"ultp-block-image ultp-block-image-zoomOut ultp-block-image-overlay ultp-block-image-flat\"><a href=\"https:\/\/eventlive-tvproduktion.de\/?p=7703\" ><img decoding=\"async\"  alt=\"&#x1f389; 250. Ausgabe der \u201eSchlagercouch\u201c \u2013 Jubil\u00e4umssendung mit Olaf Henning erfolgreich produziert &#x1f3a4;\"  src=\"https:\/\/eventlive-tvproduktion.de\/wp-content\/uploads\/0423_Sport-Live-Schlagercouch-250-Schuetze-011.jpg\" \/><\/a><\/div><div class=\"ultp-block-content ultp-block-content-bottomPosition\"><div class=\"ultp-block-content-inner\"><div class=\"ultp-category-grid ultp-category-classic ultp-category-aboveTitle\"><div class=\"ultp-category-in\"><a class=\"ultp-cat-aktuelles\" href=\"https:\/\/eventlive-tvproduktion.de\/?cat=31\"  >Aktuelles<\/a><a class=\"ultp-cat-startseite\" href=\"https:\/\/eventlive-tvproduktion.de\/?cat=2\"  >Startseite<\/a><\/div><\/div><h4 class=\"ultp-block-title \"><a href=\"https:\/\/eventlive-tvproduktion.de\/?p=7703\" >&#x1f389; 250. Ausgabe der \u201eSchlagercouch\u201c \u2013 Jubil\u00e4umssendung mit Olaf Henning erfolgreich produziert &#x1f3a4;<\/a><\/h4><div class=\"ultp-block-meta ultp-block-meta-dot ultp-block-meta-icon\"><span class=\"ultp-block-author ultp-block-meta-element\"><svg xmlns=\"http:\/\/www.w3.org\/2000\/svg\" fill=\"none\" viewBox=\"0 0 24 24\">\n  <circle cx=\"12\" cy=\"7\" r=\"4\" stroke=\"currentColor\" stroke-linejoin=\"round\" stroke-width=\"1.5\"\/>\n  <path stroke=\"currentColor\" stroke-linecap=\"round\" stroke-linejoin=\"round\" stroke-width=\"1.5\" d=\"M4 21v-3a4 4 0 0 1 4-4h8a4 4 0 0 1 4 4v3\"\/>\n<\/svg>\n<a class=\"\" href=\"https:\/\/eventlive-tvproduktion.de\/?author=5\">Uwe Kisker<\/a><\/span><span class=\"ultp-block-date ultp-block-meta-element\"><svg xmlns=\"http:\/\/www.w3.org\/2000\/svg\" fill=\"none\" viewBox=\"0 0 24 24\">\n  <path stroke=\"currentColor\" stroke-linecap=\"round\" stroke-linejoin=\"round\" stroke-width=\"1.5\" d=\"M3 5.5a2 2 0 0 1 2-2h14a2 2 0 0 1 2 2v14a2 2 0 0 1-2 2H5a2 2 0 0 1-2-2v-14ZM8 2v3m8-3v3M3 9h18\"\/>\n<\/svg>\nApr. 26, 2026<\/span><\/div><\/div><\/div><\/div><\/div><div class=\"ultp-block-item post-id-7688\"><div class=\"ultp-block-content-wrap ultp-block-content-overlay\"><div class=\"ultp-block-image ultp-block-image-zoomOut ultp-block-image-overlay ultp-block-image-flat\"><a href=\"https:\/\/eventlive-tvproduktion.de\/?p=7688\" ><img decoding=\"async\"  alt=\"Dreharbeiten am Dortmund Airport im Auftrag des Flughafens\"  src=\"https:\/\/eventlive-tvproduktion.de\/wp-content\/uploads\/IMG_2864-2.jpg\" \/><\/a><\/div><div class=\"ultp-block-content ultp-block-content-bottomPosition\"><div class=\"ultp-block-content-inner\"><div class=\"ultp-category-grid ultp-category-classic ultp-category-aboveTitle\"><div class=\"ultp-category-in\"><a class=\"ultp-cat-aktuelles\" href=\"https:\/\/eventlive-tvproduktion.de\/?cat=31\"  >Aktuelles<\/a><a class=\"ultp-cat-startseite\" href=\"https:\/\/eventlive-tvproduktion.de\/?cat=2\"  >Startseite<\/a><\/div><\/div><h4 class=\"ultp-block-title \"><a href=\"https:\/\/eventlive-tvproduktion.de\/?p=7688\" >Dreharbeiten am Dortmund Airport im Auftrag des Flughafens<\/a><\/h4><div class=\"ultp-block-meta ultp-block-meta-dot ultp-block-meta-icon\"><span class=\"ultp-block-author ultp-block-meta-element\"><svg xmlns=\"http:\/\/www.w3.org\/2000\/svg\" fill=\"none\" viewBox=\"0 0 24 24\">\n  <circle cx=\"12\" cy=\"7\" r=\"4\" stroke=\"currentColor\" stroke-linejoin=\"round\" stroke-width=\"1.5\"\/>\n  <path stroke=\"currentColor\" stroke-linecap=\"round\" stroke-linejoin=\"round\" stroke-width=\"1.5\" d=\"M4 21v-3a4 4 0 0 1 4-4h8a4 4 0 0 1 4 4v3\"\/>\n<\/svg>\n<a class=\"\" href=\"https:\/\/eventlive-tvproduktion.de\/?author=5\">Uwe Kisker<\/a><\/span><span class=\"ultp-block-date ultp-block-meta-element\"><svg xmlns=\"http:\/\/www.w3.org\/2000\/svg\" fill=\"none\" viewBox=\"0 0 24 24\">\n  <path stroke=\"currentColor\" stroke-linecap=\"round\" stroke-linejoin=\"round\" stroke-width=\"1.5\" d=\"M3 5.5a2 2 0 0 1 2-2h14a2 2 0 0 1 2 2v14a2 2 0 0 1-2 2H5a2 2 0 0 1-2-2v-14ZM8 2v3m8-3v3M3 9h18\"\/>\n<\/svg>\nApr. 16, 2026<\/span><\/div><\/div><\/div><\/div><\/div><div class=\"ultp-block-item post-id-7683\"><div class=\"ultp-block-content-wrap ultp-block-content-overlay\"><div class=\"ultp-block-image ultp-block-image-zoomOut ultp-block-image-overlay ultp-block-image-flat\"><a href=\"https:\/\/eventlive-tvproduktion.de\/?p=7683\" ><img decoding=\"async\"  alt=\"250. Sendung Schlagercouch im Mai 2026\"  src=\"https:\/\/eventlive-tvproduktion.de\/wp-content\/uploads\/olaf.jpg\" \/><\/a><\/div><div class=\"ultp-block-content ultp-block-content-bottomPosition\"><div class=\"ultp-block-content-inner\"><div class=\"ultp-category-grid ultp-category-classic ultp-category-aboveTitle\"><div class=\"ultp-category-in\"><a class=\"ultp-cat-aktuelles\" href=\"https:\/\/eventlive-tvproduktion.de\/?cat=31\"  >Aktuelles<\/a><a class=\"ultp-cat-startseite\" href=\"https:\/\/eventlive-tvproduktion.de\/?cat=2\"  >Startseite<\/a><\/div><\/div><h4 class=\"ultp-block-title \"><a href=\"https:\/\/eventlive-tvproduktion.de\/?p=7683\" >250. Sendung Schlagercouch im Mai 2026<\/a><\/h4><div class=\"ultp-block-meta ultp-block-meta-dot ultp-block-meta-icon\"><span class=\"ultp-block-author ultp-block-meta-element\"><svg xmlns=\"http:\/\/www.w3.org\/2000\/svg\" fill=\"none\" viewBox=\"0 0 24 24\">\n  <circle cx=\"12\" cy=\"7\" r=\"4\" stroke=\"currentColor\" stroke-linejoin=\"round\" stroke-width=\"1.5\"\/>\n  <path stroke=\"currentColor\" stroke-linecap=\"round\" stroke-linejoin=\"round\" stroke-width=\"1.5\" d=\"M4 21v-3a4 4 0 0 1 4-4h8a4 4 0 0 1 4 4v3\"\/>\n<\/svg>\n<a class=\"\" href=\"https:\/\/eventlive-tvproduktion.de\/?author=5\">Uwe Kisker<\/a><\/span><span class=\"ultp-block-date ultp-block-meta-element\"><svg xmlns=\"http:\/\/www.w3.org\/2000\/svg\" fill=\"none\" viewBox=\"0 0 24 24\">\n  <path stroke=\"currentColor\" stroke-linecap=\"round\" stroke-linejoin=\"round\" stroke-width=\"1.5\" d=\"M3 5.5a2 2 0 0 1 2-2h14a2 2 0 0 1 2 2v14a2 2 0 0 1-2 2H5a2 2 0 0 1-2-2v-14ZM8 2v3m8-3v3M3 9h18\"\/>\n<\/svg>\nApr. 13, 2026<\/span><\/div><\/div><\/div><\/div><\/div><div class=\"ultp-block-item post-id-7671\"><div class=\"ultp-block-content-wrap ultp-block-content-overlay\"><div class=\"ultp-block-image ultp-block-image-zoomOut ultp-block-image-overlay ultp-block-image-flat\"><a href=\"https:\/\/eventlive-tvproduktion.de\/?p=7671\" ><img decoding=\"async\"  alt=\"Die Zuschauer erlebten eine intensive und abwechslungsreiche Partie 36:33\"  src=\"https:\/\/eventlive-tvproduktion.de\/wp-content\/uploads\/94A68EA5-977D-4A52-A7FB-458E3D2E73B1_4_5005_c.jpeg\" \/><\/a><\/div><div class=\"ultp-block-content ultp-block-content-bottomPosition\"><div class=\"ultp-block-content-inner\"><div class=\"ultp-category-grid ultp-category-classic ultp-category-aboveTitle\"><div class=\"ultp-category-in\"><a class=\"ultp-cat-aktuelles\" href=\"https:\/\/eventlive-tvproduktion.de\/?cat=31\"  >Aktuelles<\/a><a class=\"ultp-cat-startseite\" href=\"https:\/\/eventlive-tvproduktion.de\/?cat=2\"  >Startseite<\/a><\/div><\/div><h4 class=\"ultp-block-title \"><a href=\"https:\/\/eventlive-tvproduktion.de\/?p=7671\" >Die Zuschauer erlebten eine intensive und abwechslungsreiche Partie 36:33<\/a><\/h4><div class=\"ultp-block-meta ultp-block-meta-dot ultp-block-meta-icon\"><span class=\"ultp-block-author ultp-block-meta-element\"><svg xmlns=\"http:\/\/www.w3.org\/2000\/svg\" fill=\"none\" viewBox=\"0 0 24 24\">\n  <circle cx=\"12\" cy=\"7\" r=\"4\" stroke=\"currentColor\" stroke-linejoin=\"round\" stroke-width=\"1.5\"\/>\n  <path stroke=\"currentColor\" stroke-linecap=\"round\" stroke-linejoin=\"round\" stroke-width=\"1.5\" d=\"M4 21v-3a4 4 0 0 1 4-4h8a4 4 0 0 1 4 4v3\"\/>\n<\/svg>\n<a class=\"\" href=\"https:\/\/eventlive-tvproduktion.de\/?author=5\">Uwe Kisker<\/a><\/span><span class=\"ultp-block-date ultp-block-meta-element\"><svg xmlns=\"http:\/\/www.w3.org\/2000\/svg\" fill=\"none\" viewBox=\"0 0 24 24\">\n  <path stroke=\"currentColor\" stroke-linecap=\"round\" stroke-linejoin=\"round\" stroke-width=\"1.5\" d=\"M3 5.5a2 2 0 0 1 2-2h14a2 2 0 0 1 2 2v14a2 2 0 0 1-2 2H5a2 2 0 0 1-2-2v-14ZM8 2v3m8-3v3M3 9h18\"\/>\n<\/svg>\nApr. 2, 2026<\/span><\/div><\/div><\/div><\/div><\/div><div class=\"ultp-block-item post-id-7654\"><div class=\"ultp-block-content-wrap ultp-block-content-overlay\"><div class=\"ultp-block-image ultp-block-image-zoomOut ultp-block-image-overlay ultp-block-image-flat\"><a href=\"https:\/\/eventlive-tvproduktion.de\/?p=7654\" ><img decoding=\"async\"  alt=\"BVB-Handballerinnen gewinnen den DHB-Pokal 2026! &#x1f3c6;&#x1f5a4;&#x1f49b;\"  src=\"https:\/\/eventlive-tvproduktion.de\/wp-content\/uploads\/EE452EA6-8DC5-424E-BDF8-BE8166FF4258-800x570.jpeg\" \/><\/a><\/div><div class=\"ultp-block-content ultp-block-content-bottomPosition\"><div class=\"ultp-block-content-inner\"><div class=\"ultp-category-grid ultp-category-classic ultp-category-aboveTitle\"><div class=\"ultp-category-in\"><a class=\"ultp-cat-aktuelles\" href=\"https:\/\/eventlive-tvproduktion.de\/?cat=31\"  >Aktuelles<\/a><a class=\"ultp-cat-startseite\" href=\"https:\/\/eventlive-tvproduktion.de\/?cat=2\"  >Startseite<\/a><\/div><\/div><h4 class=\"ultp-block-title \"><a href=\"https:\/\/eventlive-tvproduktion.de\/?p=7654\" >BVB-Handballerinnen gewinnen den DHB-Pokal 2026! &#x1f3c6;&#x1f5a4;&#x1f49b;<\/a><\/h4><div class=\"ultp-block-meta ultp-block-meta-dot ultp-block-meta-icon\"><span class=\"ultp-block-author ultp-block-meta-element\"><svg xmlns=\"http:\/\/www.w3.org\/2000\/svg\" fill=\"none\" viewBox=\"0 0 24 24\">\n  <circle cx=\"12\" cy=\"7\" r=\"4\" stroke=\"currentColor\" stroke-linejoin=\"round\" stroke-width=\"1.5\"\/>\n  <path stroke=\"currentColor\" stroke-linecap=\"round\" stroke-linejoin=\"round\" stroke-width=\"1.5\" d=\"M4 21v-3a4 4 0 0 1 4-4h8a4 4 0 0 1 4 4v3\"\/>\n<\/svg>\n<a class=\"\" href=\"https:\/\/eventlive-tvproduktion.de\/?author=5\">Uwe Kisker<\/a><\/span><span class=\"ultp-block-date ultp-block-meta-element\"><svg xmlns=\"http:\/\/www.w3.org\/2000\/svg\" fill=\"none\" viewBox=\"0 0 24 24\">\n  <path stroke=\"currentColor\" stroke-linecap=\"round\" stroke-linejoin=\"round\" stroke-width=\"1.5\" d=\"M3 5.5a2 2 0 0 1 2-2h14a2 2 0 0 1 2 2v14a2 2 0 0 1-2 2H5a2 2 0 0 1-2-2v-14ZM8 2v3m8-3v3M3 9h18\"\/>\n<\/svg>\nM\u00e4rz 15, 2026<\/span><\/div><\/div><\/div><\/div><\/div><div class=\"ultp-block-item post-id-7609\"><div class=\"ultp-block-content-wrap ultp-block-content-overlay\"><div class=\"ultp-block-image ultp-block-image-zoomOut ultp-block-image-overlay ultp-block-image-flat\"><a href=\"https:\/\/eventlive-tvproduktion.de\/?p=7609\" ><img decoding=\"async\"  alt=\"\u201eKamera Kurs\u201c begeistert Teilnehmer \u2013 Praxisnahe Einblicke in die Medienarbeit\"  src=\"https:\/\/eventlive-tvproduktion.de\/wp-content\/uploads\/IMG_2618-800x570.jpg\" \/><\/a><\/div><div class=\"ultp-block-content ultp-block-content-bottomPosition\"><div class=\"ultp-block-content-inner\"><div class=\"ultp-category-grid ultp-category-classic ultp-category-aboveTitle\"><div class=\"ultp-category-in\"><a class=\"ultp-cat-aktuelles\" href=\"https:\/\/eventlive-tvproduktion.de\/?cat=31\"  >Aktuelles<\/a><a class=\"ultp-cat-startseite\" href=\"https:\/\/eventlive-tvproduktion.de\/?cat=2\"  >Startseite<\/a><\/div><\/div><h4 class=\"ultp-block-title \"><a href=\"https:\/\/eventlive-tvproduktion.de\/?p=7609\" >\u201eKamera Kurs\u201c begeistert Teilnehmer \u2013 Praxisnahe Einblicke in die Medienarbeit<\/a><\/h4><div class=\"ultp-block-meta ultp-block-meta-dot ultp-block-meta-icon\"><span class=\"ultp-block-author ultp-block-meta-element\"><svg xmlns=\"http:\/\/www.w3.org\/2000\/svg\" fill=\"none\" viewBox=\"0 0 24 24\">\n  <circle cx=\"12\" cy=\"7\" r=\"4\" stroke=\"currentColor\" stroke-linejoin=\"round\" stroke-width=\"1.5\"\/>\n  <path stroke=\"currentColor\" stroke-linecap=\"round\" stroke-linejoin=\"round\" stroke-width=\"1.5\" d=\"M4 21v-3a4 4 0 0 1 4-4h8a4 4 0 0 1 4 4v3\"\/>\n<\/svg>\n<a class=\"\" href=\"https:\/\/eventlive-tvproduktion.de\/?author=5\">Uwe Kisker<\/a><\/span><span class=\"ultp-block-date ultp-block-meta-element\"><svg xmlns=\"http:\/\/www.w3.org\/2000\/svg\" fill=\"none\" viewBox=\"0 0 24 24\">\n  <path stroke=\"currentColor\" stroke-linecap=\"round\" stroke-linejoin=\"round\" stroke-width=\"1.5\" d=\"M3 5.5a2 2 0 0 1 2-2h14a2 2 0 0 1 2 2v14a2 2 0 0 1-2 2H5a2 2 0 0 1-2-2v-14ZM8 2v3m8-3v3M3 9h18\"\/>\n<\/svg>\nFeb. 21, 2026<\/span><\/div><\/div><\/div><\/div><\/div><\/div><\/div><div class=\"pagination-block-html\" aria-hidden=\"true\" style=\"display: none;\"><\/div><\/div>","protected":false},"excerpt":{"rendered":"<p>Dortmund, 05.10.25 Vom 26. September bis zum 4. Oktober wurde im Revierpark Wischlingen die 15. Ausgabe des Dortmunder Oktoberfestes gefeiert. An insgesamt f\u00fcnf Tagen str\u00f6mten fast 20.000 Besucher in das gro\u00dfe Festzelt auf den Wischlingen Wiesen und erlebten ein Programm voller Musik, Stimmung und \u00dcberraschungen. Wie in jedem Jahr f\u00fchrte die Kultband \u201eM\u00fcnchner G\u2019schichten\u201c an [&hellip;]<\/p>\n","protected":false},"author":5,"featured_media":6777,"comment_status":"closed","ping_status":"open","sticky":false,"template":"","format":"standard","meta":{"footnotes":""},"categories":[31,2],"tags":[13,99,67,130,172,37,98],"class_list":["post-6686","post","type-post","status-publish","format-standard","has-post-thumbnail","hentry","category-aktuelles","category-startseite","tag-dortmund","tag-nicole-kruse","tag-oktoberfest","tag-party","tag-revierpark-wischlingen-2","tag-tv-produktion","tag-uwe-kisker"],"_links":{"self":[{"href":"https:\/\/eventlive-tvproduktion.de\/index.php?rest_route=\/wp\/v2\/posts\/6686","targetHints":{"allow":["GET"]}}],"collection":[{"href":"https:\/\/eventlive-tvproduktion.de\/index.php?rest_route=\/wp\/v2\/posts"}],"about":[{"href":"https:\/\/eventlive-tvproduktion.de\/index.php?rest_route=\/wp\/v2\/types\/post"}],"author":[{"embeddable":true,"href":"https:\/\/eventlive-tvproduktion.de\/index.php?rest_route=\/wp\/v2\/users\/5"}],"replies":[{"embeddable":true,"href":"https:\/\/eventlive-tvproduktion.de\/index.php?rest_route=%2Fwp%2Fv2%2Fcomments&post=6686"}],"version-history":[{"count":21,"href":"https:\/\/eventlive-tvproduktion.de\/index.php?rest_route=\/wp\/v2\/posts\/6686\/revisions"}],"predecessor-version":[{"id":6782,"href":"https:\/\/eventlive-tvproduktion.de\/index.php?rest_route=\/wp\/v2\/posts\/6686\/revisions\/6782"}],"wp:featuredmedia":[{"embeddable":true,"href":"https:\/\/eventlive-tvproduktion.de\/index.php?rest_route=\/wp\/v2\/media\/6777"}],"wp:attachment":[{"href":"https:\/\/eventlive-tvproduktion.de\/index.php?rest_route=%2Fwp%2Fv2%2Fmedia&parent=6686"}],"wp:term":[{"taxonomy":"category","embeddable":true,"href":"https:\/\/eventlive-tvproduktion.de\/index.php?rest_route=%2Fwp%2Fv2%2Fcategories&post=6686"},{"taxonomy":"post_tag","embeddable":true,"href":"https:\/\/eventlive-tvproduktion.de\/index.php?rest_route=%2Fwp%2Fv2%2Ftags&post=6686"}],"curies":[{"name":"wp","href":"https:\/\/api.w.org\/{rel}","templated":true}]}}