{"id":6794,"date":"2025-10-19T09:23:25","date_gmt":"2025-10-19T08:23:25","guid":{"rendered":"https:\/\/eventlive-tvproduktion.de\/?p=6794"},"modified":"2025-10-19T14:37:53","modified_gmt":"2025-10-19T13:37:53","slug":"mit-dem-fahrad-zum-oktoberfest-nach-holland","status":"publish","type":"post","link":"https:\/\/eventlive-tvproduktion.de\/?p=6794","title":{"rendered":"Mit dem Fahrad zum Oktoberfest nach Holland!"},"content":{"rendered":"\n<p>Wie wird eigentlich in Holland (Niederlande) ein Oktoberfest gefeiert? Diese Frage stellten wir uns (Uwe Kisker und Nicole Kruse)\u2013 und freuten uns umso mehr \u00fcber die Einladung zum Oktoberfest von \u201e DJ Gildo\u201c nach Soerendonk.<\/p>\n\n\n<div class=\"wp-block-image\">\n<figure class=\"alignleft size-full is-resized\"><a href=\"https:\/\/eventlive-tvproduktion.de\/wp-content\/uploads\/630282C2-B09A-475B-80FF-9F888BC3E884_4_5005_c.jpeg\" target=\"_blank\" rel=\" noreferrer noopener\" data-rel=\"lightbox-image-0\" data-rl_title=\"\" data-rl_caption=\"\" title=\"\"><img loading=\"lazy\" decoding=\"async\" width=\"480\" height=\"360\" src=\"https:\/\/eventlive-tvproduktion.de\/wp-content\/uploads\/630282C2-B09A-475B-80FF-9F888BC3E884_4_5005_c.jpeg\" alt=\"\" class=\"wp-image-6795\" style=\"width:339px;height:auto\" srcset=\"https:\/\/eventlive-tvproduktion.de\/wp-content\/uploads\/630282C2-B09A-475B-80FF-9F888BC3E884_4_5005_c.jpeg 480w, https:\/\/eventlive-tvproduktion.de\/wp-content\/uploads\/630282C2-B09A-475B-80FF-9F888BC3E884_4_5005_c-300x225.jpeg 300w, https:\/\/eventlive-tvproduktion.de\/wp-content\/uploads\/630282C2-B09A-475B-80FF-9F888BC3E884_4_5005_c-150x113.jpeg 150w\" sizes=\"auto, (max-width: 480px) 100vw, 480px\" \/><\/a><figcaption class=\"wp-element-caption\">Nicole und Uwe auf dem Oktoberfest in Holland<\/figcaption><\/figure>\n<\/div>\n\n\n<p>Schon bei unserer Ankunft wurden wir \u00fcberrascht: F\u00fcr unser Auto war ein Parkplatz reserviert, doch der Gro\u00dfteil der Fl\u00e4che war von Fahrr\u00e4dern bedeckt \u2013 \u00fcber 1000 an der Zahl! Die Holl\u00e4nder kommen tats\u00e4chlich mit dem Fahrrad zum Oktoberfest. Wir fragten uns, wie sie nach dem Feiern ihr eigenes Rad wiederfinden \u2013 und vor allem, wie sie nach ein paar Bier sicher nach Hause kommen.<\/p>\n\n\n\n<p>Das Fest fand direkt an einer gro\u00dfen Sportanlage statt. Der gesamte Boden war mit modernen Holzplatten ausgelegt, sodass man trockenen Fu\u00dfes durch das Gel\u00e4nde gehen konnte. Im Au\u00dfenbereich befand sich ein gem\u00fctlicher Biergarten mit zahlreichen Tischen und B\u00e4nken, wo man den Abend im Freien genie\u00dfen konnte.<\/p>\n\n\n<div class=\"wp-block-image\">\n<figure class=\"alignleft size-full is-resized\"><a href=\"https:\/\/eventlive-tvproduktion.de\/wp-content\/uploads\/95F7F354-F1C5-45E9-ACC7-4F9AA1079331_4_5005_c.jpeg\" data-rel=\"lightbox-image-1\" data-rl_title=\"\" data-rl_caption=\"\" title=\"\"><img loading=\"lazy\" decoding=\"async\" width=\"480\" height=\"360\" src=\"https:\/\/eventlive-tvproduktion.de\/wp-content\/uploads\/95F7F354-F1C5-45E9-ACC7-4F9AA1079331_4_5005_c.jpeg\" alt=\"\" class=\"wp-image-6798\" style=\"width:339px;height:auto\" srcset=\"https:\/\/eventlive-tvproduktion.de\/wp-content\/uploads\/95F7F354-F1C5-45E9-ACC7-4F9AA1079331_4_5005_c.jpeg 480w, https:\/\/eventlive-tvproduktion.de\/wp-content\/uploads\/95F7F354-F1C5-45E9-ACC7-4F9AA1079331_4_5005_c-300x225.jpeg 300w, https:\/\/eventlive-tvproduktion.de\/wp-content\/uploads\/95F7F354-F1C5-45E9-ACC7-4F9AA1079331_4_5005_c-150x113.jpeg 150w\" sizes=\"auto, (max-width: 480px) 100vw, 480px\" \/><\/a><figcaption class=\"wp-element-caption\">Auf der B\u00fchne &#8222;Bloas Buk vrienden&#8220;<\/figcaption><\/figure>\n<\/div>\n\n\n<p>Das Oktoberfest in Soerendonk wird an drei Tagen gefeiert \u2013 Samstag, Sonntag und Montag \u2013 und bietet Platz f\u00fcr rund 2.500 Besucher pro Tag. Beim Betreten des gro\u00dfen Festzelts waren wir sofort beeindruckt: Ein modernes, zweist\u00f6ckig aufgebautes Zelt mit festen Theken, Sitzpl\u00e4tzen im unteren Bereich und Stehpl\u00e4tzen oben. Die gesamte Konstruktion wirkte stabil und professionell \u2013 keine wackeligen Bierzeltgarnituren, sondern hochwertige, klappbare Tische und B\u00e4nke.<\/p>\n\n\n\n<p>Ab 15:00 Uhr \u00f6ffnen sich die Tore zum Fest, gefeiert wird bis 1:00 Uhr in der Nacht. Schon beim Betreten des Zeltes sorgte eine Blaskapelle mit S\u00e4ngerinnen und S\u00e4ngern f\u00fcr Stimmung. Deutsche Schlager und Partyhits erf\u00fcllten das Zelt \u2013 man f\u00fchlte sich fast wie auf einem bayerischen Oktoberfest! Auch der DJ Gildo spielte bekannte deutsche Hits, die von den holl\u00e4ndischen G\u00e4sten begeistert mitgesungen wurden. Obwohl viele kaum Deutsch sprachen, kannte offenbar jeder Lieder wie Rosamunde, Schenk mir dein Herz und viele weitere Klassiker.<\/p>\n\n\n<div class=\"wp-block-image\">\n<figure class=\"alignleft size-full is-resized\"><a href=\"https:\/\/eventlive-tvproduktion.de\/wp-content\/uploads\/184F0F60-670F-4E46-91A6-D7469B7DDBC5_4_5005_c.jpeg\" data-rel=\"lightbox-image-2\" data-rl_title=\"\" data-rl_caption=\"\" title=\"\"><img loading=\"lazy\" decoding=\"async\" width=\"480\" height=\"360\" src=\"https:\/\/eventlive-tvproduktion.de\/wp-content\/uploads\/184F0F60-670F-4E46-91A6-D7469B7DDBC5_4_5005_c.jpeg\" alt=\"\" class=\"wp-image-6799\" style=\"width:340px;height:auto\" srcset=\"https:\/\/eventlive-tvproduktion.de\/wp-content\/uploads\/184F0F60-670F-4E46-91A6-D7469B7DDBC5_4_5005_c.jpeg 480w, https:\/\/eventlive-tvproduktion.de\/wp-content\/uploads\/184F0F60-670F-4E46-91A6-D7469B7DDBC5_4_5005_c-300x225.jpeg 300w, https:\/\/eventlive-tvproduktion.de\/wp-content\/uploads\/184F0F60-670F-4E46-91A6-D7469B7DDBC5_4_5005_c-150x113.jpeg 150w\" sizes=\"auto, (max-width: 480px) 100vw, 480px\" \/><\/a><figcaption class=\"wp-element-caption\">Bezahlt wurde mit Bonnen ! (1 Glas 3\u20ac)<\/figcaption><\/figure>\n<\/div>\n\n\n<p>Das Programm war abwechslungsreich: Live-Band, Blaskapelle, DJ und K\u00fcnstler aus der Region \u2013 sogar ein DJ-\u00d6tzi-Double trat auf. <\/p>\n\n\n\n<p>Bezahlt wurde mit sogenannten Bonnen (Wertmarken). Diese Bonnen bildeten die W\u00e4hrung des Oktoberfests: 5 Bonnen kosteten 16 \u20ac, 50 Bonnen 160 \u20ac. Jeder Gast erhielt beim ersten Getr\u00e4nk einen Krug, den man sp\u00e4ter einfach gegen einen neuen eintauschen konnte (3\u20ac Pfand). Ein halber Liter Bier kostete acht Euro, Cola und andere Getr\u00e4nke waren ebenfalls erh\u00e4ltlich.<\/p>\n\n\n\n<p><\/p>\n\n\n\n<p>Im Biergarten wurden typische Oktoberfest-Speisen angeboten \u2013 Schnitzel mit Pommes f\u00fcr acht Euro oder Brat- und Currywurst f\u00fcr f\u00fcnf Euro.<\/p>\n\n\n<div class=\"wp-block-image\">\n<figure class=\"alignleft size-full is-resized\"><a href=\"https:\/\/eventlive-tvproduktion.de\/wp-content\/uploads\/5DEC2EB1-FE56-4E28-B3EE-47C43C002001_4_5005_c.jpeg\" data-rel=\"lightbox-image-3\" data-rl_title=\"\" data-rl_caption=\"\" title=\"\"><img loading=\"lazy\" decoding=\"async\" width=\"480\" height=\"360\" src=\"https:\/\/eventlive-tvproduktion.de\/wp-content\/uploads\/5DEC2EB1-FE56-4E28-B3EE-47C43C002001_4_5005_c.jpeg\" alt=\"\" class=\"wp-image-6797\" style=\"width:341px;height:auto\" srcset=\"https:\/\/eventlive-tvproduktion.de\/wp-content\/uploads\/5DEC2EB1-FE56-4E28-B3EE-47C43C002001_4_5005_c.jpeg 480w, https:\/\/eventlive-tvproduktion.de\/wp-content\/uploads\/5DEC2EB1-FE56-4E28-B3EE-47C43C002001_4_5005_c-300x225.jpeg 300w, https:\/\/eventlive-tvproduktion.de\/wp-content\/uploads\/5DEC2EB1-FE56-4E28-B3EE-47C43C002001_4_5005_c-150x113.jpeg 150w\" sizes=\"auto, (max-width: 480px) 100vw, 480px\" \/><\/a><\/figure>\n<\/div>\n\n\n<p>Auff\u00e4llig war, dass rund 90 Prozent der Besucher sehr jung waren \u2013 und dabei in modernen, stilvollen Lederhosen und Dirndln erschienen. Die Atmosph\u00e4re war ausgelassen, fr\u00f6hlich und dennoch gut organisiert.<\/p>\n\n\n\n<p>Erw\u00e4hnenswert ist auch, dass dieses Oktoberfest bereits 24 Jahre existiert und in einen Kaffee alles begann und immer gr\u00f6\u00dfer wurde und von einem einzigen Unternehmen organisiert wird. Besonders erstaunlich: Es gibt keine Werbepartner oder Sponsoren, die zur Finanzierung beitragen. Wenn man den aufwendigen Aufbau und die professionelle Durchf\u00fchrung sieht, erkennt man sofort, welche gro\u00dfe logistische Herausforderung hinter dieser Veranstaltung steckt. Daf\u00fcr muss man dem Veranstalter wirklich ein gro\u00dfes Kompliment aussprechen \u2013 hier wird mit viel Herzblut und Engagement gearbeitet.<\/p>\n\n\n<div class=\"wp-block-image\">\n<figure class=\"alignleft size-full is-resized\"><a href=\"https:\/\/eventlive-tvproduktion.de\/wp-content\/uploads\/F04F0D23-DB9E-49A4-8D96-A442C6BF5F98_4_5005_c.jpeg\" data-rel=\"lightbox-image-4\" data-rl_title=\"\" data-rl_caption=\"\" title=\"\"><img loading=\"lazy\" decoding=\"async\" width=\"480\" height=\"360\" src=\"https:\/\/eventlive-tvproduktion.de\/wp-content\/uploads\/F04F0D23-DB9E-49A4-8D96-A442C6BF5F98_4_5005_c.jpeg\" alt=\"\" class=\"wp-image-6801\" style=\"width:399px;height:auto\" srcset=\"https:\/\/eventlive-tvproduktion.de\/wp-content\/uploads\/F04F0D23-DB9E-49A4-8D96-A442C6BF5F98_4_5005_c.jpeg 480w, https:\/\/eventlive-tvproduktion.de\/wp-content\/uploads\/F04F0D23-DB9E-49A4-8D96-A442C6BF5F98_4_5005_c-300x225.jpeg 300w, https:\/\/eventlive-tvproduktion.de\/wp-content\/uploads\/F04F0D23-DB9E-49A4-8D96-A442C6BF5F98_4_5005_c-150x113.jpeg 150w\" sizes=\"auto, (max-width: 480px) 100vw, 480px\" \/><\/a><figcaption class=\"wp-element-caption\">Gro\u00dfe Party Stimmung im Zelt<\/figcaption><\/figure>\n<\/div>\n\n<div class=\"wp-block-image\">\n<figure class=\"alignleft size-full is-resized\"><a href=\"https:\/\/eventlive-tvproduktion.de\/wp-content\/uploads\/A8D50167-AF4B-4FBE-9446-10BDF9B0056B_4_5005_c.jpeg\" data-rel=\"lightbox-image-5\" data-rl_title=\"\" data-rl_caption=\"\" title=\"\"><img loading=\"lazy\" decoding=\"async\" width=\"480\" height=\"360\" src=\"https:\/\/eventlive-tvproduktion.de\/wp-content\/uploads\/A8D50167-AF4B-4FBE-9446-10BDF9B0056B_4_5005_c.jpeg\" alt=\"\" class=\"wp-image-6800\" style=\"width:391px;height:auto\" srcset=\"https:\/\/eventlive-tvproduktion.de\/wp-content\/uploads\/A8D50167-AF4B-4FBE-9446-10BDF9B0056B_4_5005_c.jpeg 480w, https:\/\/eventlive-tvproduktion.de\/wp-content\/uploads\/A8D50167-AF4B-4FBE-9446-10BDF9B0056B_4_5005_c-300x225.jpeg 300w, https:\/\/eventlive-tvproduktion.de\/wp-content\/uploads\/A8D50167-AF4B-4FBE-9446-10BDF9B0056B_4_5005_c-150x113.jpeg 150w\" sizes=\"auto, (max-width: 480px) 100vw, 480px\" \/><\/a><figcaption class=\"wp-element-caption\">Das Programm war abwechslungsreich: Live-Band, Blaskapelle, DJ und K\u00fcnstler aus der Region<\/figcaption><\/figure>\n<\/div>\n\n\n<p>Wir waren tief beeindruckt von diesem holl\u00e4ndischen Oktoberfest und nehmen viele positive Erinnerungen mit nach Dortmund. Unser Fazit: Auch in Holland wird gro\u00dfartig gefeiert \u2013 mit viel Stimmung, Herz und einer Prise niederl\u00e4ndischer Gelassenheit.<\/p>\n\n\n\n<figure class=\"wp-block-gallery has-nested-images columns-default is-cropped wp-block-gallery-1 is-layout-flex wp-block-gallery-is-layout-flex\">\n<figure class=\"wp-block-image size-large\"><a href=\"https:\/\/eventlive-tvproduktion.de\/wp-content\/uploads\/2CBB3BB4-49E1-4A66-938E-308D0E37900B_4_5005_c.jpeg\" data-rel=\"lightbox-image-6\" data-rl_title=\"\" data-rl_caption=\"\" title=\"\"><img loading=\"lazy\" decoding=\"async\" width=\"480\" height=\"360\" data-id=\"6804\" src=\"https:\/\/eventlive-tvproduktion.de\/wp-content\/uploads\/2CBB3BB4-49E1-4A66-938E-308D0E37900B_4_5005_c.jpeg\" alt=\"\" class=\"wp-image-6804\" srcset=\"https:\/\/eventlive-tvproduktion.de\/wp-content\/uploads\/2CBB3BB4-49E1-4A66-938E-308D0E37900B_4_5005_c.jpeg 480w, https:\/\/eventlive-tvproduktion.de\/wp-content\/uploads\/2CBB3BB4-49E1-4A66-938E-308D0E37900B_4_5005_c-300x225.jpeg 300w, https:\/\/eventlive-tvproduktion.de\/wp-content\/uploads\/2CBB3BB4-49E1-4A66-938E-308D0E37900B_4_5005_c-150x113.jpeg 150w\" sizes=\"auto, (max-width: 480px) 100vw, 480px\" \/><\/a><figcaption class=\"wp-element-caption\">Im Zelt<\/figcaption><\/figure>\n\n\n\n<figure class=\"wp-block-image size-large\"><a href=\"https:\/\/eventlive-tvproduktion.de\/wp-content\/uploads\/34011FD9-18D6-4ADF-ACD4-7BBBC05CC351_4_5005_c.jpeg\" data-rel=\"lightbox-image-7\" data-rl_title=\"\" data-rl_caption=\"\" title=\"\"><img loading=\"lazy\" decoding=\"async\" width=\"480\" height=\"360\" data-id=\"6805\" src=\"https:\/\/eventlive-tvproduktion.de\/wp-content\/uploads\/34011FD9-18D6-4ADF-ACD4-7BBBC05CC351_4_5005_c.jpeg\" alt=\"\" class=\"wp-image-6805\" srcset=\"https:\/\/eventlive-tvproduktion.de\/wp-content\/uploads\/34011FD9-18D6-4ADF-ACD4-7BBBC05CC351_4_5005_c.jpeg 480w, https:\/\/eventlive-tvproduktion.de\/wp-content\/uploads\/34011FD9-18D6-4ADF-ACD4-7BBBC05CC351_4_5005_c-300x225.jpeg 300w, https:\/\/eventlive-tvproduktion.de\/wp-content\/uploads\/34011FD9-18D6-4ADF-ACD4-7BBBC05CC351_4_5005_c-150x113.jpeg 150w\" sizes=\"auto, (max-width: 480px) 100vw, 480px\" \/><\/a><figcaption class=\"wp-element-caption\">Im Zelt des Oktoberfest<\/figcaption><\/figure>\n\n\n\n<figure class=\"wp-block-image size-large\"><a href=\"https:\/\/eventlive-tvproduktion.de\/wp-content\/uploads\/CBC0EE46-AF0D-405C-B746-EED538BB8FB7_4_5005_c.jpeg\" data-rel=\"lightbox-image-8\" data-rl_title=\"\" data-rl_caption=\"\" title=\"\"><img loading=\"lazy\" decoding=\"async\" width=\"480\" height=\"360\" data-id=\"6806\" src=\"https:\/\/eventlive-tvproduktion.de\/wp-content\/uploads\/CBC0EE46-AF0D-405C-B746-EED538BB8FB7_4_5005_c.jpeg\" alt=\"\" class=\"wp-image-6806\" srcset=\"https:\/\/eventlive-tvproduktion.de\/wp-content\/uploads\/CBC0EE46-AF0D-405C-B746-EED538BB8FB7_4_5005_c.jpeg 480w, https:\/\/eventlive-tvproduktion.de\/wp-content\/uploads\/CBC0EE46-AF0D-405C-B746-EED538BB8FB7_4_5005_c-300x225.jpeg 300w, https:\/\/eventlive-tvproduktion.de\/wp-content\/uploads\/CBC0EE46-AF0D-405C-B746-EED538BB8FB7_4_5005_c-150x113.jpeg 150w\" sizes=\"auto, (max-width: 480px) 100vw, 480px\" \/><\/a><figcaption class=\"wp-element-caption\">Party beim Oktoberfest<\/figcaption><\/figure>\n\n\n\n<figure class=\"wp-block-image size-large\"><a href=\"https:\/\/eventlive-tvproduktion.de\/wp-content\/uploads\/9AFB3928-4B8B-48B8-A4CF-0495B0302D09_4_5005_c.jpeg\" data-rel=\"lightbox-image-9\" data-rl_title=\"\" data-rl_caption=\"\" title=\"\"><img loading=\"lazy\" decoding=\"async\" width=\"480\" height=\"360\" data-id=\"6807\" src=\"https:\/\/eventlive-tvproduktion.de\/wp-content\/uploads\/9AFB3928-4B8B-48B8-A4CF-0495B0302D09_4_5005_c.jpeg\" alt=\"\" class=\"wp-image-6807\" srcset=\"https:\/\/eventlive-tvproduktion.de\/wp-content\/uploads\/9AFB3928-4B8B-48B8-A4CF-0495B0302D09_4_5005_c.jpeg 480w, https:\/\/eventlive-tvproduktion.de\/wp-content\/uploads\/9AFB3928-4B8B-48B8-A4CF-0495B0302D09_4_5005_c-300x225.jpeg 300w, https:\/\/eventlive-tvproduktion.de\/wp-content\/uploads\/9AFB3928-4B8B-48B8-A4CF-0495B0302D09_4_5005_c-150x113.jpeg 150w\" sizes=\"auto, (max-width: 480px) 100vw, 480px\" \/><\/a><figcaption class=\"wp-element-caption\">Gute Stimmung<\/figcaption><\/figure>\n\n\n\n<figure class=\"wp-block-image size-large\"><a href=\"https:\/\/eventlive-tvproduktion.de\/wp-content\/uploads\/13191AA7-9833-41CE-B422-2427AC890F46_4_5005_c.jpeg\" data-rel=\"lightbox-image-10\" data-rl_title=\"\" data-rl_caption=\"\" title=\"\"><img loading=\"lazy\" decoding=\"async\" width=\"480\" height=\"360\" data-id=\"6808\" src=\"https:\/\/eventlive-tvproduktion.de\/wp-content\/uploads\/13191AA7-9833-41CE-B422-2427AC890F46_4_5005_c.jpeg\" alt=\"\" class=\"wp-image-6808\" srcset=\"https:\/\/eventlive-tvproduktion.de\/wp-content\/uploads\/13191AA7-9833-41CE-B422-2427AC890F46_4_5005_c.jpeg 480w, https:\/\/eventlive-tvproduktion.de\/wp-content\/uploads\/13191AA7-9833-41CE-B422-2427AC890F46_4_5005_c-300x225.jpeg 300w, https:\/\/eventlive-tvproduktion.de\/wp-content\/uploads\/13191AA7-9833-41CE-B422-2427AC890F46_4_5005_c-150x113.jpeg 150w\" sizes=\"auto, (max-width: 480px) 100vw, 480px\" \/><\/a><figcaption class=\"wp-element-caption\">Im Zelt<\/figcaption><\/figure>\n\n\n\n<figure class=\"wp-block-image size-large\"><a href=\"https:\/\/eventlive-tvproduktion.de\/wp-content\/uploads\/17F1056C-4307-4C07-8685-805E94FBFE07_4_5005_c.jpeg\" data-rel=\"lightbox-image-11\" data-rl_title=\"\" data-rl_caption=\"\" title=\"\"><img loading=\"lazy\" decoding=\"async\" width=\"480\" height=\"360\" data-id=\"6810\" src=\"https:\/\/eventlive-tvproduktion.de\/wp-content\/uploads\/17F1056C-4307-4C07-8685-805E94FBFE07_4_5005_c.jpeg\" alt=\"\" class=\"wp-image-6810\" srcset=\"https:\/\/eventlive-tvproduktion.de\/wp-content\/uploads\/17F1056C-4307-4C07-8685-805E94FBFE07_4_5005_c.jpeg 480w, https:\/\/eventlive-tvproduktion.de\/wp-content\/uploads\/17F1056C-4307-4C07-8685-805E94FBFE07_4_5005_c-300x225.jpeg 300w, https:\/\/eventlive-tvproduktion.de\/wp-content\/uploads\/17F1056C-4307-4C07-8685-805E94FBFE07_4_5005_c-150x113.jpeg 150w\" sizes=\"auto, (max-width: 480px) 100vw, 480px\" \/><\/a><figcaption class=\"wp-element-caption\">Im Biergarten<\/figcaption><\/figure>\n<\/figure>\n\n\n\n<hr class=\"wp-block-separator has-text-color has-vivid-red-color has-alpha-channel-opacity has-vivid-red-background-color has-background is-style-wide\"\/>\n\n\n\n<p>Bei dem <strong>Oktoberfest in den Niederlanden<\/strong> nutzte die <strong>Event Live TV-Produktion Dortmund GmbH<\/strong> die Gelegenheit, Eindr\u00fccke zu sammeln, Gespr\u00e4che mit G\u00e4sten vor Ort zu f\u00fchren und sich mit ihrem Gastgeber \u00fcber die moderne Form dieses traditionsreichen Festes auszutauschen. Ziel war es, neue Impulse zu gewinnen und die M\u00f6glichkeiten moderner Event- und Medientechnik praxisnah zu erleben.<\/p>\n\n\n<div class=\"wp-block-image\">\n<figure class=\"alignleft size-full is-resized\"><img loading=\"lazy\" decoding=\"async\" width=\"480\" height=\"360\" src=\"https:\/\/eventlive-tvproduktion.de\/wp-content\/uploads\/2CBB3BB4-49E1-4A66-938E-308D0E37900B_4_5005_c-1.jpeg\" alt=\"\" class=\"wp-image-6824\" style=\"width:350px;height:auto\" srcset=\"https:\/\/eventlive-tvproduktion.de\/wp-content\/uploads\/2CBB3BB4-49E1-4A66-938E-308D0E37900B_4_5005_c-1.jpeg 480w, https:\/\/eventlive-tvproduktion.de\/wp-content\/uploads\/2CBB3BB4-49E1-4A66-938E-308D0E37900B_4_5005_c-1-300x225.jpeg 300w, https:\/\/eventlive-tvproduktion.de\/wp-content\/uploads\/2CBB3BB4-49E1-4A66-938E-308D0E37900B_4_5005_c-1-150x113.jpeg 150w\" sizes=\"auto, (max-width: 480px) 100vw, 480px\" \/><figcaption class=\"wp-element-caption\">DJ Gildo im Einsatz!<\/figcaption><\/figure>\n<\/div>\n\n\n<p>Das Team von Event Live konnte aus dem Besuch <strong>zahlreiche positive Erfahrungen und Eindr\u00fccke<\/strong> gewinnen. Besonders beeindruckend war die <strong>moderne Interpretation des Oktoberfests<\/strong>, die eine gelungene Verbindung aus <strong>Tradition, Innovation und stimmungsvoller Inszenierung<\/strong> schuf. Ebenso fiel die <strong>herzliche Atmosph\u00e4re<\/strong>, die <strong>effiziente Organisation<\/strong> und das <strong>durchdachte B\u00fchnen- und Lichtkonzept<\/strong> positiv auf. Diese Eindr\u00fccke werden k\u00fcnftig in die <strong>Planung und Umsetzung eigener Projekte<\/strong> einflie\u00dfen, um Veranstaltungen noch erlebnisreicher und professioneller zu gestalten.<\/p>\n\n\n\n<p><strong>Nicole Fix<\/strong>, Gesch\u00e4ftsf\u00fchrerin der Event Live TV-Produktion Dortmund GmbH, erkl\u00e4rte:<\/p>\n\n\n\n<blockquote class=\"wp-block-quote is-layout-flow wp-block-quote-is-layout-flow\">\n<p>\u201eDer Besuch in den Niederlanden hat uns gezeigt, wie vielseitig ein modernes Oktoberfest gestaltet werden kann. F\u00fcr uns war es spannend zu sehen, wie Technik, Emotion und Tradition harmonisch miteinander verbunden werden. Solche Eindr\u00fccke helfen uns, unsere eigenen Projekte noch kreativer und wirkungsvoller umzusetzen.\u201c<\/p>\n<\/blockquote>\n\n\n\n<figure class=\"wp-block-embed is-type-video is-provider-youtube wp-block-embed-youtube wp-embed-aspect-16-9 wp-has-aspect-ratio\"><div class=\"wp-block-embed__wrapper\">\n<iframe loading=\"lazy\" title=\"Wie feiert man eigentlich Oktoberfest in Holland? \ud83c\uddf3\ud83c\uddf1\ud83c\udf7aD\" width=\"640\" height=\"360\" src=\"https:\/\/www.youtube.com\/embed\/69kSthj-QZU?feature=oembed\" frameborder=\"0\" allow=\"accelerometer; autoplay; clipboard-write; encrypted-media; gyroscope; picture-in-picture; web-share\" referrerpolicy=\"strict-origin-when-cross-origin\" allowfullscreen><\/iframe>\n<\/div><\/figure>\n\n\n\n<p><a href=\"http:\/\/Wie feiert man eigentlich Oktoberfest in Holland? &#x1f1f3;&#x1f1f1;&#x1f37a; Die beiden Dortmunder Moderatoren Nicole Kruse und Uwe Kisker wollten es genau wissen! Auf Einladung von DJ Gieldo machten sie sich auf den Weg nach Soeren Donk (Holland) \u2013 und erlebten einen unvergesslichen Abend voller Stimmung, Musik und guter Laune! &#x1f3b6;  Was sie besonders beeindruckt hat? Die Holl\u00e4nder kamen nicht im Bierzelt mit dem Auto \u2013 sondern mit dem Fahrrad zum Oktoberfest! &#x1f6b4;&#x200d;&#x2642;&#xfe0f;&#x1f37b; Ein Abend voller Spa\u00df, \u00dcberraschungen und echter Volksfest-Atmosph\u00e4re \u2013 nat\u00fcrlich mit einem Schuss typisch holl\u00e4ndischem Charme.  &#x1f449; Das ganze Video jetzt ansehen \u2013 und erlebt das Oktoberfest einmal anders!\"><strong>Wie feiert man eigentlich Oktoberfest in Holland? &#x1f1f3;&#x1f1f1;&#x1f37a;<\/strong><br>Die beiden Dortmunder Moderatoren <strong>Nicole Kruse<\/strong> und <strong>Uwe Kisker<\/strong> wollten es genau wissen!<br>Auf Einladung von <strong>DJ Gieldo<\/strong> machten sie sich auf den Weg nach <strong>Soeren Donk (Holland)<\/strong> \u2013 und erlebten einen unvergesslichen Abend voller Stimmung, Musik und gu<\/a>ter Laune! &#x1f3b6;<\/p>\n\n\n\n<p>Was sie besonders beeindruckt hat?<br>Die Holl\u00e4nder kamen nicht im Bierzelt mit dem Auto \u2013 <strong>sondern mit dem Fahrrad zum Oktoberfest! &#x1f6b4;&#x200d;&#x2642;&#xfe0f;&#x1f37b;<\/strong><br>Ein Abend voller Spa\u00df, \u00dcberraschungen und echter Volksfest-Atmosph\u00e4re \u2013 nat\u00fcrlich mit einem Schuss typisch holl\u00e4ndischem Charme.<\/p>\n\n\n\n<p>&#x1f449; <strong>Das ganze Video jetzt ansehen \u2013 und erlebt das Oktoberfest einmal anders!<\/strong><\/p>\n\n\n<div  class=\"ultp-post-grid-block wp-block-ultimate-post-post-grid-2 ultp-block-a9adb3\"><div class=\"ultp-block-wrapper\"><div class=\"ultp-loading\"><div class=\"ultp-loading-blocks\" style=\"width:100%;height:100%;\"><div style=\"left: 0;top: 0;animation-delay:0s;\"><\/div><div style=\"left: 21px;top: 0;animation-delay:0.125s;\"><\/div><div style=\"left: 42px;top: 0;animation-delay:0.25s;\"><\/div><div style=\"left: 0;top: 21px;animation-delay:0.875s;\"><\/div><div style=\"left: 42px;top: 21px;animation-delay:0.375s;\"><\/div><div style=\"left: 0;top: 42px;animation-delay:0.75s;\"><\/div><div style=\"left: 42px;top: 42px;animation-delay:0.625s;\"><\/div><div style=\"left: 21px;top: 42px;animation-delay:0.5s;\"><\/div><\/div><\/div><div class=\"ultp-block-items-wrap ultp-block-row\"><div class=\"ultp-block-item post-id-7703\"><div class=\"ultp-block-content-wrap ultp-block-content-overlay\"><div class=\"ultp-block-image ultp-block-image-zoomOut ultp-block-image-overlay ultp-block-image-flat\"><a href=\"https:\/\/eventlive-tvproduktion.de\/?p=7703\" ><img decoding=\"async\"  alt=\"&#x1f389; 250. Ausgabe der \u201eSchlagercouch\u201c \u2013 Jubil\u00e4umssendung mit Olaf Henning erfolgreich produziert &#x1f3a4;\"  src=\"https:\/\/eventlive-tvproduktion.de\/wp-content\/uploads\/0423_Sport-Live-Schlagercouch-250-Schuetze-011.jpg\" \/><\/a><\/div><div class=\"ultp-block-content ultp-block-content-bottomPosition\"><div class=\"ultp-block-content-inner\"><div class=\"ultp-category-grid ultp-category-classic ultp-category-aboveTitle\"><div class=\"ultp-category-in\"><a class=\"ultp-cat-aktuelles\" href=\"https:\/\/eventlive-tvproduktion.de\/?cat=31\"  >Aktuelles<\/a><a class=\"ultp-cat-startseite\" href=\"https:\/\/eventlive-tvproduktion.de\/?cat=2\"  >Startseite<\/a><\/div><\/div><h3 class=\"ultp-block-title \"><a href=\"https:\/\/eventlive-tvproduktion.de\/?p=7703\" >&#x1f389; 250. Ausgabe der \u201eSchlagercouch\u201c \u2013 Jubil\u00e4umssendung mit Olaf Henning erfolgreich produziert &#x1f3a4;<\/a><\/h3><div class=\"ultp-block-meta ultp-block-meta-dot ultp-block-meta-icon\"><span class=\"ultp-block-author ultp-block-meta-element\"><svg xmlns=\"http:\/\/www.w3.org\/2000\/svg\" fill=\"none\" viewBox=\"0 0 24 24\">\n  <circle cx=\"12\" cy=\"7\" r=\"4\" stroke=\"currentColor\" stroke-linejoin=\"round\" stroke-width=\"1.5\"\/>\n  <path stroke=\"currentColor\" stroke-linecap=\"round\" stroke-linejoin=\"round\" stroke-width=\"1.5\" d=\"M4 21v-3a4 4 0 0 1 4-4h8a4 4 0 0 1 4 4v3\"\/>\n<\/svg>\n<a class=\"\" href=\"https:\/\/eventlive-tvproduktion.de\/?author=5\">Uwe Kisker<\/a><\/span><span class=\"ultp-block-date ultp-block-meta-element\"><svg xmlns=\"http:\/\/www.w3.org\/2000\/svg\" fill=\"none\" viewBox=\"0 0 24 24\">\n  <path stroke=\"currentColor\" stroke-linecap=\"round\" stroke-linejoin=\"round\" stroke-width=\"1.5\" d=\"M3 5.5a2 2 0 0 1 2-2h14a2 2 0 0 1 2 2v14a2 2 0 0 1-2 2H5a2 2 0 0 1-2-2v-14ZM8 2v3m8-3v3M3 9h18\"\/>\n<\/svg>\nApr. 26, 2026<\/span><\/div><\/div><\/div><\/div><\/div><div class=\"ultp-block-item post-id-7688\"><div class=\"ultp-block-content-wrap ultp-block-content-overlay\"><div class=\"ultp-block-image ultp-block-image-zoomOut ultp-block-image-overlay ultp-block-image-flat\"><a href=\"https:\/\/eventlive-tvproduktion.de\/?p=7688\" ><img decoding=\"async\"  alt=\"Dreharbeiten am Dortmund Airport im Auftrag des Flughafens\"  src=\"https:\/\/eventlive-tvproduktion.de\/wp-content\/uploads\/IMG_2864-2.jpg\" \/><\/a><\/div><div class=\"ultp-block-content ultp-block-content-bottomPosition\"><div class=\"ultp-block-content-inner\"><div class=\"ultp-category-grid ultp-category-classic ultp-category-aboveTitle\"><div class=\"ultp-category-in\"><a class=\"ultp-cat-aktuelles\" href=\"https:\/\/eventlive-tvproduktion.de\/?cat=31\"  >Aktuelles<\/a><a class=\"ultp-cat-startseite\" href=\"https:\/\/eventlive-tvproduktion.de\/?cat=2\"  >Startseite<\/a><\/div><\/div><h3 class=\"ultp-block-title \"><a href=\"https:\/\/eventlive-tvproduktion.de\/?p=7688\" >Dreharbeiten am Dortmund Airport im Auftrag des Flughafens<\/a><\/h3><div class=\"ultp-block-meta ultp-block-meta-dot ultp-block-meta-icon\"><span class=\"ultp-block-author ultp-block-meta-element\"><svg xmlns=\"http:\/\/www.w3.org\/2000\/svg\" fill=\"none\" viewBox=\"0 0 24 24\">\n  <circle cx=\"12\" cy=\"7\" r=\"4\" stroke=\"currentColor\" stroke-linejoin=\"round\" stroke-width=\"1.5\"\/>\n  <path stroke=\"currentColor\" stroke-linecap=\"round\" stroke-linejoin=\"round\" stroke-width=\"1.5\" d=\"M4 21v-3a4 4 0 0 1 4-4h8a4 4 0 0 1 4 4v3\"\/>\n<\/svg>\n<a class=\"\" href=\"https:\/\/eventlive-tvproduktion.de\/?author=5\">Uwe Kisker<\/a><\/span><span class=\"ultp-block-date ultp-block-meta-element\"><svg xmlns=\"http:\/\/www.w3.org\/2000\/svg\" fill=\"none\" viewBox=\"0 0 24 24\">\n  <path stroke=\"currentColor\" stroke-linecap=\"round\" stroke-linejoin=\"round\" stroke-width=\"1.5\" d=\"M3 5.5a2 2 0 0 1 2-2h14a2 2 0 0 1 2 2v14a2 2 0 0 1-2 2H5a2 2 0 0 1-2-2v-14ZM8 2v3m8-3v3M3 9h18\"\/>\n<\/svg>\nApr. 16, 2026<\/span><\/div><\/div><\/div><\/div><\/div><div class=\"ultp-block-item post-id-7683\"><div class=\"ultp-block-content-wrap ultp-block-content-overlay\"><div class=\"ultp-block-image ultp-block-image-zoomOut ultp-block-image-overlay ultp-block-image-flat\"><a href=\"https:\/\/eventlive-tvproduktion.de\/?p=7683\" ><img decoding=\"async\"  alt=\"250. Sendung Schlagercouch im Mai 2026\"  src=\"https:\/\/eventlive-tvproduktion.de\/wp-content\/uploads\/olaf.jpg\" \/><\/a><\/div><div class=\"ultp-block-content ultp-block-content-bottomPosition\"><div class=\"ultp-block-content-inner\"><div class=\"ultp-category-grid ultp-category-classic ultp-category-aboveTitle\"><div class=\"ultp-category-in\"><a class=\"ultp-cat-aktuelles\" href=\"https:\/\/eventlive-tvproduktion.de\/?cat=31\"  >Aktuelles<\/a><a class=\"ultp-cat-startseite\" href=\"https:\/\/eventlive-tvproduktion.de\/?cat=2\"  >Startseite<\/a><\/div><\/div><h3 class=\"ultp-block-title \"><a href=\"https:\/\/eventlive-tvproduktion.de\/?p=7683\" >250. Sendung Schlagercouch im Mai 2026<\/a><\/h3><div class=\"ultp-block-meta ultp-block-meta-dot ultp-block-meta-icon\"><span class=\"ultp-block-author ultp-block-meta-element\"><svg xmlns=\"http:\/\/www.w3.org\/2000\/svg\" fill=\"none\" viewBox=\"0 0 24 24\">\n  <circle cx=\"12\" cy=\"7\" r=\"4\" stroke=\"currentColor\" stroke-linejoin=\"round\" stroke-width=\"1.5\"\/>\n  <path stroke=\"currentColor\" stroke-linecap=\"round\" stroke-linejoin=\"round\" stroke-width=\"1.5\" d=\"M4 21v-3a4 4 0 0 1 4-4h8a4 4 0 0 1 4 4v3\"\/>\n<\/svg>\n<a class=\"\" href=\"https:\/\/eventlive-tvproduktion.de\/?author=5\">Uwe Kisker<\/a><\/span><span class=\"ultp-block-date ultp-block-meta-element\"><svg xmlns=\"http:\/\/www.w3.org\/2000\/svg\" fill=\"none\" viewBox=\"0 0 24 24\">\n  <path stroke=\"currentColor\" stroke-linecap=\"round\" stroke-linejoin=\"round\" stroke-width=\"1.5\" d=\"M3 5.5a2 2 0 0 1 2-2h14a2 2 0 0 1 2 2v14a2 2 0 0 1-2 2H5a2 2 0 0 1-2-2v-14ZM8 2v3m8-3v3M3 9h18\"\/>\n<\/svg>\nApr. 13, 2026<\/span><\/div><\/div><\/div><\/div><\/div><div class=\"ultp-block-item post-id-7671\"><div class=\"ultp-block-content-wrap ultp-block-content-overlay\"><div class=\"ultp-block-image ultp-block-image-zoomOut ultp-block-image-overlay ultp-block-image-flat\"><a href=\"https:\/\/eventlive-tvproduktion.de\/?p=7671\" ><img decoding=\"async\"  alt=\"Die Zuschauer erlebten eine intensive und abwechslungsreiche Partie 36:33\"  src=\"https:\/\/eventlive-tvproduktion.de\/wp-content\/uploads\/94A68EA5-977D-4A52-A7FB-458E3D2E73B1_4_5005_c.jpeg\" \/><\/a><\/div><div class=\"ultp-block-content ultp-block-content-bottomPosition\"><div class=\"ultp-block-content-inner\"><div class=\"ultp-category-grid ultp-category-classic ultp-category-aboveTitle\"><div class=\"ultp-category-in\"><a class=\"ultp-cat-aktuelles\" href=\"https:\/\/eventlive-tvproduktion.de\/?cat=31\"  >Aktuelles<\/a><a class=\"ultp-cat-startseite\" href=\"https:\/\/eventlive-tvproduktion.de\/?cat=2\"  >Startseite<\/a><\/div><\/div><h3 class=\"ultp-block-title \"><a href=\"https:\/\/eventlive-tvproduktion.de\/?p=7671\" >Die Zuschauer erlebten eine intensive und abwechslungsreiche Partie 36:33<\/a><\/h3><div class=\"ultp-block-meta ultp-block-meta-dot ultp-block-meta-icon\"><span class=\"ultp-block-author ultp-block-meta-element\"><svg xmlns=\"http:\/\/www.w3.org\/2000\/svg\" fill=\"none\" viewBox=\"0 0 24 24\">\n  <circle cx=\"12\" cy=\"7\" r=\"4\" stroke=\"currentColor\" stroke-linejoin=\"round\" stroke-width=\"1.5\"\/>\n  <path stroke=\"currentColor\" stroke-linecap=\"round\" stroke-linejoin=\"round\" stroke-width=\"1.5\" d=\"M4 21v-3a4 4 0 0 1 4-4h8a4 4 0 0 1 4 4v3\"\/>\n<\/svg>\n<a class=\"\" href=\"https:\/\/eventlive-tvproduktion.de\/?author=5\">Uwe Kisker<\/a><\/span><span class=\"ultp-block-date ultp-block-meta-element\"><svg xmlns=\"http:\/\/www.w3.org\/2000\/svg\" fill=\"none\" viewBox=\"0 0 24 24\">\n  <path stroke=\"currentColor\" stroke-linecap=\"round\" stroke-linejoin=\"round\" stroke-width=\"1.5\" d=\"M3 5.5a2 2 0 0 1 2-2h14a2 2 0 0 1 2 2v14a2 2 0 0 1-2 2H5a2 2 0 0 1-2-2v-14ZM8 2v3m8-3v3M3 9h18\"\/>\n<\/svg>\nApr. 2, 2026<\/span><\/div><\/div><\/div><\/div><\/div><div class=\"ultp-block-item post-id-7654\"><div class=\"ultp-block-content-wrap ultp-block-content-overlay\"><div class=\"ultp-block-image ultp-block-image-zoomOut ultp-block-image-overlay ultp-block-image-flat\"><a href=\"https:\/\/eventlive-tvproduktion.de\/?p=7654\" ><img decoding=\"async\"  alt=\"BVB-Handballerinnen gewinnen den DHB-Pokal 2026! &#x1f3c6;&#x1f5a4;&#x1f49b;\"  src=\"https:\/\/eventlive-tvproduktion.de\/wp-content\/uploads\/EE452EA6-8DC5-424E-BDF8-BE8166FF4258-800x570.jpeg\" \/><\/a><\/div><div class=\"ultp-block-content ultp-block-content-bottomPosition\"><div class=\"ultp-block-content-inner\"><div class=\"ultp-category-grid ultp-category-classic ultp-category-aboveTitle\"><div class=\"ultp-category-in\"><a class=\"ultp-cat-aktuelles\" href=\"https:\/\/eventlive-tvproduktion.de\/?cat=31\"  >Aktuelles<\/a><a class=\"ultp-cat-startseite\" href=\"https:\/\/eventlive-tvproduktion.de\/?cat=2\"  >Startseite<\/a><\/div><\/div><h3 class=\"ultp-block-title \"><a href=\"https:\/\/eventlive-tvproduktion.de\/?p=7654\" >BVB-Handballerinnen gewinnen den DHB-Pokal 2026! &#x1f3c6;&#x1f5a4;&#x1f49b;<\/a><\/h3><div class=\"ultp-block-meta ultp-block-meta-dot ultp-block-meta-icon\"><span class=\"ultp-block-author ultp-block-meta-element\"><svg xmlns=\"http:\/\/www.w3.org\/2000\/svg\" fill=\"none\" viewBox=\"0 0 24 24\">\n  <circle cx=\"12\" cy=\"7\" r=\"4\" stroke=\"currentColor\" stroke-linejoin=\"round\" stroke-width=\"1.5\"\/>\n  <path stroke=\"currentColor\" stroke-linecap=\"round\" stroke-linejoin=\"round\" stroke-width=\"1.5\" d=\"M4 21v-3a4 4 0 0 1 4-4h8a4 4 0 0 1 4 4v3\"\/>\n<\/svg>\n<a class=\"\" href=\"https:\/\/eventlive-tvproduktion.de\/?author=5\">Uwe Kisker<\/a><\/span><span class=\"ultp-block-date ultp-block-meta-element\"><svg xmlns=\"http:\/\/www.w3.org\/2000\/svg\" fill=\"none\" viewBox=\"0 0 24 24\">\n  <path stroke=\"currentColor\" stroke-linecap=\"round\" stroke-linejoin=\"round\" stroke-width=\"1.5\" d=\"M3 5.5a2 2 0 0 1 2-2h14a2 2 0 0 1 2 2v14a2 2 0 0 1-2 2H5a2 2 0 0 1-2-2v-14ZM8 2v3m8-3v3M3 9h18\"\/>\n<\/svg>\nM\u00e4rz 15, 2026<\/span><\/div><\/div><\/div><\/div><\/div><div class=\"ultp-block-item post-id-7609\"><div class=\"ultp-block-content-wrap ultp-block-content-overlay\"><div class=\"ultp-block-image ultp-block-image-zoomOut ultp-block-image-overlay ultp-block-image-flat\"><a href=\"https:\/\/eventlive-tvproduktion.de\/?p=7609\" ><img decoding=\"async\"  alt=\"\u201eKamera Kurs\u201c begeistert Teilnehmer \u2013 Praxisnahe Einblicke in die Medienarbeit\"  src=\"https:\/\/eventlive-tvproduktion.de\/wp-content\/uploads\/IMG_2618-800x570.jpg\" \/><\/a><\/div><div class=\"ultp-block-content ultp-block-content-bottomPosition\"><div class=\"ultp-block-content-inner\"><div class=\"ultp-category-grid ultp-category-classic ultp-category-aboveTitle\"><div class=\"ultp-category-in\"><a class=\"ultp-cat-aktuelles\" href=\"https:\/\/eventlive-tvproduktion.de\/?cat=31\"  >Aktuelles<\/a><a class=\"ultp-cat-startseite\" href=\"https:\/\/eventlive-tvproduktion.de\/?cat=2\"  >Startseite<\/a><\/div><\/div><h3 class=\"ultp-block-title \"><a href=\"https:\/\/eventlive-tvproduktion.de\/?p=7609\" >\u201eKamera Kurs\u201c begeistert Teilnehmer \u2013 Praxisnahe Einblicke in die Medienarbeit<\/a><\/h3><div class=\"ultp-block-meta ultp-block-meta-dot ultp-block-meta-icon\"><span class=\"ultp-block-author ultp-block-meta-element\"><svg xmlns=\"http:\/\/www.w3.org\/2000\/svg\" fill=\"none\" viewBox=\"0 0 24 24\">\n  <circle cx=\"12\" cy=\"7\" r=\"4\" stroke=\"currentColor\" stroke-linejoin=\"round\" stroke-width=\"1.5\"\/>\n  <path stroke=\"currentColor\" stroke-linecap=\"round\" stroke-linejoin=\"round\" stroke-width=\"1.5\" d=\"M4 21v-3a4 4 0 0 1 4-4h8a4 4 0 0 1 4 4v3\"\/>\n<\/svg>\n<a class=\"\" href=\"https:\/\/eventlive-tvproduktion.de\/?author=5\">Uwe Kisker<\/a><\/span><span class=\"ultp-block-date ultp-block-meta-element\"><svg xmlns=\"http:\/\/www.w3.org\/2000\/svg\" fill=\"none\" viewBox=\"0 0 24 24\">\n  <path stroke=\"currentColor\" stroke-linecap=\"round\" stroke-linejoin=\"round\" stroke-width=\"1.5\" d=\"M3 5.5a2 2 0 0 1 2-2h14a2 2 0 0 1 2 2v14a2 2 0 0 1-2 2H5a2 2 0 0 1-2-2v-14ZM8 2v3m8-3v3M3 9h18\"\/>\n<\/svg>\nFeb. 21, 2026<\/span><\/div><\/div><\/div><\/div><\/div><\/div><\/div><div class=\"pagination-block-html\" aria-hidden=\"true\" style=\"display: none;\"><\/div><\/div>","protected":false},"excerpt":{"rendered":"<p>Ein Parkplatz f\u00fcr Fahreder<\/p>\n","protected":false},"author":5,"featured_media":6831,"comment_status":"closed","ping_status":"open","sticky":false,"template":"","format":"standard","meta":{"footnotes":""},"categories":[31,2],"tags":[13,371,372,67,130],"class_list":["post-6794","post","type-post","status-publish","format-standard","has-post-thumbnail","hentry","category-aktuelles","category-startseite","tag-dortmund","tag-holland","tag-niederland","tag-oktoberfest","tag-party"],"_links":{"self":[{"href":"https:\/\/eventlive-tvproduktion.de\/index.php?rest_route=\/wp\/v2\/posts\/6794","targetHints":{"allow":["GET"]}}],"collection":[{"href":"https:\/\/eventlive-tvproduktion.de\/index.php?rest_route=\/wp\/v2\/posts"}],"about":[{"href":"https:\/\/eventlive-tvproduktion.de\/index.php?rest_route=\/wp\/v2\/types\/post"}],"author":[{"embeddable":true,"href":"https:\/\/eventlive-tvproduktion.de\/index.php?rest_route=\/wp\/v2\/users\/5"}],"replies":[{"embeddable":true,"href":"https:\/\/eventlive-tvproduktion.de\/index.php?rest_route=%2Fwp%2Fv2%2Fcomments&post=6794"}],"version-history":[{"count":28,"href":"https:\/\/eventlive-tvproduktion.de\/index.php?rest_route=\/wp\/v2\/posts\/6794\/revisions"}],"predecessor-version":[{"id":6849,"href":"https:\/\/eventlive-tvproduktion.de\/index.php?rest_route=\/wp\/v2\/posts\/6794\/revisions\/6849"}],"wp:featuredmedia":[{"embeddable":true,"href":"https:\/\/eventlive-tvproduktion.de\/index.php?rest_route=\/wp\/v2\/media\/6831"}],"wp:attachment":[{"href":"https:\/\/eventlive-tvproduktion.de\/index.php?rest_route=%2Fwp%2Fv2%2Fmedia&parent=6794"}],"wp:term":[{"taxonomy":"category","embeddable":true,"href":"https:\/\/eventlive-tvproduktion.de\/index.php?rest_route=%2Fwp%2Fv2%2Fcategories&post=6794"},{"taxonomy":"post_tag","embeddable":true,"href":"https:\/\/eventlive-tvproduktion.de\/index.php?rest_route=%2Fwp%2Fv2%2Ftags&post=6794"}],"curies":[{"name":"wp","href":"https:\/\/api.w.org\/{rel}","templated":true}]}}