{"id":6858,"date":"2025-10-27T08:27:59","date_gmt":"2025-10-27T07:27:59","guid":{"rendered":"https:\/\/eventlive-tvproduktion.de\/?p=6858"},"modified":"2025-10-27T08:33:54","modified_gmt":"2025-10-27T07:33:54","slug":"neue-sendungen-der-schlagercouch-2","status":"publish","type":"post","link":"https:\/\/eventlive-tvproduktion.de\/?p=6858","title":{"rendered":"Neue Sendungen der Schlagercouch"},"content":{"rendered":"\n<p>Einmal im Monat produziert Event Live TV Produktion Dortmund in Zusammenarbeit mit dem Schlagercouch-Team die beliebte Sendereihe Schlagercouch, die w\u00f6chentlich auf NRWision zu sehen ist.<\/p>\n\n\n<div class=\"wp-block-image\">\n<figure class=\"alignleft size-full\"><img loading=\"lazy\" decoding=\"async\" width=\"480\" height=\"360\" src=\"https:\/\/eventlive-tvproduktion.de\/wp-content\/uploads\/C7A35F67-CA49-4048-9420-CCF96F35A744_4_5005_c.jpeg\" alt=\"\" class=\"wp-image-6859\" srcset=\"https:\/\/eventlive-tvproduktion.de\/wp-content\/uploads\/C7A35F67-CA49-4048-9420-CCF96F35A744_4_5005_c.jpeg 480w, https:\/\/eventlive-tvproduktion.de\/wp-content\/uploads\/C7A35F67-CA49-4048-9420-CCF96F35A744_4_5005_c-300x225.jpeg 300w, https:\/\/eventlive-tvproduktion.de\/wp-content\/uploads\/C7A35F67-CA49-4048-9420-CCF96F35A744_4_5005_c-150x113.jpeg 150w\" sizes=\"auto, (max-width: 480px) 100vw, 480px\" \/><\/figure>\n<\/div>\n\n\n<p>Auch in der aktuellen Ausgabe begr\u00fc\u00dften die Moderatoren Nicole Kruse und Uwe Kisker wieder hochkar\u00e4tige G\u00e4ste: Aus der Schweiz reisten diesmal die beiden K\u00fcnstler Ben Berg und Nino Rene an, um auf der bekannten Couch Platz zu nehmen. Die Schlagercouch erfreut sich mittlerweile nicht nur bei deutschen Schlagerfans gro\u00dfer Beliebtheit, sondern auch bei K\u00fcnstlerinnen und K\u00fcnstlern aus der Schweiz und \u00d6sterreich. So waren in den vergangenen Monaten zahlreiche Musikerinnen und Musiker aus diesen L\u00e4ndern zu Gast.<\/p>\n\n\n\n<p>Neben den Schweizer G\u00e4sten durften die Moderatoren diesmal au\u00dferdem Sandy van Ry vom Niederrhein sowie das Gesangsduo Maritta und Marcel aus Siegen willkommen hei\u00dfen. In angenehmer Atmosph\u00e4re berichteten die K\u00fcnstler \u00fcber ihre musikalischen Karrieren, ihre Erlebnisse auf den B\u00fchnen in Deutschland und der Schweiz, stellten ihre aktuellen Musikvideos vor und pr\u00e4sentierten selbstverst\u00e4ndlich auch ihre neuesten Hits.<\/p>\n\n\n<div class=\"wp-block-image\">\n<figure class=\"alignleft size-full\"><img loading=\"lazy\" decoding=\"async\" width=\"480\" height=\"360\" src=\"https:\/\/eventlive-tvproduktion.de\/wp-content\/uploads\/6F0245F0-3ECD-46B9-BAB6-AF073AE4D5A7_4_5005_c.jpeg\" alt=\"\" class=\"wp-image-6860\" srcset=\"https:\/\/eventlive-tvproduktion.de\/wp-content\/uploads\/6F0245F0-3ECD-46B9-BAB6-AF073AE4D5A7_4_5005_c.jpeg 480w, https:\/\/eventlive-tvproduktion.de\/wp-content\/uploads\/6F0245F0-3ECD-46B9-BAB6-AF073AE4D5A7_4_5005_c-300x225.jpeg 300w, https:\/\/eventlive-tvproduktion.de\/wp-content\/uploads\/6F0245F0-3ECD-46B9-BAB6-AF073AE4D5A7_4_5005_c-150x113.jpeg 150w\" sizes=\"auto, (max-width: 480px) 100vw, 480px\" \/><\/figure>\n<\/div>\n\n\n<p>Das erfahrene Team von Event Live TV Produktion Dortmund bewies einmal mehr seine Professionalit\u00e4t und Routine im Bereich Talk- und Musikshows. Mittlerweile wurden beeindruckende 238 Folgen der Schlagercouch produziert \u2013 ein Beleg f\u00fcr die hohe Qualit\u00e4t und Kontinuit\u00e4t dieser Sendereihe.<\/p>\n\n\n\n<p>Auch bei dieser Produktion zeigten sich die anwesenden K\u00fcnstler begeistert von der modernen Studiotechnik, der angenehmen Atmosph\u00e4re und der charmanten Moderation. Die Schlagercouch bleibt somit ein fester Bestandteil der deutschsprachigen Schlagerszene und ein beliebter Treffpunkt f\u00fcr K\u00fcnstler und Fans gleicherma\u00dfen.<\/p>\n\n\n\n<div class=\"wp-block-buttons is-layout-flex wp-block-buttons-is-layout-flex\">\n<div class=\"wp-block-button\"><a class=\"wp-block-button__link has-vivid-cyan-blue-background-color has-background wp-element-button\" href=\"http:\/\/www.schlagercouch.de\">Alles zur Schlagercouch<\/a><\/div>\n<\/div>\n\n\n<div  class=\"ultp-post-grid-block wp-block-ultimate-post-post-grid-2 ultp-block-27f924\"><div class=\"ultp-block-wrapper\"><div class=\"ultp-loading\"><div class=\"ultp-loading-blocks\" style=\"width:100%;height:100%;\"><div style=\"left: 0;top: 0;animation-delay:0s;\"><\/div><div style=\"left: 21px;top: 0;animation-delay:0.125s;\"><\/div><div style=\"left: 42px;top: 0;animation-delay:0.25s;\"><\/div><div style=\"left: 0;top: 21px;animation-delay:0.875s;\"><\/div><div style=\"left: 42px;top: 21px;animation-delay:0.375s;\"><\/div><div style=\"left: 0;top: 42px;animation-delay:0.75s;\"><\/div><div style=\"left: 42px;top: 42px;animation-delay:0.625s;\"><\/div><div style=\"left: 21px;top: 42px;animation-delay:0.5s;\"><\/div><\/div><\/div><div class=\"ultp-block-items-wrap ultp-block-row\"><div class=\"ultp-block-item post-id-7703\"><div class=\"ultp-block-content-wrap ultp-block-content-overlay\"><div class=\"ultp-block-image ultp-block-image-zoomOut ultp-block-image-overlay ultp-block-image-flat\"><a href=\"https:\/\/eventlive-tvproduktion.de\/?p=7703\" ><img decoding=\"async\"  alt=\"&#x1f389; 250. Ausgabe der \u201eSchlagercouch\u201c \u2013 Jubil\u00e4umssendung mit Olaf Henning erfolgreich produziert &#x1f3a4;\"  src=\"https:\/\/eventlive-tvproduktion.de\/wp-content\/uploads\/0423_Sport-Live-Schlagercouch-250-Schuetze-011.jpg\" \/><\/a><\/div><div class=\"ultp-block-content ultp-block-content-bottomPosition\"><div class=\"ultp-block-content-inner\"><div class=\"ultp-category-grid ultp-category-classic ultp-category-aboveTitle\"><div class=\"ultp-category-in\"><a class=\"ultp-cat-aktuelles\" href=\"https:\/\/eventlive-tvproduktion.de\/?cat=31\"  >Aktuelles<\/a><a class=\"ultp-cat-startseite\" href=\"https:\/\/eventlive-tvproduktion.de\/?cat=2\"  >Startseite<\/a><\/div><\/div><h3 class=\"ultp-block-title \"><a href=\"https:\/\/eventlive-tvproduktion.de\/?p=7703\" >&#x1f389; 250. Ausgabe der \u201eSchlagercouch\u201c \u2013 Jubil\u00e4umssendung mit Olaf Henning erfolgreich produziert &#x1f3a4;<\/a><\/h3><div class=\"ultp-block-meta ultp-block-meta-dot ultp-block-meta-icon\"><span class=\"ultp-block-author ultp-block-meta-element\"><svg xmlns=\"http:\/\/www.w3.org\/2000\/svg\" fill=\"none\" viewBox=\"0 0 24 24\">\n  <circle cx=\"12\" cy=\"7\" r=\"4\" stroke=\"currentColor\" stroke-linejoin=\"round\" stroke-width=\"1.5\"\/>\n  <path stroke=\"currentColor\" stroke-linecap=\"round\" stroke-linejoin=\"round\" stroke-width=\"1.5\" d=\"M4 21v-3a4 4 0 0 1 4-4h8a4 4 0 0 1 4 4v3\"\/>\n<\/svg>\n<a class=\"\" href=\"https:\/\/eventlive-tvproduktion.de\/?author=5\">Uwe Kisker<\/a><\/span><span class=\"ultp-block-date ultp-block-meta-element\"><svg xmlns=\"http:\/\/www.w3.org\/2000\/svg\" fill=\"none\" viewBox=\"0 0 24 24\">\n  <path stroke=\"currentColor\" stroke-linecap=\"round\" stroke-linejoin=\"round\" stroke-width=\"1.5\" d=\"M3 5.5a2 2 0 0 1 2-2h14a2 2 0 0 1 2 2v14a2 2 0 0 1-2 2H5a2 2 0 0 1-2-2v-14ZM8 2v3m8-3v3M3 9h18\"\/>\n<\/svg>\nApr. 26, 2026<\/span><\/div><\/div><\/div><\/div><\/div><div class=\"ultp-block-item post-id-7688\"><div class=\"ultp-block-content-wrap ultp-block-content-overlay\"><div class=\"ultp-block-image ultp-block-image-zoomOut ultp-block-image-overlay ultp-block-image-flat\"><a href=\"https:\/\/eventlive-tvproduktion.de\/?p=7688\" ><img decoding=\"async\"  alt=\"Dreharbeiten am Dortmund Airport im Auftrag des Flughafens\"  src=\"https:\/\/eventlive-tvproduktion.de\/wp-content\/uploads\/IMG_2864-2.jpg\" \/><\/a><\/div><div class=\"ultp-block-content ultp-block-content-bottomPosition\"><div class=\"ultp-block-content-inner\"><div class=\"ultp-category-grid ultp-category-classic ultp-category-aboveTitle\"><div class=\"ultp-category-in\"><a class=\"ultp-cat-aktuelles\" href=\"https:\/\/eventlive-tvproduktion.de\/?cat=31\"  >Aktuelles<\/a><a class=\"ultp-cat-startseite\" href=\"https:\/\/eventlive-tvproduktion.de\/?cat=2\"  >Startseite<\/a><\/div><\/div><h3 class=\"ultp-block-title \"><a href=\"https:\/\/eventlive-tvproduktion.de\/?p=7688\" >Dreharbeiten am Dortmund Airport im Auftrag des Flughafens<\/a><\/h3><div class=\"ultp-block-meta ultp-block-meta-dot ultp-block-meta-icon\"><span class=\"ultp-block-author ultp-block-meta-element\"><svg xmlns=\"http:\/\/www.w3.org\/2000\/svg\" fill=\"none\" viewBox=\"0 0 24 24\">\n  <circle cx=\"12\" cy=\"7\" r=\"4\" stroke=\"currentColor\" stroke-linejoin=\"round\" stroke-width=\"1.5\"\/>\n  <path stroke=\"currentColor\" stroke-linecap=\"round\" stroke-linejoin=\"round\" stroke-width=\"1.5\" d=\"M4 21v-3a4 4 0 0 1 4-4h8a4 4 0 0 1 4 4v3\"\/>\n<\/svg>\n<a class=\"\" href=\"https:\/\/eventlive-tvproduktion.de\/?author=5\">Uwe Kisker<\/a><\/span><span class=\"ultp-block-date ultp-block-meta-element\"><svg xmlns=\"http:\/\/www.w3.org\/2000\/svg\" fill=\"none\" viewBox=\"0 0 24 24\">\n  <path stroke=\"currentColor\" stroke-linecap=\"round\" stroke-linejoin=\"round\" stroke-width=\"1.5\" d=\"M3 5.5a2 2 0 0 1 2-2h14a2 2 0 0 1 2 2v14a2 2 0 0 1-2 2H5a2 2 0 0 1-2-2v-14ZM8 2v3m8-3v3M3 9h18\"\/>\n<\/svg>\nApr. 16, 2026<\/span><\/div><\/div><\/div><\/div><\/div><div class=\"ultp-block-item post-id-7683\"><div class=\"ultp-block-content-wrap ultp-block-content-overlay\"><div class=\"ultp-block-image ultp-block-image-zoomOut ultp-block-image-overlay ultp-block-image-flat\"><a href=\"https:\/\/eventlive-tvproduktion.de\/?p=7683\" ><img decoding=\"async\"  alt=\"250. Sendung Schlagercouch im Mai 2026\"  src=\"https:\/\/eventlive-tvproduktion.de\/wp-content\/uploads\/olaf.jpg\" \/><\/a><\/div><div class=\"ultp-block-content ultp-block-content-bottomPosition\"><div class=\"ultp-block-content-inner\"><div class=\"ultp-category-grid ultp-category-classic ultp-category-aboveTitle\"><div class=\"ultp-category-in\"><a class=\"ultp-cat-aktuelles\" href=\"https:\/\/eventlive-tvproduktion.de\/?cat=31\"  >Aktuelles<\/a><a class=\"ultp-cat-startseite\" href=\"https:\/\/eventlive-tvproduktion.de\/?cat=2\"  >Startseite<\/a><\/div><\/div><h3 class=\"ultp-block-title \"><a href=\"https:\/\/eventlive-tvproduktion.de\/?p=7683\" >250. Sendung Schlagercouch im Mai 2026<\/a><\/h3><div class=\"ultp-block-meta ultp-block-meta-dot ultp-block-meta-icon\"><span class=\"ultp-block-author ultp-block-meta-element\"><svg xmlns=\"http:\/\/www.w3.org\/2000\/svg\" fill=\"none\" viewBox=\"0 0 24 24\">\n  <circle cx=\"12\" cy=\"7\" r=\"4\" stroke=\"currentColor\" stroke-linejoin=\"round\" stroke-width=\"1.5\"\/>\n  <path stroke=\"currentColor\" stroke-linecap=\"round\" stroke-linejoin=\"round\" stroke-width=\"1.5\" d=\"M4 21v-3a4 4 0 0 1 4-4h8a4 4 0 0 1 4 4v3\"\/>\n<\/svg>\n<a class=\"\" href=\"https:\/\/eventlive-tvproduktion.de\/?author=5\">Uwe Kisker<\/a><\/span><span class=\"ultp-block-date ultp-block-meta-element\"><svg xmlns=\"http:\/\/www.w3.org\/2000\/svg\" fill=\"none\" viewBox=\"0 0 24 24\">\n  <path stroke=\"currentColor\" stroke-linecap=\"round\" stroke-linejoin=\"round\" stroke-width=\"1.5\" d=\"M3 5.5a2 2 0 0 1 2-2h14a2 2 0 0 1 2 2v14a2 2 0 0 1-2 2H5a2 2 0 0 1-2-2v-14ZM8 2v3m8-3v3M3 9h18\"\/>\n<\/svg>\nApr. 13, 2026<\/span><\/div><\/div><\/div><\/div><\/div><div class=\"ultp-block-item post-id-7671\"><div class=\"ultp-block-content-wrap ultp-block-content-overlay\"><div class=\"ultp-block-image ultp-block-image-zoomOut ultp-block-image-overlay ultp-block-image-flat\"><a href=\"https:\/\/eventlive-tvproduktion.de\/?p=7671\" ><img decoding=\"async\"  alt=\"Die Zuschauer erlebten eine intensive und abwechslungsreiche Partie 36:33\"  src=\"https:\/\/eventlive-tvproduktion.de\/wp-content\/uploads\/94A68EA5-977D-4A52-A7FB-458E3D2E73B1_4_5005_c.jpeg\" \/><\/a><\/div><div class=\"ultp-block-content ultp-block-content-bottomPosition\"><div class=\"ultp-block-content-inner\"><div class=\"ultp-category-grid ultp-category-classic ultp-category-aboveTitle\"><div class=\"ultp-category-in\"><a class=\"ultp-cat-aktuelles\" href=\"https:\/\/eventlive-tvproduktion.de\/?cat=31\"  >Aktuelles<\/a><a class=\"ultp-cat-startseite\" href=\"https:\/\/eventlive-tvproduktion.de\/?cat=2\"  >Startseite<\/a><\/div><\/div><h3 class=\"ultp-block-title \"><a href=\"https:\/\/eventlive-tvproduktion.de\/?p=7671\" >Die Zuschauer erlebten eine intensive und abwechslungsreiche Partie 36:33<\/a><\/h3><div class=\"ultp-block-meta ultp-block-meta-dot ultp-block-meta-icon\"><span class=\"ultp-block-author ultp-block-meta-element\"><svg xmlns=\"http:\/\/www.w3.org\/2000\/svg\" fill=\"none\" viewBox=\"0 0 24 24\">\n  <circle cx=\"12\" cy=\"7\" r=\"4\" stroke=\"currentColor\" stroke-linejoin=\"round\" stroke-width=\"1.5\"\/>\n  <path stroke=\"currentColor\" stroke-linecap=\"round\" stroke-linejoin=\"round\" stroke-width=\"1.5\" d=\"M4 21v-3a4 4 0 0 1 4-4h8a4 4 0 0 1 4 4v3\"\/>\n<\/svg>\n<a class=\"\" href=\"https:\/\/eventlive-tvproduktion.de\/?author=5\">Uwe Kisker<\/a><\/span><span class=\"ultp-block-date ultp-block-meta-element\"><svg xmlns=\"http:\/\/www.w3.org\/2000\/svg\" fill=\"none\" viewBox=\"0 0 24 24\">\n  <path stroke=\"currentColor\" stroke-linecap=\"round\" stroke-linejoin=\"round\" stroke-width=\"1.5\" d=\"M3 5.5a2 2 0 0 1 2-2h14a2 2 0 0 1 2 2v14a2 2 0 0 1-2 2H5a2 2 0 0 1-2-2v-14ZM8 2v3m8-3v3M3 9h18\"\/>\n<\/svg>\nApr. 2, 2026<\/span><\/div><\/div><\/div><\/div><\/div><div class=\"ultp-block-item post-id-7654\"><div class=\"ultp-block-content-wrap ultp-block-content-overlay\"><div class=\"ultp-block-image ultp-block-image-zoomOut ultp-block-image-overlay ultp-block-image-flat\"><a href=\"https:\/\/eventlive-tvproduktion.de\/?p=7654\" ><img decoding=\"async\"  alt=\"BVB-Handballerinnen gewinnen den DHB-Pokal 2026! &#x1f3c6;&#x1f5a4;&#x1f49b;\"  src=\"https:\/\/eventlive-tvproduktion.de\/wp-content\/uploads\/EE452EA6-8DC5-424E-BDF8-BE8166FF4258-800x570.jpeg\" \/><\/a><\/div><div class=\"ultp-block-content ultp-block-content-bottomPosition\"><div class=\"ultp-block-content-inner\"><div class=\"ultp-category-grid ultp-category-classic ultp-category-aboveTitle\"><div class=\"ultp-category-in\"><a class=\"ultp-cat-aktuelles\" href=\"https:\/\/eventlive-tvproduktion.de\/?cat=31\"  >Aktuelles<\/a><a class=\"ultp-cat-startseite\" href=\"https:\/\/eventlive-tvproduktion.de\/?cat=2\"  >Startseite<\/a><\/div><\/div><h3 class=\"ultp-block-title \"><a href=\"https:\/\/eventlive-tvproduktion.de\/?p=7654\" >BVB-Handballerinnen gewinnen den DHB-Pokal 2026! &#x1f3c6;&#x1f5a4;&#x1f49b;<\/a><\/h3><div class=\"ultp-block-meta ultp-block-meta-dot ultp-block-meta-icon\"><span class=\"ultp-block-author ultp-block-meta-element\"><svg xmlns=\"http:\/\/www.w3.org\/2000\/svg\" fill=\"none\" viewBox=\"0 0 24 24\">\n  <circle cx=\"12\" cy=\"7\" r=\"4\" stroke=\"currentColor\" stroke-linejoin=\"round\" stroke-width=\"1.5\"\/>\n  <path stroke=\"currentColor\" stroke-linecap=\"round\" stroke-linejoin=\"round\" stroke-width=\"1.5\" d=\"M4 21v-3a4 4 0 0 1 4-4h8a4 4 0 0 1 4 4v3\"\/>\n<\/svg>\n<a class=\"\" href=\"https:\/\/eventlive-tvproduktion.de\/?author=5\">Uwe Kisker<\/a><\/span><span class=\"ultp-block-date ultp-block-meta-element\"><svg xmlns=\"http:\/\/www.w3.org\/2000\/svg\" fill=\"none\" viewBox=\"0 0 24 24\">\n  <path stroke=\"currentColor\" stroke-linecap=\"round\" stroke-linejoin=\"round\" stroke-width=\"1.5\" d=\"M3 5.5a2 2 0 0 1 2-2h14a2 2 0 0 1 2 2v14a2 2 0 0 1-2 2H5a2 2 0 0 1-2-2v-14ZM8 2v3m8-3v3M3 9h18\"\/>\n<\/svg>\nM\u00e4rz 15, 2026<\/span><\/div><\/div><\/div><\/div><\/div><div class=\"ultp-block-item post-id-7609\"><div class=\"ultp-block-content-wrap ultp-block-content-overlay\"><div class=\"ultp-block-image ultp-block-image-zoomOut ultp-block-image-overlay ultp-block-image-flat\"><a href=\"https:\/\/eventlive-tvproduktion.de\/?p=7609\" ><img decoding=\"async\"  alt=\"\u201eKamera Kurs\u201c begeistert Teilnehmer \u2013 Praxisnahe Einblicke in die Medienarbeit\"  src=\"https:\/\/eventlive-tvproduktion.de\/wp-content\/uploads\/IMG_2618-800x570.jpg\" \/><\/a><\/div><div class=\"ultp-block-content ultp-block-content-bottomPosition\"><div class=\"ultp-block-content-inner\"><div class=\"ultp-category-grid ultp-category-classic ultp-category-aboveTitle\"><div class=\"ultp-category-in\"><a class=\"ultp-cat-aktuelles\" href=\"https:\/\/eventlive-tvproduktion.de\/?cat=31\"  >Aktuelles<\/a><a class=\"ultp-cat-startseite\" href=\"https:\/\/eventlive-tvproduktion.de\/?cat=2\"  >Startseite<\/a><\/div><\/div><h3 class=\"ultp-block-title \"><a href=\"https:\/\/eventlive-tvproduktion.de\/?p=7609\" >\u201eKamera Kurs\u201c begeistert Teilnehmer \u2013 Praxisnahe Einblicke in die Medienarbeit<\/a><\/h3><div class=\"ultp-block-meta ultp-block-meta-dot ultp-block-meta-icon\"><span class=\"ultp-block-author ultp-block-meta-element\"><svg xmlns=\"http:\/\/www.w3.org\/2000\/svg\" fill=\"none\" viewBox=\"0 0 24 24\">\n  <circle cx=\"12\" cy=\"7\" r=\"4\" stroke=\"currentColor\" stroke-linejoin=\"round\" stroke-width=\"1.5\"\/>\n  <path stroke=\"currentColor\" stroke-linecap=\"round\" stroke-linejoin=\"round\" stroke-width=\"1.5\" d=\"M4 21v-3a4 4 0 0 1 4-4h8a4 4 0 0 1 4 4v3\"\/>\n<\/svg>\n<a class=\"\" href=\"https:\/\/eventlive-tvproduktion.de\/?author=5\">Uwe Kisker<\/a><\/span><span class=\"ultp-block-date ultp-block-meta-element\"><svg xmlns=\"http:\/\/www.w3.org\/2000\/svg\" fill=\"none\" viewBox=\"0 0 24 24\">\n  <path stroke=\"currentColor\" stroke-linecap=\"round\" stroke-linejoin=\"round\" stroke-width=\"1.5\" d=\"M3 5.5a2 2 0 0 1 2-2h14a2 2 0 0 1 2 2v14a2 2 0 0 1-2 2H5a2 2 0 0 1-2-2v-14ZM8 2v3m8-3v3M3 9h18\"\/>\n<\/svg>\nFeb. 21, 2026<\/span><\/div><\/div><\/div><\/div><\/div><\/div><\/div><div class=\"pagination-block-html\" aria-hidden=\"true\" style=\"display: none;\"><\/div><\/div>","protected":false},"excerpt":{"rendered":"<p>Einmal im Monat produziert Event Live TV Produktion Dortmund in Zusammenarbeit mit dem Schlagercouch-Team die beliebte Sendereihe Schlagercouch, die w\u00f6chentlich auf NRWision zu sehen ist. Auch in der aktuellen Ausgabe begr\u00fc\u00dften die Moderatoren Nicole Kruse und Uwe Kisker wieder hochkar\u00e4tige G\u00e4ste: Aus der Schweiz reisten diesmal die beiden K\u00fcnstler Ben Berg und Nino Rene an, [&hellip;]<\/p>\n","protected":false},"author":5,"featured_media":6865,"comment_status":"closed","ping_status":"open","sticky":false,"template":"","format":"standard","meta":{"footnotes":""},"categories":[31,2],"tags":[13,137,130,144,50,53,105,65,131],"class_list":["post-6858","post","type-post","status-publish","format-standard","has-post-thumbnail","hentry","category-aktuelles","category-startseite","tag-dortmund","tag-musik","tag-party","tag-schlager","tag-schlagercouch","tag-sendung","tag-show","tag-tv","tag-unterhaltung"],"_links":{"self":[{"href":"https:\/\/eventlive-tvproduktion.de\/index.php?rest_route=\/wp\/v2\/posts\/6858","targetHints":{"allow":["GET"]}}],"collection":[{"href":"https:\/\/eventlive-tvproduktion.de\/index.php?rest_route=\/wp\/v2\/posts"}],"about":[{"href":"https:\/\/eventlive-tvproduktion.de\/index.php?rest_route=\/wp\/v2\/types\/post"}],"author":[{"embeddable":true,"href":"https:\/\/eventlive-tvproduktion.de\/index.php?rest_route=\/wp\/v2\/users\/5"}],"replies":[{"embeddable":true,"href":"https:\/\/eventlive-tvproduktion.de\/index.php?rest_route=%2Fwp%2Fv2%2Fcomments&post=6858"}],"version-history":[{"count":3,"href":"https:\/\/eventlive-tvproduktion.de\/index.php?rest_route=\/wp\/v2\/posts\/6858\/revisions"}],"predecessor-version":[{"id":6867,"href":"https:\/\/eventlive-tvproduktion.de\/index.php?rest_route=\/wp\/v2\/posts\/6858\/revisions\/6867"}],"wp:featuredmedia":[{"embeddable":true,"href":"https:\/\/eventlive-tvproduktion.de\/index.php?rest_route=\/wp\/v2\/media\/6865"}],"wp:attachment":[{"href":"https:\/\/eventlive-tvproduktion.de\/index.php?rest_route=%2Fwp%2Fv2%2Fmedia&parent=6858"}],"wp:term":[{"taxonomy":"category","embeddable":true,"href":"https:\/\/eventlive-tvproduktion.de\/index.php?rest_route=%2Fwp%2Fv2%2Fcategories&post=6858"},{"taxonomy":"post_tag","embeddable":true,"href":"https:\/\/eventlive-tvproduktion.de\/index.php?rest_route=%2Fwp%2Fv2%2Ftags&post=6858"}],"curies":[{"name":"wp","href":"https:\/\/api.w.org\/{rel}","templated":true}]}}