{"id":6869,"date":"2025-10-27T16:36:14","date_gmt":"2025-10-27T15:36:14","guid":{"rendered":"https:\/\/eventlive-tvproduktion.de\/?p=6869"},"modified":"2025-10-27T16:36:15","modified_gmt":"2025-10-27T15:36:15","slug":"boxsport-in-dortmund-begeistert-grossartige-stimmung-beim-werner-puls-gedaechtnisturnier","status":"publish","type":"post","link":"https:\/\/eventlive-tvproduktion.de\/?p=6869","title":{"rendered":"Boxsport in Dortmund begeistert \u2013 Gro\u00dfartige Stimmung beim Werner-Puls-Ged\u00e4chtnisturnier"},"content":{"rendered":"\n<h3 class=\"wp-block-heading\"><strong>Dortmunder Boxsport zeigt sich in Topform<\/strong><\/h3>\n\n\n\n<p>Am <strong>Samstag, den 25. Oktober<\/strong>, fand in der <strong>Sporthalle der Uhlandschule in Dortmund-K\u00f6rne<\/strong> das traditionsreiche <strong>Werner-Puls-Ged\u00e4chtnisturnier<\/strong> statt.<br>Ausrichter war der Verein <strong>\u00d6SG Viktoria 08 Dortmund<\/strong>, der gemeinsam mit dem engagierten Organisationsteam um <strong>Erich Weber<\/strong> f\u00fcr optimale Bedingungen sorgte. Auch <strong>Wilfried Peters<\/strong>, der neue Fachschaftsvorsitzende der Dortmunder Amateurboxer, hatte die Gesamtorganisation im Vorfeld bestens im Griff.<\/p>\n\n\n<div class=\"wp-block-image\">\n<figure class=\"alignleft size-large is-resized\"><img loading=\"lazy\" decoding=\"async\" width=\"768\" height=\"565\" src=\"https:\/\/eventlive-tvproduktion.de\/wp-content\/uploads\/IMG_1976-768x565.jpg\" alt=\"\" class=\"wp-image-6870\" style=\"width:409px;height:auto\" srcset=\"https:\/\/eventlive-tvproduktion.de\/wp-content\/uploads\/IMG_1976-768x565.jpg 768w, https:\/\/eventlive-tvproduktion.de\/wp-content\/uploads\/IMG_1976-300x221.jpg 300w, https:\/\/eventlive-tvproduktion.de\/wp-content\/uploads\/IMG_1976-150x110.jpg 150w, https:\/\/eventlive-tvproduktion.de\/wp-content\/uploads\/IMG_1976.jpg 800w\" sizes=\"auto, (max-width: 768px) 100vw, 768px\" \/><\/figure>\n<\/div>\n\n\n<p>Vor rund <strong>300 begeisterten Zuschauern<\/strong> wurden <strong>24 spannende K\u00e4mpfe<\/strong> ausgetragen \u2013 und die Atmosph\u00e4re war durchweg mitrei\u00dfend. Die Ringrichter <strong>Victor Ares Vilarino<\/strong> und <strong>Ingo Kemper<\/strong> sowie die Punktrichterinnen <strong>Gartmeier<\/strong>, <strong>Sjewert<\/strong> und <strong>Kr\u00f6ber<\/strong> sorgten f\u00fcr faire Entscheidungen im Ring. Ringarzt <strong>Dr. Jens M\u00f6ller<\/strong> hatte im Vorfeld alle Athletinnen und Athleten untersucht und konnte die Veranstaltung als \u201estiller Beobachter\u201c begleiten \u2013 es kam erfreulicherweise zu keinen Verletzungen.<\/p>\n\n\n\n<p>Insgesamt nahmen <strong>25 Vereine<\/strong> teil. Den gr\u00f6\u00dften Anteil stellte der Gastgeber <strong>\u00d6SG Viktoria 08 Dortmund<\/strong> mit acht Boxern. Es folgten <strong>Unser Fritz (4)<\/strong>, <strong>DBS 20\/50 (3)<\/strong>, <strong>BSV 20 Mengede (3)<\/strong>, <strong>Wittener Boxsport (3)<\/strong>, <strong>Deusen DAM (2)<\/strong>, <strong>BR Hattingen (2)<\/strong>, <strong>Schwerte (2)<\/strong> und <strong>BKV Dortmund (2)<\/strong>. Mehrere weitere Vereine stellten jeweils einen Boxer.<\/p>\n\n\n<div class=\"wp-block-image\">\n<figure class=\"alignleft size-large is-resized\"><img loading=\"lazy\" decoding=\"async\" width=\"768\" height=\"446\" src=\"https:\/\/eventlive-tvproduktion.de\/wp-content\/uploads\/IMG_2122-768x446.jpg\" alt=\"\" class=\"wp-image-6871\" style=\"width:411px;height:auto\" srcset=\"https:\/\/eventlive-tvproduktion.de\/wp-content\/uploads\/IMG_2122-768x446.jpg 768w, https:\/\/eventlive-tvproduktion.de\/wp-content\/uploads\/IMG_2122-300x174.jpg 300w, https:\/\/eventlive-tvproduktion.de\/wp-content\/uploads\/IMG_2122-150x87.jpg 150w, https:\/\/eventlive-tvproduktion.de\/wp-content\/uploads\/IMG_2122.jpg 800w\" sizes=\"auto, (max-width: 768px) 100vw, 768px\" \/><figcaption class=\"wp-element-caption\">Nach der Siegerehrung durch die Deutsche Boxmeisterin Alexandra Petrova<br>\u00a0 \u00a0 \u00a0 \u00a0 \u00a0 stellen sich von links zum Bild: Alexandra Petrova,Sayed Omir Akbari, Anoar<br>\u00a0 \u00a0 \u00a0 \u00a0 \u00a0 \u00a0Thlijan u. RR Victor Ares.<\/figcaption><\/figure>\n<\/div>\n\n\n<p>Mit einer starken Teamleistung wurde <strong>\u00d6SG Viktoria 08 Dortmund<\/strong> der <strong>erfolgreichste Verein des Turniers<\/strong>. Trainer <strong>Erich Weber<\/strong> und Co-Trainer <strong>Felix Falk<\/strong> erhielten daf\u00fcr aus den H\u00e4nden von Ringsprecher <strong>Dirk van der Pluym<\/strong> den Siegerpokal.<br>Ein besonderer Moment war die <strong>Ehrung von Trainer Erich Weber<\/strong>: Der Ehrenpr\u00e4sident der Fachschaft Dortmund, <strong>Dieter Schumann<\/strong>, \u00fcberreichte ihm eine <strong>Schmuckurkunde f\u00fcr 35 Jahre erfolgreiche Arbeit im Dortmunder Boxsport<\/strong> \u2013 eine beeindruckende Auszeichnung f\u00fcr jahrzehntelanges Engagement.<\/p>\n\n\n\n<hr class=\"wp-block-separator has-alpha-channel-opacity\"\/>\n\n\n\n<h3 class=\"wp-block-heading\"><strong>Die K\u00e4mpfe im \u00dcberblick \u2013 Sieger zuerst genannt<\/strong><\/h3>\n\n\n\n<figure class=\"wp-block-image size-large\"><img loading=\"lazy\" decoding=\"async\" width=\"768\" height=\"460\" src=\"https:\/\/eventlive-tvproduktion.de\/wp-content\/uploads\/IMG_2270-768x460.jpg\" alt=\"\" class=\"wp-image-6874\" srcset=\"https:\/\/eventlive-tvproduktion.de\/wp-content\/uploads\/IMG_2270-768x460.jpg 768w, https:\/\/eventlive-tvproduktion.de\/wp-content\/uploads\/IMG_2270-300x180.jpg 300w, https:\/\/eventlive-tvproduktion.de\/wp-content\/uploads\/IMG_2270-150x90.jpg 150w, https:\/\/eventlive-tvproduktion.de\/wp-content\/uploads\/IMG_2270.jpg 800w\" sizes=\"auto, (max-width: 768px) 100vw, 768px\" \/><\/figure>\n\n\n\n<p><strong>Kadetten<\/strong><\/p>\n\n\n\n<ul class=\"wp-block-list\">\n<li>40,9 kg: <strong>Hetun (BT Cologne)<\/strong> PS \u00fcber Karathossop (\u00d6SG Viktoria)<\/li>\n\n\n\n<li>59,6 kg: <strong>Dilijay (BR Hattingen)<\/strong> PS \u00fcber Yildirim (BSC Wattenscheid)<\/li>\n<\/ul>\n\n\n\n<p><strong>Frauen<\/strong><\/p>\n\n\n\n<ul class=\"wp-block-list\">\n<li>71,5 kg: <strong>Kottig (TV Gronau)<\/strong> PS \u00fcber Keles (TV Vreden)<\/li>\n<\/ul>\n\n\n\n<p><strong>Junioren<\/strong><\/p>\n\n\n\n<ul class=\"wp-block-list\">\n<li>52,6 kg: <strong>Brayan (DBS 20\/50)<\/strong> PS \u00fcber Ktimesch (ASV Bocholt)<\/li>\n\n\n\n<li>51,7 kg: <strong>Most (\u00d6SG Viktoria)<\/strong> PS \u00fcber Yilmaz (SW Unser Fritz)<\/li>\n\n\n\n<li>55,9 kg: <strong>Fischer (Deusen DAM)<\/strong> PS \u00fcber Ametij (ASV Bocholt)<\/li>\n\n\n\n<li>59,6 kg: <strong>Kuczera (Hamborn)<\/strong> 3. Rd. RSC \u00fcber G\u00f6kkaya (BSV Mengede)<\/li>\n\n\n\n<li>64,9 kg: <strong>Alramadan (BSV Mengede)<\/strong> PS \u00fcber Almousstafa (BKV Dortmund)<\/li>\n\n\n\n<li>70,5 kg: <strong>Innocent (BKV Dortmund)<\/strong> 1. Rd. RSC \u00fcber Reikewitsch (BT Herne)<\/li>\n\n\n\n<li>92,0 kg: <strong>Bruch (BR Hattingen)<\/strong> PS \u00fcber Gerkowski (PSV Bochum)<\/li>\n<\/ul>\n\n\n\n<p><strong>Jugend<\/strong><\/p>\n\n\n\n<ul class=\"wp-block-list\">\n<li>77,1 kg: <strong>Cinar (Schwerter BS)<\/strong> PS \u00fcber Sch\u00f6nfeld (BSV Unna)<\/li>\n\n\n\n<li>59,8 kg: <strong>Salahschor (SW Unser Fritz)<\/strong> PS \u00fcber Thlijan (Wittener Boxsport)<\/li>\n\n\n\n<li>58,2 kg: <strong>Kastrati (Kamp-Lintfort)<\/strong> PS \u00fcber Mohammad (Schwerter BS)<\/li>\n\n\n\n<li>63,0 kg: <strong>Akdere Akin (\u00d6SG Viktoria)<\/strong> PS \u00fcber Erden (BT Herne)<\/li>\n\n\n\n<li>64,0 kg: <strong>Akbari (Deusen DAM)<\/strong> PS \u00fcber Thlijan (Wittener Boxsport)<\/li>\n\n\n\n<li>74,3 kg: <strong>Sarach (\u00d6SG Viktoria)<\/strong> PS \u00fcber Geiger (BSV Mengede)<\/li>\n\n\n\n<li>80,0 kg: <strong>Aluebosele (Hamborn)<\/strong> PS \u00fcber Kurkowski (\u00d6SG Viktoria)<\/li>\n\n\n\n<li>96,8 kg: <strong>Fornbah (\u00d6SG Viktoria)<\/strong> PS \u00fcber Kuhl (Hammer FC)<\/li>\n<\/ul>\n\n\n\n<p><strong>M\u00e4nner<\/strong><\/p>\n\n\n\n<ul class=\"wp-block-list\">\n<li>64,7 kg: <strong>Itgensoy (\u00d6SG Viktoria)<\/strong> PS \u00fcber Hekmatullah (DBS 20\/50)<\/li>\n\n\n\n<li>69,9 kg: <strong>Haziri (\u00d6SG Viktoria)<\/strong> PS \u00fcber Runte (ABV Plettenberg)<\/li>\n\n\n\n<li>74,1 kg: <strong>Altahemi (Wittener BS)<\/strong> PS \u00fcber Salewski (SW Unser Fritz)<\/li>\n\n\n\n<li>75,1 kg: <strong>Hioui (Unser Fritz)<\/strong> PS \u00fcber Nottebaum (Kamp-Lintfort)<\/li>\n\n\n\n<li>78,5 kg: <strong>St\u00f6ckler (DBS 20\/50)<\/strong> PS \u00fcber Thei\u00df (Wittener BS)<\/li>\n\n\n\n<li>78,4 kg: <strong>Kleib\u00f6hmer (PSV Unna)<\/strong> PS \u00fcber Lau (\u00d6SG Viktoria)<\/li>\n<\/ul>\n\n\n\n<hr class=\"wp-block-separator has-alpha-channel-opacity\"\/>\n\n\n\n<h3 class=\"wp-block-heading\"><strong>Begeisternde Atmosph\u00e4re und sportliche Fairness<\/strong><\/h3>\n\n\n<div class=\"wp-block-image\">\n<figure class=\"alignleft size-full\"><img loading=\"lazy\" decoding=\"async\" width=\"434\" height=\"600\" src=\"https:\/\/eventlive-tvproduktion.de\/wp-content\/uploads\/IMG_2102.jpg\" alt=\"\" class=\"wp-image-6873\" srcset=\"https:\/\/eventlive-tvproduktion.de\/wp-content\/uploads\/IMG_2102.jpg 434w, https:\/\/eventlive-tvproduktion.de\/wp-content\/uploads\/IMG_2102-217x300.jpg 217w, https:\/\/eventlive-tvproduktion.de\/wp-content\/uploads\/IMG_2102-109x150.jpg 109w\" sizes=\"auto, (max-width: 434px) 100vw, 434px\" \/><figcaption class=\"wp-element-caption\">Dieter Schumann (links) \u00fcberreichte Erich Weber die Schmuckurkunde.<\/figcaption><\/figure>\n<\/div>\n\n\n<p>Die Zuschauer erlebten durchweg <strong>spannende und faire K\u00e4mpfe<\/strong>. Viele Begegnungen waren \u00e4u\u00dferst ausgeglichen, was die hervorragende Vorbereitung der Athletinnen und Athleten unterstreicht. Besonders die <strong>Dortmunder Boxerinnen und Boxer<\/strong> wurden von den Fans lautstark unterst\u00fctzt und sorgten f\u00fcr G\u00e4nsehautmomente in der Halle.<\/p>\n\n\n\n<p>Der <strong>\u00d6SG Viktoria 08 Dortmund<\/strong> zeigte sich als souver\u00e4ner Gastgeber und ist bestens ger\u00fcstet f\u00fcr zuk\u00fcnftige Turniere.<br>Auch die <strong>Dortmunder Boxvereine<\/strong> wollen sich weiterhin <strong>gegenseitig unterst\u00fctzen<\/strong>, um die positive Entwicklung des Boxsports in der Region gemeinsam voranzutreiben.<\/p>\n\n\n\n<hr class=\"wp-block-separator has-alpha-channel-opacity\"\/>\n\n\n\n<p><\/p>\n\n\n\n<p><\/p>\n\n\n\n<p>&#x1f4f8; <strong>Fotos:<\/strong> \u00d6SG Viktoria 08 Dortmund \/ Schumann<br>&#x1f4f0; <strong>Text:<\/strong> DO-Pressewart<\/p>\n\n\n\n<p><\/p>\n","protected":false},"excerpt":{"rendered":"<p>Dortmunder Boxsport zeigt sich in Topform Am Samstag, den 25. Oktober, fand in der Sporthalle der Uhlandschule in Dortmund-K\u00f6rne das traditionsreiche Werner-Puls-Ged\u00e4chtnisturnier statt.Ausrichter war der Verein \u00d6SG Viktoria 08 Dortmund, der gemeinsam mit dem engagierten Organisationsteam um Erich Weber f\u00fcr optimale Bedingungen sorgte. Auch Wilfried Peters, der neue Fachschaftsvorsitzende der Dortmunder Amateurboxer, hatte die Gesamtorganisation [&hellip;]<\/p>\n","protected":false},"author":5,"featured_media":6875,"comment_status":"closed","ping_status":"open","sticky":false,"template":"","format":"standard","meta":{"footnotes":""},"categories":[31,5,3],"tags":[18,20,13,19,22,37],"class_list":["post-6869","post","type-post","status-publish","format-standard","has-post-thumbnail","hentry","category-aktuelles","category-dortmunder-boxsport","category-dortmunder-sport","tag-boxsport","tag-dbs-20-50","tag-dortmund","tag-dortmunder-boxsport","tag-sport","tag-tv-produktion"],"_links":{"self":[{"href":"https:\/\/eventlive-tvproduktion.de\/index.php?rest_route=\/wp\/v2\/posts\/6869","targetHints":{"allow":["GET"]}}],"collection":[{"href":"https:\/\/eventlive-tvproduktion.de\/index.php?rest_route=\/wp\/v2\/posts"}],"about":[{"href":"https:\/\/eventlive-tvproduktion.de\/index.php?rest_route=\/wp\/v2\/types\/post"}],"author":[{"embeddable":true,"href":"https:\/\/eventlive-tvproduktion.de\/index.php?rest_route=\/wp\/v2\/users\/5"}],"replies":[{"embeddable":true,"href":"https:\/\/eventlive-tvproduktion.de\/index.php?rest_route=%2Fwp%2Fv2%2Fcomments&post=6869"}],"version-history":[{"count":1,"href":"https:\/\/eventlive-tvproduktion.de\/index.php?rest_route=\/wp\/v2\/posts\/6869\/revisions"}],"predecessor-version":[{"id":6876,"href":"https:\/\/eventlive-tvproduktion.de\/index.php?rest_route=\/wp\/v2\/posts\/6869\/revisions\/6876"}],"wp:featuredmedia":[{"embeddable":true,"href":"https:\/\/eventlive-tvproduktion.de\/index.php?rest_route=\/wp\/v2\/media\/6875"}],"wp:attachment":[{"href":"https:\/\/eventlive-tvproduktion.de\/index.php?rest_route=%2Fwp%2Fv2%2Fmedia&parent=6869"}],"wp:term":[{"taxonomy":"category","embeddable":true,"href":"https:\/\/eventlive-tvproduktion.de\/index.php?rest_route=%2Fwp%2Fv2%2Fcategories&post=6869"},{"taxonomy":"post_tag","embeddable":true,"href":"https:\/\/eventlive-tvproduktion.de\/index.php?rest_route=%2Fwp%2Fv2%2Ftags&post=6869"}],"curies":[{"name":"wp","href":"https:\/\/api.w.org\/{rel}","templated":true}]}}