{"id":7021,"date":"2025-12-11T08:44:59","date_gmt":"2025-12-11T07:44:59","guid":{"rendered":"https:\/\/eventlive-tvproduktion.de\/?p=7021"},"modified":"2025-12-11T08:44:59","modified_gmt":"2025-12-11T07:44:59","slug":"goldener-handschuh-fuer-friedrich-dieck-ehrungstag-beim-dortmunder-boxsport-20-5","status":"publish","type":"post","link":"https:\/\/eventlive-tvproduktion.de\/?p=7021","title":{"rendered":"Goldener Handschuh f\u00fcr Friedrich Dieck \u2013 Ehrungstag beim Dortmunder Boxsport 20\/5"},"content":{"rendered":"\n<p>Kurz vor Weihnachten gab es beim Dortmunder Boxsport 20\/50 erneut ein besonderes Highlight: die feierliche Verleihung des \u201eGoldenen Handschuhs\u201c. Im Rahmen eines festlichen Ehrungstages wurde Hallenchef <strong>Friedrich Dieck<\/strong> f\u00fcr sein langj\u00e4hriges Engagement und seine au\u00dfergew\u00f6hnliche Unterst\u00fctzung des Dortmunder Boxsports ausgezeichnet.<\/p>\n\n\n\n<figure class=\"wp-block-image size-large\"><img loading=\"lazy\" decoding=\"async\" width=\"768\" height=\"420\" src=\"https:\/\/eventlive-tvproduktion.de\/wp-content\/uploads\/X2A4122-768x420.jpg\" alt=\"\" class=\"wp-image-7022\" srcset=\"https:\/\/eventlive-tvproduktion.de\/wp-content\/uploads\/X2A4122-768x420.jpg 768w, https:\/\/eventlive-tvproduktion.de\/wp-content\/uploads\/X2A4122-300x164.jpg 300w, https:\/\/eventlive-tvproduktion.de\/wp-content\/uploads\/X2A4122-150x82.jpg 150w, https:\/\/eventlive-tvproduktion.de\/wp-content\/uploads\/X2A4122.jpg 800w\" sizes=\"auto, (max-width: 768px) 100vw, 768px\" \/><figcaption class=\"wp-element-caption\">In der Mitte, Friedriich Dieck, mit dem Goldhandschuh.<br>Bild 3:\u00a0 Es stellen sich zum Bild v.lks.: DBS-Vize Rolf Thielmann, Friedrich Dieck mit dem Goldhandschuh und DBS.Vors. Dieter Schumann.<\/figcaption><\/figure>\n\n\n\n<p>Der 1. Vorsitzende des DBS 20\/50, <strong>Dieter Schumann<\/strong>, \u00fcberreichte dem Gesch\u00e4ftsf\u00fchrer der Helmut-K\u00f6rnig-Halle den Goldenen DBS-Ehrenhandschuh. In seiner Laudatio w\u00fcrdigte Schumann die jahrzehntelange Verl\u00e4sslichkeit und das gro\u00dfe sportliche Engagement Diecks. Besonders hervorgehoben wurde seine ma\u00dfgebliche Mithilfe beim Bau des neuen Box-Leistungszentrums an der Ostseite der Leichtathletikhalle sowie sein kontinuierlicher Einsatz f\u00fcr optimale Trainingsbedingungen der Amateurboxer.<\/p>\n\n\n\n<p>Schumann betonte, dass Mut, Entschlossenheit und Kampfeswille \u2013 Tugenden eines erfolgreichen Boxers \u2013 auch Diecks Wirken pr\u00e4gen. Die F\u00fchrung einer Sportst\u00e4tte wie der Helmut-K\u00f6rnig-Halle sei alles andere als leicht, doch Dieck habe diese Aufgabe \u00fcber viele Jahre mit Souver\u00e4nit\u00e4t und gro\u00dfem Verantwortungsbewusstsein gemeistert. Die Betreuung der Boxer sei stets optimal gewesen, der Umgang jederzeit fair, respektvoll und kameradschaftlich.<\/p>\n\n\n\n<p>In die Reihe der bisherigen Preistr\u00e4ger reiht sich Dieck w\u00fcrdig ein. Zu den zuletzt Geehrten geh\u00f6ren unter anderem DBV-Sportdirektor <strong>Michael M\u00fcller<\/strong>, Westfalenhallen-Gesch\u00e4ftsf\u00fchrer <strong>Jochen Meschke<\/strong>, Architekt <strong>Rolf Rau<\/strong>, Zoodirektor <strong>Dr. Frank Brandst\u00e4tter<\/strong> sowie Moderator <strong>Uwe Kisker<\/strong>.<\/p>\n\n\n<div class=\"wp-block-image\">\n<figure class=\"alignleft size-large is-resized\"><img loading=\"lazy\" decoding=\"async\" width=\"768\" height=\"512\" src=\"https:\/\/eventlive-tvproduktion.de\/wp-content\/uploads\/Unknown-1-768x512.jpeg\" alt=\"\" class=\"wp-image-7024\" style=\"width:402px;height:auto\" srcset=\"https:\/\/eventlive-tvproduktion.de\/wp-content\/uploads\/Unknown-1-768x512.jpeg 768w, https:\/\/eventlive-tvproduktion.de\/wp-content\/uploads\/Unknown-1-300x200.jpeg 300w, https:\/\/eventlive-tvproduktion.de\/wp-content\/uploads\/Unknown-1-150x100.jpeg 150w, https:\/\/eventlive-tvproduktion.de\/wp-content\/uploads\/Unknown-1.jpeg 800w\" sizes=\"auto, (max-width: 768px) 100vw, 768px\" \/><figcaption class=\"wp-element-caption\">Sportlerehrung Turnhalle der Tremonia-Schule DBS-Vize Rolf Thielmann, Friedrich Dieck mit dem Goldhandschuh und DBS.Vors. Dieter Schumann.<\/figcaption><\/figure>\n<\/div>\n\n\n<p>Neben dem Goldenen Handschuh wurden weitere verdiente Unterst\u00fctzer ausgezeichnet. Besondere F\u00f6rderurkunden erhielten: <strong>Prof. Hans Hantke<\/strong>, DBS-Vize <strong>Rolf Thielmann<\/strong>, die Manager <strong>G\u00fcnter Hundsb\u00fcscher<\/strong> und <strong>Markus Haselhoff<\/strong> sowie Boxtrainer <strong>Francesco Solimeo<\/strong>.<\/p>\n\n\n\n<p>F\u00fcr ihre langj\u00e4hrige Treue zum Traditionsverein wurden mit der Silbernen Ehrennadel geehrt: <strong>Claudia Franck<\/strong>, <strong>Christian Homann<\/strong>, <strong>Johannes Ghasemi Amirbandeh<\/strong>, <strong>Christoph Schwarz<\/strong>, <strong>Ali Tastan<\/strong> und <strong>Thorsten Br\u00fcck<\/strong>.<\/p>\n\n\n\n<p>Eine besondere Boxerstatue erhielt <strong>Catharina Heinrichs<\/strong> f\u00fcr ihre hervorragende Trainingsarbeit in der Saison 2024\/2025. <strong>St\u00fctzpunktleiter Klaus Hellmich<\/strong> durfte sich zudem \u00fcber ein Paar besonders signierte Boxhandschuhe f\u00fcr seine erfolgreiche Arbeit im Leistungsst\u00fctzpunkt freuen.<\/p>\n\n\n\n<p>Mit einem dreifachen \u201eRing frei\u201c und herzlichen Weihnachtsw\u00fcnschen endete die feierliche Veranstaltung \u2013 ein w\u00fcrdiger Jahresabschluss f\u00fcr den Dortmunder Boxsport 20\/50.<\/p>\n","protected":false},"excerpt":{"rendered":"<p>Kurz vor Weihnachten gab es beim Dortmunder Boxsport 20\/50 erneut ein besonderes Highlight: die feierliche Verleihung des \u201eGoldenen Handschuhs\u201c. Im Rahmen eines festlichen Ehrungstages wurde Hallenchef Friedrich Dieck f\u00fcr sein langj\u00e4hriges Engagement und seine au\u00dfergew\u00f6hnliche Unterst\u00fctzung des Dortmunder Boxsports ausgezeichnet. Der 1. Vorsitzende des DBS 20\/50, Dieter Schumann, \u00fcberreichte dem Gesch\u00e4ftsf\u00fchrer der Helmut-K\u00f6rnig-Halle den Goldenen [&hellip;]<\/p>\n","protected":false},"author":5,"featured_media":7023,"comment_status":"closed","ping_status":"open","sticky":false,"template":"","format":"standard","meta":{"footnotes":""},"categories":[5,3],"tags":[18,20,13,19,22],"class_list":["post-7021","post","type-post","status-publish","format-standard","has-post-thumbnail","hentry","category-dortmunder-boxsport","category-dortmunder-sport","tag-boxsport","tag-dbs-20-50","tag-dortmund","tag-dortmunder-boxsport","tag-sport"],"_links":{"self":[{"href":"https:\/\/eventlive-tvproduktion.de\/index.php?rest_route=\/wp\/v2\/posts\/7021","targetHints":{"allow":["GET"]}}],"collection":[{"href":"https:\/\/eventlive-tvproduktion.de\/index.php?rest_route=\/wp\/v2\/posts"}],"about":[{"href":"https:\/\/eventlive-tvproduktion.de\/index.php?rest_route=\/wp\/v2\/types\/post"}],"author":[{"embeddable":true,"href":"https:\/\/eventlive-tvproduktion.de\/index.php?rest_route=\/wp\/v2\/users\/5"}],"replies":[{"embeddable":true,"href":"https:\/\/eventlive-tvproduktion.de\/index.php?rest_route=%2Fwp%2Fv2%2Fcomments&post=7021"}],"version-history":[{"count":1,"href":"https:\/\/eventlive-tvproduktion.de\/index.php?rest_route=\/wp\/v2\/posts\/7021\/revisions"}],"predecessor-version":[{"id":7025,"href":"https:\/\/eventlive-tvproduktion.de\/index.php?rest_route=\/wp\/v2\/posts\/7021\/revisions\/7025"}],"wp:featuredmedia":[{"embeddable":true,"href":"https:\/\/eventlive-tvproduktion.de\/index.php?rest_route=\/wp\/v2\/media\/7023"}],"wp:attachment":[{"href":"https:\/\/eventlive-tvproduktion.de\/index.php?rest_route=%2Fwp%2Fv2%2Fmedia&parent=7021"}],"wp:term":[{"taxonomy":"category","embeddable":true,"href":"https:\/\/eventlive-tvproduktion.de\/index.php?rest_route=%2Fwp%2Fv2%2Fcategories&post=7021"},{"taxonomy":"post_tag","embeddable":true,"href":"https:\/\/eventlive-tvproduktion.de\/index.php?rest_route=%2Fwp%2Fv2%2Ftags&post=7021"}],"curies":[{"name":"wp","href":"https:\/\/api.w.org\/{rel}","templated":true}]}}