{"id":7589,"date":"2026-01-22T17:49:52","date_gmt":"2026-01-22T16:49:52","guid":{"rendered":"https:\/\/eventlive-tvproduktion.de\/?p=7589"},"modified":"2026-01-22T17:51:27","modified_gmt":"2026-01-22T16:51:27","slug":"sportliche-hoehepunkte-veranstaltungen-2026","status":"publish","type":"post","link":"https:\/\/eventlive-tvproduktion.de\/?p=7589","title":{"rendered":"Sportliche H\u00f6hepunkte &amp; Veranstaltungen 2026"},"content":{"rendered":"\n<h2 class=\"wp-block-heading\" id=\"Dortmunder_Boxsport_20\/50_eV_\u2013_Aktivit\u00e4ten_amp;_Highlights_2026\">Dortmunder Boxsport 20\/50 e.V. \u2013 Aktivit\u00e4ten &amp; Highlights 2026<\/h2>\n\n\n\n<h3 class=\"wp-block-heading\" id=\"106_Jahre_Tradition,_Sport_und_gesellschaftliches_Engagement\">106 Jahre Tradition, Sport und gesellschaftliches Engagement<\/h3>\n\n\n\n<p>Der <strong>Dortmunder Boxsport 20\/50 e.V.<\/strong> blickt im Jahr 2026 auf <strong>106 Jahre Vereinsgeschichte<\/strong> zur\u00fcck. Als einer der traditionsreichsten Boxvereine Deutschlands verbindet der DBS 20\/50 leistungsorientierten Wettkampfsport mit breit gef\u00e4cherter Nachwuchs-, Integrations- und Gesundheitsarbeit. Auch 2026 pr\u00e4sentiert der Verein zahlreiche <strong>sportliche H\u00f6hepunkte<\/strong>, gesellschaftliche Veranstaltungen und <strong>offene Angebote f\u00fcr neue Sportfreundinnen und Sportfreunde<\/strong>.<\/p>\n\n\n\n<h3 class=\"wp-block-heading\" id=\"Sportliche_H\u00f6hepunkte_amp;_Veranstaltungen_2026\">Sportliche H\u00f6hepunkte &amp; Veranstaltungen 2026<\/h3>\n\n\n\n<ul class=\"wp-block-list\">\n<li><strong>Januar<\/strong>\n<ul class=\"wp-block-list\">\n<li>08.01.: Erstes Training nach den Weihnachtsferien (aktive Boxer)<\/li>\n\n\n\n<li>08.01.: Erstes Training der DBS-Fitnessboxer*innen (ab 30 Jahre \u2013 \u201eBoxen gegen Einsamkeit\u201c)<\/li>\n\n\n\n<li>21.01.: Vorstandssitzung im DBS-Vereinslokal \u201eMenne Heinig Haus\u201c<\/li>\n<\/ul>\n<\/li>\n\n\n\n<li><strong>Februar<\/strong>\n<ul class=\"wp-block-list\">\n<li>06.\u201308.02.: Kreismeisterschaften der Boxer in Hamm<\/li>\n\n\n\n<li>21.\/22.02.: Westfalenmeisterschaften in Warendorf<\/li>\n\n\n\n<li>25.02.: 166. Prominenten-Stammtisch (Gast: Oliver Sauer, Gesch\u00e4ftsf\u00fchrer Rennverein)<\/li>\n<\/ul>\n<\/li>\n\n\n\n<li><strong>M\u00e4rz<\/strong>\n<ul class=\"wp-block-list\">\n<li>07.\/08.03.: NRW-Meisterschaft U17<\/li>\n\n\n\n<li>08.03.: 44. Preis des Dortmunder Boxsport 20\/50 auf der Galopprennbahn DO-Wambel<\/li>\n\n\n\n<li>26.03.: 17. P\u00e4dagogen- und K\u00fcnstler-Boxlehrgang (Turnhalle Lange Str.)<\/li>\n<\/ul>\n<\/li>\n\n\n\n<li><strong>Mai<\/strong>\n<ul class=\"wp-block-list\">\n<li>01.\u201303.05.: Internationaler Vergleichskampf Dortmund \u2013 Gleiwitz (Polen)<\/li>\n\n\n\n<li>10.05.: \u00d6ffentliches Boxtraining bei \u201eDortbunt\u201c auf dem Hansaplatz<\/li>\n\n\n\n<li>20.05.: 167. Prominenten-Stammtisch im Vereinslokal<\/li>\n\n\n\n<li>29.05.: 20. Patenschafts-\u00dcbernahme \u2013 Besuch des K\u00e4ngurus \u201eRocky\u201c im Zoo Dortmund<\/li>\n<\/ul>\n<\/li>\n\n\n\n<li><strong>Juni \/ Juli<\/strong>\n<ul class=\"wp-block-list\">\n<li>27.06.: Westparkboxen gegen Rassismus mit Frauenboxk\u00e4mpfen<\/li>\n\n\n\n<li>11.\/12.07.: Jubil\u00e4umsveranstaltung im Stadion Rothe Erde<br><em>Heinz-Neuhaus-Ged\u00e4chtnis-Freiluftboxen<\/em><\/li>\n\n\n\n<li>16.07.: Gemeinsames Eisessen bei Angelo Losego<\/li>\n\n\n\n<li>20.07.\u201301.09.: Sommerferien \u2013 kein Hallentraining<\/li>\n\n\n\n<li>22.07.: Boxtraining bei der Kinderferien-Party in der Helmut-K\u00f6rnig-Halle<\/li>\n<\/ul>\n<\/li>\n\n\n\n<li><strong>August \/ September<\/strong>\n<ul class=\"wp-block-list\">\n<li>05.08.: 168. Prominenten-Stammtisch<\/li>\n\n\n\n<li>06.09.: Tag der Dorstfelder Vereine (Vereinspr\u00e4sentation)<\/li>\n\n\n\n<li>03.\u201328.09.: Kostenloser Boxlehrgang f\u00fcr M\u00e4dchen und Frauen<\/li>\n\n\n\n<li>26.09.: Finale NRW-Qualifikation U18 &amp; U23<\/li>\n<\/ul>\n<\/li>\n\n\n\n<li><strong>Oktober \/ November<\/strong>\n<ul class=\"wp-block-list\">\n<li>15.10.: 31. Manager-Boxlehrgang<\/li>\n\n\n\n<li>04.11.: 169. Prominenten-Stammtisch<\/li>\n\n\n\n<li>29.11.: Dortmunder Stadtmeisterschaften im Boxen<\/li>\n<\/ul>\n<\/li>\n\n\n\n<li><strong>Dezember<\/strong>\n<ul class=\"wp-block-list\">\n<li>07.12.: Nikolausbesuch in der Turnhalle Lange Stra\u00dfe<\/li>\n\n\n\n<li>08.12.: Sportlerehrung \u2013 Verleihung des Goldhandschuhs &amp; Fair-Play-Preises<\/li>\n\n\n\n<li>17.12.: Letzter Trainingstag 2026<\/li>\n<\/ul>\n<\/li>\n<\/ul>\n\n\n\n<p><em>Weitere Termine: Teilnahme an Boxveranstaltungen und Turnieren, Events der Fitnesssportler sowie besondere Jugendma\u00dfnahmen (noch nicht terminiert).<\/em><\/p>\n\n\n\n<hr class=\"wp-block-separator has-alpha-channel-opacity\"\/>\n\n\n\n<figure class=\"wp-block-image size-full\"><img loading=\"lazy\" decoding=\"async\" width=\"621\" height=\"600\" src=\"https:\/\/eventlive-tvproduktion.de\/wp-content\/uploads\/IMG_3058.jpg\" alt=\"\" class=\"wp-image-7590\" srcset=\"https:\/\/eventlive-tvproduktion.de\/wp-content\/uploads\/IMG_3058.jpg 621w, https:\/\/eventlive-tvproduktion.de\/wp-content\/uploads\/IMG_3058-300x290.jpg 300w, https:\/\/eventlive-tvproduktion.de\/wp-content\/uploads\/IMG_3058-150x145.jpg 150w\" sizes=\"auto, (max-width: 621px) 100vw, 621px\" \/><figcaption class=\"wp-element-caption\">Bild: Boxtrainer Dieter Weinand hat seine Boxhandschuhe an den ber\u00fchmten Nagel gehangen.<br>Das Boxtraing \u00fcbernehmen jetzt v. lks.: Altmeister Francesco Solimeo, Christian Homann, Thorsten Br\u00fcck und der neueTrainer\u00a0 Sin Choi. Bild: Dieter Sch\u00fctze<\/figcaption><\/figure>\n\n\n\n<h2 class=\"wp-block-heading\" id=\"Dortmunder_Boxsport_20\/50_eV_\u2013_Aktivit\u00e4ten_amp;_Highlights_2026\"><\/h2>\n\n\n\n<hr class=\"wp-block-separator has-alpha-channel-opacity\"\/>\n\n\n\n<h3 class=\"wp-block-heading\" id=\"Gesellschaftliches_amp;_sportliches_Engagement\">Gesellschaftliches &amp; sportliches Engagement<\/h3>\n\n\n\n<p>Der DBS 20\/50 steht seit Jahrzehnten f\u00fcr <strong>Sport mit Verantwortung<\/strong>:<\/p>\n\n\n\n<ul class=\"wp-block-list\">\n<li>Kostenloses Training f\u00fcr arbeitslose Jugendliche<\/li>\n\n\n\n<li>Sport mit Fl\u00fcchtlingen (Verein mit Sportler*innen aus \u00fcber 20 Nationen)<\/li>\n\n\n\n<li>Anerkannter <strong>DOSB-St\u00fctzpunktverein<\/strong><\/li>\n\n\n\n<li>Frauenboxen, Managerboxen &amp; Fitnessboxen (ab 30 Jahre)<\/li>\n\n\n\n<li>Pilates-Boxen &amp; gesundheitsorientiertes Training<\/li>\n\n\n\n<li>Anti-Aggressions-Lehrg\u00e4nge an Dortmunder Schulen<\/li>\n\n\n\n<li>Aktive Integrationsarbeit mit ausl\u00e4ndischen Sportlern<\/li>\n\n\n\n<li>Seit 2001: <strong>Anerkannter jugendfreundlicher Sportverein<\/strong><\/li>\n\n\n\n<li>Patenschaften f\u00fcr Boxer &amp; Verleihung von F\u00f6rderurkunden<\/li>\n\n\n\n<li>Verleihung des Fair-Play-Preises<\/li>\n\n\n\n<li>Verleihung des <strong>\u201eGoldenen DBS-Ehrenhandschuhs\u201c<\/strong><br>(bereits 56 Auszeichnungen an verdienstvolle Dortmunder B\u00fcrger)<\/li>\n<\/ul>\n\n\n\n<hr class=\"wp-block-separator has-alpha-channel-opacity is-style-wide\"\/>\n\n\n\n<h3 class=\"wp-block-heading\">Trainingsangebote &amp; Trainingsst\u00e4tten<\/h3>\n\n\n\n<p><strong>Trainingshalle Westpark \u2013 Turnhalle Tremonia-Schule<\/strong><br>Lange Str. 84, 44137 Dortmund<\/p>\n\n\n\n<ul class=\"wp-block-list\">\n<li>Montag: 18:00\u201320:00 Uhr \u2013 Allgemeines Boxtraining (bis 30 Jahre)<\/li>\n\n\n\n<li>Dienstag: 20:00\u201322:00 Uhr \u2013 Fitnessboxen (\u00fcber 30 Jahre)<\/li>\n\n\n\n<li>Donnerstag:\n<ul class=\"wp-block-list\">\n<li>18:00\u201320:00 Uhr \u2013 Allgemeines Boxtraining<\/li>\n\n\n\n<li>20:00\u201322:00 Uhr \u2013 Fitnessboxen (Frauen &amp; M\u00e4nner \u00fcber 30 Jahre)<\/li>\n<\/ul>\n<\/li>\n<\/ul>\n\n\n\n<p><strong>Boxleistungszentrum Helmut-K\u00f6rnig-Halle<\/strong><br>Strobelallee 40, 44139 Dortmund<\/p>\n\n\n\n<ul class=\"wp-block-list\">\n<li>Dienstag: 18:00\u201320:00 Uhr \u2013 Aktive Boxer<\/li>\n\n\n\n<li>Donnerstag: 19:00\u201321:00 Uhr \u2013 Eliteboxer (Dortmund &amp; Westfalen)<\/li>\n<\/ul>\n\n\n\n<hr class=\"wp-block-separator has-alpha-channel-opacity is-style-wide\"\/>\n\n\n\n<h3 class=\"wp-block-heading\">Kontakt &amp; Information<\/h3>\n\n\n\n<ul class=\"wp-block-list\">\n<li><strong>E-Mail:<\/strong> <a>ringfrei_schumann@yahoo<\/a>.de<\/li>\n<\/ul>\n\n\n\n<p><strong>Internet:<\/strong> <a href=\"http:\/\/www.dortmunder-boxsport.de\">www.dortmunder-boxsport.de<\/a><\/p>\n\n\n\n<p>Der <strong>Dortmunder Boxsport 20\/50 e.V.<\/strong> l\u00e4dt auch 2026 alle Sportinteressierten herzlich ein, Teil dieser lebendigen Tradition zu werden \u2013 ob im Wettkampf, im Fitnessbereich oder im sozialen Engagement. <strong>Ring frei f\u00fcr Sport, Fairness und Gemeinschaft! &#x1f94a;<\/strong><\/p>\n","protected":false},"excerpt":{"rendered":"<p>Dortmunder Boxsport 20\/50 e.V. \u2013 Aktivit\u00e4ten &amp; Highlights 2026 106 Jahre Tradition, Sport und gesellschaftliches Engagement Der Dortmunder Boxsport 20\/50 e.V. blickt im Jahr 2026 auf 106 Jahre Vereinsgeschichte zur\u00fcck. Als einer der traditionsreichsten Boxvereine Deutschlands verbindet der DBS 20\/50 leistungsorientierten Wettkampfsport mit breit gef\u00e4cherter Nachwuchs-, Integrations- und Gesundheitsarbeit. Auch 2026 pr\u00e4sentiert der Verein zahlreiche [&hellip;]<\/p>\n","protected":false},"author":5,"featured_media":7590,"comment_status":"closed","ping_status":"open","sticky":false,"template":"","format":"standard","meta":{"footnotes":""},"categories":[5,3],"tags":[18,20,13,19,22],"class_list":["post-7589","post","type-post","status-publish","format-standard","has-post-thumbnail","hentry","category-dortmunder-boxsport","category-dortmunder-sport","tag-boxsport","tag-dbs-20-50","tag-dortmund","tag-dortmunder-boxsport","tag-sport"],"_links":{"self":[{"href":"https:\/\/eventlive-tvproduktion.de\/index.php?rest_route=\/wp\/v2\/posts\/7589","targetHints":{"allow":["GET"]}}],"collection":[{"href":"https:\/\/eventlive-tvproduktion.de\/index.php?rest_route=\/wp\/v2\/posts"}],"about":[{"href":"https:\/\/eventlive-tvproduktion.de\/index.php?rest_route=\/wp\/v2\/types\/post"}],"author":[{"embeddable":true,"href":"https:\/\/eventlive-tvproduktion.de\/index.php?rest_route=\/wp\/v2\/users\/5"}],"replies":[{"embeddable":true,"href":"https:\/\/eventlive-tvproduktion.de\/index.php?rest_route=%2Fwp%2Fv2%2Fcomments&post=7589"}],"version-history":[{"count":1,"href":"https:\/\/eventlive-tvproduktion.de\/index.php?rest_route=\/wp\/v2\/posts\/7589\/revisions"}],"predecessor-version":[{"id":7591,"href":"https:\/\/eventlive-tvproduktion.de\/index.php?rest_route=\/wp\/v2\/posts\/7589\/revisions\/7591"}],"wp:featuredmedia":[{"embeddable":true,"href":"https:\/\/eventlive-tvproduktion.de\/index.php?rest_route=\/wp\/v2\/media\/7590"}],"wp:attachment":[{"href":"https:\/\/eventlive-tvproduktion.de\/index.php?rest_route=%2Fwp%2Fv2%2Fmedia&parent=7589"}],"wp:term":[{"taxonomy":"category","embeddable":true,"href":"https:\/\/eventlive-tvproduktion.de\/index.php?rest_route=%2Fwp%2Fv2%2Fcategories&post=7589"},{"taxonomy":"post_tag","embeddable":true,"href":"https:\/\/eventlive-tvproduktion.de\/index.php?rest_route=%2Fwp%2Fv2%2Ftags&post=7589"}],"curies":[{"name":"wp","href":"https:\/\/api.w.org\/{rel}","templated":true}]}}