{"id":7703,"date":"2026-04-26T09:09:17","date_gmt":"2026-04-26T08:09:17","guid":{"rendered":"https:\/\/eventlive-tvproduktion.de\/?p=7703"},"modified":"2026-04-26T09:09:19","modified_gmt":"2026-04-26T08:09:19","slug":"%f0%9f%8e%89-250-ausgabe-der-schlagercouch-jubilaeumssendung-mit-olaf-henning-erfolgreich-produziert-%f0%9f%8e%a4","status":"publish","type":"post","link":"https:\/\/eventlive-tvproduktion.de\/?p=7703","title":{"rendered":"&#x1f389; 250. Ausgabe der \u201eSchlagercouch\u201c \u2013 Jubil\u00e4umssendung mit Olaf Henning erfolgreich produziert &#x1f3a4;"},"content":{"rendered":"\n<p>Die Jubil\u00e4umssendung ist im Kasten: Die <strong>250. Ausgabe der \u201eSchlagercouch\u201c<\/strong> wurde erfolgreich produziert und verspricht ein besonderes Highlight f\u00fcr alle Schlagerfans zu werden.Am Donnerstag, den 23. April, begr\u00fc\u00dfte das Team rund um die Moderatoren <strong>Uwe Kisker<\/strong> und <strong>Nicole Kruse<\/strong> einen der bekanntesten Namen der deutschen Schlagerszene im Studio in Dortmund: Olaf Henning war als Ehrengast live dabei und sorgte f\u00fcr eine emotionale und zugleich unterhaltsame Sendung.<\/p>\n\n\n<div class=\"wp-block-image\">\n<figure class=\"alignleft size-large is-resized\"><img loading=\"lazy\" decoding=\"async\" width=\"768\" height=\"513\" src=\"https:\/\/eventlive-tvproduktion.de\/wp-content\/uploads\/0423_Sport-Live-Schlagercouch-250-Schuetze-001-768x513.jpg\" alt=\"\" class=\"wp-image-7704\" style=\"width:392px;height:auto\" srcset=\"https:\/\/eventlive-tvproduktion.de\/wp-content\/uploads\/0423_Sport-Live-Schlagercouch-250-Schuetze-001-768x513.jpg 768w, https:\/\/eventlive-tvproduktion.de\/wp-content\/uploads\/0423_Sport-Live-Schlagercouch-250-Schuetze-001-300x200.jpg 300w, https:\/\/eventlive-tvproduktion.de\/wp-content\/uploads\/0423_Sport-Live-Schlagercouch-250-Schuetze-001-150x100.jpg 150w, https:\/\/eventlive-tvproduktion.de\/wp-content\/uploads\/0423_Sport-Live-Schlagercouch-250-Schuetze-001.jpg 800w\" sizes=\"auto, (max-width: 768px) 100vw, 768px\" \/><figcaption class=\"wp-element-caption\">250 ste Sendung Schlagercouch mit Uwe Kisker &#8211; zu Gast Olaf Henning u Frank Neuenfels  Copyright Stephan Schuetze<\/figcaption><\/figure>\n<\/div>\n\n\n<p>Seit mittlerweile sechs Jahren steht die \u201eSchlagercouch\u201c f\u00fcr authentische Gespr\u00e4che und musikalische Vielfalt. Insgesamt haben bereits rund <strong>250 K\u00fcnstlerinnen und K\u00fcnstler<\/strong> aus Deutschland, \u00d6sterreich, der Schweiz sowie Belgien und den Niederlanden in der Sendung Platz genommen \u2013 ein Meilenstein f\u00fcr das Format. Im Mittelpunkt der Jubil\u00e4umsausgabe stand Olaf Henning, der im Gespr\u00e4ch offen \u00fcber seinen Werdegang sprach. Dabei erinnerte er sich an seine Anf\u00e4nge als Versicherungskaufmann und schilderte eindrucksvoll seinen Weg in die Musikbranche. Besonders bewegend waren seine Erz\u00e4hlungen \u00fcber den Durchbruch Ende der 1990er Jahre und die Ver\u00e4nderungen, die der pl\u00f6tzliche Erfolg mit sich brachte.<\/p>\n\n\n\n<p>Auch seine gr\u00f6\u00dften Hits wie \u201eIch bin nicht mehr dein Clown\u201c und \u201eCowboy und Indianer\u201c wurden thematisiert. Henning berichtete, wie sich manche Songs erst mit der Zeit zu Kulttiteln entwickelten und welchen Stellenwert sie heute f\u00fcr ihn haben. Gleichzeitig betonte er, wie wichtig ihm der Kontakt zu seinen Fans ist und dass die B\u00fchne bis heute seine gr\u00f6\u00dfte Leidenschaft geblieben ist. Neben den Erfolgen sprach der K\u00fcnstler auch \u00fcber pers\u00f6nliche Erfahrungen und Herausforderungen. Dabei wurde deutlich, wie sehr ihn diese gepr\u00e4gt haben und wie sich sein Blick auf das Leben im Laufe der Jahre ver\u00e4ndert hat.<\/p>\n\n\n<div class=\"wp-block-image\">\n<figure class=\"alignleft size-large is-resized\"><img loading=\"lazy\" decoding=\"async\" width=\"768\" height=\"513\" src=\"https:\/\/eventlive-tvproduktion.de\/wp-content\/uploads\/0423_Sport-Live-Schlagercouch-250-Schuetze-006-768x513.jpg\" alt=\"\" class=\"wp-image-7706\" style=\"width:377px;height:auto\" srcset=\"https:\/\/eventlive-tvproduktion.de\/wp-content\/uploads\/0423_Sport-Live-Schlagercouch-250-Schuetze-006-768x513.jpg 768w, https:\/\/eventlive-tvproduktion.de\/wp-content\/uploads\/0423_Sport-Live-Schlagercouch-250-Schuetze-006-300x200.jpg 300w, https:\/\/eventlive-tvproduktion.de\/wp-content\/uploads\/0423_Sport-Live-Schlagercouch-250-Schuetze-006-150x100.jpg 150w, https:\/\/eventlive-tvproduktion.de\/wp-content\/uploads\/0423_Sport-Live-Schlagercouch-250-Schuetze-006.jpg 800w\" sizes=\"auto, (max-width: 768px) 100vw, 768px\" \/><figcaption class=\"wp-element-caption\">250 ste Sendung Schlagercouch mit Olaf Henning Moderator Uwe Kisker und Frank Neuenfels &#8211; Copy Stephan Sch\u00fctze <\/figcaption><\/figure>\n<\/div>\n\n\n<p>Ein weiteres Highlight der Sendung war der Auftritt von Frank Neuenfels. Der Moderator und Entertainer verbindet mit Olaf Henning eine langj\u00e4hrige Zusammenarbeit und kennt ihn seit vielen Jahren. Zudem besteht eine \u00fcber 30-j\u00e4hrige Freundschaft zu den Gastgebern. Gemeinsam wurde auf zahlreiche Erlebnisse zur\u00fcckgeblickt \u2013 darunter auch pers\u00f6nliche und humorvolle Anekdoten aus \u00fcber zwei Jahrzehnten Schlagergeschichte. \u201eNat\u00fcrlich steht Olaf Henning im Mittelpunkt der Sendung\u201c, betont Moderator Uwe Kisker. \u201eIch kenne Olaf seit weit \u00fcber 20 Jahren und freue mich ganz besonders, dass er uns bei diesem Jubil\u00e4um besucht.\u201c<\/p>\n\n\n\n<p>Produziert wurde die Sendung im Studio der<br>Event Live TV Produktion.<\/p>\n\n\n\n<p>Die Zuschauer d\u00fcrfen sich auf eine abwechslungsreiche Sendung freuen: Neben den Gespr\u00e4chen werden auch aktuelle Videoclips gezeigt sowie exklusive Einblicke hinter die Kulissen eines Live-Auftritts von Olaf Henning geboten. Das Team begleitete den K\u00fcnstler bei einem Konzert und zeigt, wie er sich auf seine Shows vorbereitet und wie ausgelassen die Stimmung vor und hinter der B\u00fchne ist. Auch Fans und Wegbegleiter kommen zu Wort.<\/p>\n\n\n\n<p>&#x1f4fa; <strong>Die Jubil\u00e4umsausgabe ist ab dem 12. Mai in der Mediathek von NRWision abrufbar und ab dem 19. Mai im TV zu sehen.<\/strong><\/p>\n\n\n\n<p>Mit dieser Mischung aus pers\u00f6nlichen Geschichten, musikalischen Highlights und exklusiven Eind<\/p>\n","protected":false},"excerpt":{"rendered":"<p>Die Jubil\u00e4umssendung ist im Kasten: Die 250. Ausgabe der \u201eSchlagercouch\u201c wurde erfolgreich produziert und verspricht ein besonderes Highlight f\u00fcr alle Schlagerfans zu werden.Am Donnerstag, den 23. April, begr\u00fc\u00dfte das Team rund um die Moderatoren Uwe Kisker und Nicole Kruse einen der bekanntesten Namen der deutschen Schlagerszene im Studio in Dortmund: Olaf Henning war als Ehrengast [&hellip;]<\/p>\n","protected":false},"author":5,"featured_media":7705,"comment_status":"closed","ping_status":"open","sticky":false,"template":"","format":"standard","meta":{"footnotes":""},"categories":[31,2],"tags":[13,395,107,50,105,139,37,98],"class_list":["post-7703","post","type-post","status-publish","format-standard","has-post-thumbnail","hentry","category-aktuelles","category-startseite","tag-dortmund","tag-frank-neuenfels","tag-olaf-henning","tag-schlagercouch","tag-show","tag-talk","tag-tv-produktion","tag-uwe-kisker"],"_links":{"self":[{"href":"https:\/\/eventlive-tvproduktion.de\/index.php?rest_route=\/wp\/v2\/posts\/7703","targetHints":{"allow":["GET"]}}],"collection":[{"href":"https:\/\/eventlive-tvproduktion.de\/index.php?rest_route=\/wp\/v2\/posts"}],"about":[{"href":"https:\/\/eventlive-tvproduktion.de\/index.php?rest_route=\/wp\/v2\/types\/post"}],"author":[{"embeddable":true,"href":"https:\/\/eventlive-tvproduktion.de\/index.php?rest_route=\/wp\/v2\/users\/5"}],"replies":[{"embeddable":true,"href":"https:\/\/eventlive-tvproduktion.de\/index.php?rest_route=%2Fwp%2Fv2%2Fcomments&post=7703"}],"version-history":[{"count":1,"href":"https:\/\/eventlive-tvproduktion.de\/index.php?rest_route=\/wp\/v2\/posts\/7703\/revisions"}],"predecessor-version":[{"id":7707,"href":"https:\/\/eventlive-tvproduktion.de\/index.php?rest_route=\/wp\/v2\/posts\/7703\/revisions\/7707"}],"wp:featuredmedia":[{"embeddable":true,"href":"https:\/\/eventlive-tvproduktion.de\/index.php?rest_route=\/wp\/v2\/media\/7705"}],"wp:attachment":[{"href":"https:\/\/eventlive-tvproduktion.de\/index.php?rest_route=%2Fwp%2Fv2%2Fmedia&parent=7703"}],"wp:term":[{"taxonomy":"category","embeddable":true,"href":"https:\/\/eventlive-tvproduktion.de\/index.php?rest_route=%2Fwp%2Fv2%2Fcategories&post=7703"},{"taxonomy":"post_tag","embeddable":true,"href":"https:\/\/eventlive-tvproduktion.de\/index.php?rest_route=%2Fwp%2Fv2%2Ftags&post=7703"}],"curies":[{"name":"wp","href":"https:\/\/api.w.org\/{rel}","templated":true}]}}