{"id":882,"date":"2022-08-04T15:31:46","date_gmt":"2022-08-04T14:31:46","guid":{"rendered":"https:\/\/eventlive-tvproduktion.de\/?p=882"},"modified":"2022-08-04T19:34:56","modified_gmt":"2022-08-04T18:34:56","slug":"er-wirkt-auf-mich-gerade-sehr-fit-gluecklich-und-zufrieden","status":"publish","type":"post","link":"https:\/\/eventlive-tvproduktion.de\/?p=882","title":{"rendered":"Er wirkt auf mich gerade sehr fit, gl\u00fccklich und zufrieden.&#8220;"},"content":{"rendered":"\n<p>Ein sehr junger Spieler k\u00f6nnte in der neuen Saison unter Edin Terzic nochmal so richtig aufbl\u00fchen.<\/p>\n\n\n\n<figure class=\"wp-block-image size-large\"><img loading=\"lazy\" decoding=\"async\" width=\"800\" height=\"115\" src=\"https:\/\/eventlive-tvproduktion.de\/wp-content\/uploads\/bayer-04-leverkusen-1.jpg\" alt=\"\" class=\"wp-image-881\" srcset=\"https:\/\/eventlive-tvproduktion.de\/wp-content\/uploads\/bayer-04-leverkusen-1.jpg 800w, https:\/\/eventlive-tvproduktion.de\/wp-content\/uploads\/bayer-04-leverkusen-1-300x43.jpg 300w, https:\/\/eventlive-tvproduktion.de\/wp-content\/uploads\/bayer-04-leverkusen-1-768x110.jpg 768w, https:\/\/eventlive-tvproduktion.de\/wp-content\/uploads\/bayer-04-leverkusen-1-150x22.jpg 150w\" sizes=\"auto, (max-width: 800px) 100vw, 800px\" \/><\/figure>\n\n\n\n<p>Youssoufa Moukoko gilt mit seinen gerade einmal 17 Jahren als das gro\u00dfe Talent bei Borussia Dortmund. Schon vor Jahren erzeugte er im jugendlichen Alter durch seine vielen Tore in der U17 und U19 des BVB f\u00fcr viel Aufsehen und galt somit als der Perspektivspieler schlechthin. Es schien nur eine Frage der Zeit zu sein, bis er bei Borussia Dortmund seinen ersten Profivertrag unterschreiben durfte. Am 21. November 2020 war es dan soweit: nur einen Tag nach seinem 16. Geburtstag lief er als j\u00fcngster Spieler in der Geschichte der Fu\u00dfballbundesliga im Spiel gegen Union Berlin auf, bei dem er auch prompt sein 1. Bundesligator erzielen konnte.<br>Alle Weichen schienen f\u00fcr den deutschen U21 Nationalspieler mit kamerunischen Wurzeln f\u00fcr eine erfolgreiche Zukunft gestellt zu sein. Doch der Schatten eines Erling Haaland war in den letzten Jahren so gro\u00df, dass es schwierig f\u00fcr Mouki war, sich zu profilieren und zu gen\u00fcgend Einsatzzeiten zu kommen. Obwohl er in seinen jungen Jahren mit seiner Entwicklung noch lange nicht fertig ist, wie Edin Terzic es heute noch best\u00e4tigte, schien der Shootingstar mit seiner Rolle in der letzten Saison nicht zufrieden gewesen zu sein. <\/p>\n\n\n\n<figure class=\"wp-block-embed is-type-video is-provider-youtube wp-block-embed-youtube wp-embed-aspect-16-9 wp-has-aspect-ratio\"><div class=\"wp-block-embed__wrapper\">\n<iframe loading=\"lazy\" title=\"Borussia Dortmund - Bayer 04 Leverkusen: Pk mit Edin Terzic\" width=\"640\" height=\"360\" src=\"https:\/\/www.youtube.com\/embed\/Lhpz12l-sI0?feature=oembed\" frameborder=\"0\" allow=\"accelerometer; autoplay; clipboard-write; encrypted-media; gyroscope; picture-in-picture; web-share\" referrerpolicy=\"strict-origin-when-cross-origin\" allowfullscreen><\/iframe>\n<\/div><\/figure>\n\n\n\n<p>Ger\u00fcchte \u00fcber einen m\u00f6glichen Vereinswechsel machten die Runde. Edin Terzic, der zwar kein Sportdirektor ist und somit auch keine Entscheidungen \u00fcber Spielervertr\u00e4ge trifft, hat aber zu Mouki eine klare Meinung: &#8222;Es freut mich sehr, dass Youssoufa einer unserer Spieler ist. Ich bin von seinen Qualit\u00e4ten \u00fcberzeugt, die er in den letzten Jahren bei uns immer wieder gezeigt hat. Wir sind uns alle darin einig, dass er in seiner Entwicklung noch lange nicht fertig ist. Es w\u00e4re sehr sch\u00f6n und auch w\u00fcnschenswert, wenn wir ihn in seiner Entwicklung noch weiter begleiten w\u00fcrden. Mein Thema ist es, ihn leistungstechnisch an sein Maximum zu bringen. Und er wirkt auch mich gerade sehr fit, gl\u00fccklich und zufrieden. Jetzt hoffen wir einfach mal, dass er nochmal richtig z\u00fcnden und sich mit Toren belohnen kann.&#8220;<\/p>\n","protected":false},"excerpt":{"rendered":"<p>Ein sehr junger Spieler k\u00f6nnte in der neuen Saison unter Edin Terzic nochmal so richtig aufbl\u00fchen. Youssoufa Moukoko gilt mit seinen gerade einmal 17 Jahren als das gro\u00dfe Talent bei Borussia Dortmund. Schon vor Jahren erzeugte er im jugendlichen Alter durch seine vielen Tore in der U17 und U19 des BVB f\u00fcr viel Aufsehen und [&hellip;]<\/p>\n","protected":false},"author":7,"featured_media":0,"comment_status":"closed","ping_status":"open","sticky":false,"template":"","format":"standard","meta":{"footnotes":""},"categories":[16,3],"tags":[14,11,6,22],"class_list":["post-882","post","type-post","status-publish","format-standard","hentry","category-bvb-profifussball","category-dortmunder-sport","tag-borussia-dortmund","tag-bundesliga","tag-bvb","tag-sport"],"_links":{"self":[{"href":"https:\/\/eventlive-tvproduktion.de\/index.php?rest_route=\/wp\/v2\/posts\/882","targetHints":{"allow":["GET"]}}],"collection":[{"href":"https:\/\/eventlive-tvproduktion.de\/index.php?rest_route=\/wp\/v2\/posts"}],"about":[{"href":"https:\/\/eventlive-tvproduktion.de\/index.php?rest_route=\/wp\/v2\/types\/post"}],"author":[{"embeddable":true,"href":"https:\/\/eventlive-tvproduktion.de\/index.php?rest_route=\/wp\/v2\/users\/7"}],"replies":[{"embeddable":true,"href":"https:\/\/eventlive-tvproduktion.de\/index.php?rest_route=%2Fwp%2Fv2%2Fcomments&post=882"}],"version-history":[{"count":1,"href":"https:\/\/eventlive-tvproduktion.de\/index.php?rest_route=\/wp\/v2\/posts\/882\/revisions"}],"predecessor-version":[{"id":883,"href":"https:\/\/eventlive-tvproduktion.de\/index.php?rest_route=\/wp\/v2\/posts\/882\/revisions\/883"}],"wp:attachment":[{"href":"https:\/\/eventlive-tvproduktion.de\/index.php?rest_route=%2Fwp%2Fv2%2Fmedia&parent=882"}],"wp:term":[{"taxonomy":"category","embeddable":true,"href":"https:\/\/eventlive-tvproduktion.de\/index.php?rest_route=%2Fwp%2Fv2%2Fcategories&post=882"},{"taxonomy":"post_tag","embeddable":true,"href":"https:\/\/eventlive-tvproduktion.de\/index.php?rest_route=%2Fwp%2Fv2%2Ftags&post=882"}],"curies":[{"name":"wp","href":"https:\/\/api.w.org\/{rel}","templated":true}]}}