{"id":904,"date":"2022-08-18T14:10:07","date_gmt":"2022-08-18T13:10:07","guid":{"rendered":"https:\/\/eventlive-tvproduktion.de\/?p=904"},"modified":"2022-08-18T14:10:07","modified_gmt":"2022-08-18T13:10:07","slug":"es-hilft-uns-einfach","status":"publish","type":"post","link":"https:\/\/eventlive-tvproduktion.de\/?p=904","title":{"rendered":"&#8222;Es hilft uns einfach!&#8220;"},"content":{"rendered":"\n<p>Es ist eigentlich schon fast eine nervige Tradition, dass der Cheftrainer von Borussia Dortmund bei den Pressekonferenzen vor den Pflichtspielen doch so einige verletzte Spieler zu beklagen hat. Edin Terzic machte heute eine Ausnahme.<\/p>\n\n\n\n<figure class=\"wp-block-embed is-type-video is-provider-youtube wp-block-embed-youtube wp-embed-aspect-16-9 wp-has-aspect-ratio\"><div class=\"wp-block-embed__wrapper\">\n<iframe loading=\"lazy\" title=\"Borussia Dortmund - SV Werder Bremen: Pk mit Edin Terzic\" width=\"640\" height=\"360\" src=\"https:\/\/www.youtube.com\/embed\/Q1pe-YXblyA?feature=oembed\" frameborder=\"0\" allow=\"accelerometer; autoplay; clipboard-write; encrypted-media; gyroscope; picture-in-picture; web-share\" referrerpolicy=\"strict-origin-when-cross-origin\" allowfullscreen><\/iframe>\n<\/div><\/figure>\n\n\n\n<p>Die traditionelle Frage nach dem Personal, die bei jeder Pressekonferenz gestellt wird, konnte der geb\u00fcrtige Mendener dieses Mal doch erfreulich positiv beantworten: &#8222;Da gibt es sehr viele erfreuliche Nachrichten&#8220;, erkl\u00e4rte er. &#8222;Wir gehen davon aus, dass wir zum ersten mal wirklich alle Jungs an Bord haben.&#8220; Alle Jungs sind es zwar leider nicht, denn Sebastien Haller leidet nach wie vor noch an seiner Tumorerkrankung, aber ansonsten sind zumindest alle Spieler k\u00f6rperlich wieder fit.<br><br>Salih \u00d6zcan, Gio Reyna und Karim Adeyemi kehrten wieder ins Mannschaftstraining zur\u00fcck. &#8222;Wir freuen uns \u00fcber alle Alternativen, sodass wir auf jede Gegebenheit im Spiel reagieren k\u00f6nnen&#8220;, erkl\u00e4rte Edin Terzic weiter. Und gerade im zentralen Mittelfeld freue man sich in Anbetracht der vielen schwierigen Aufgaben, die noch anstehen, dass mit Mo Dahoud, Jude Bellingham, aber auch Salih \u00d6zcan und Emre Can gen\u00fcgend Spieler auf dieser Position zur Verf\u00fcgung stehen werden.<br><br>In der Abwehr kehrt nach ein paar Wochen Abstinenz zwar Niklas S\u00fcle ins Mannschaftstraining zur\u00fcck, wird aber f\u00fcr das Spiel gegen Werder Bremen wohl noch keine echte Alternative f\u00fcr die Startaufstellung sein. &#8222;Wir werden uns das Ganze ganz genau anschauen und gucken, wie er sich im Training bewegt und zeigt und dann schauen, wie viele Minuten er am Samstag zum Einsatz kommen wird.&#8220;<br><br>Ebenso schwierig d\u00fcrfte es f\u00fcr Gio Reyna werden, der bislang nur ein paar Eins\u00e4tze in Freudschaftsspielen hatte, aber seine R\u00fcckkehr ist aus verschiedenen Gr\u00fcnden wichtig. &#8222;Wenn Jungs seit \u00fcber einem Jahr nicht mehr regelm\u00e4ssig Fu\ufb02ball gespielt haben, dann ist es nat\u00fcrlich schwierig, sie von Anfang an reinzuwerfen. Nat\u00fcrlich sind nicht alle bei 100 Prozent, aber es hilft uns einfach. Es hilft uns, sowohl das Niveau im Training anzuheben, als auch auf den jeweiligen Gegner besser reagieren zu k\u00f6nnen. Es zeigt uns, dass wir nicht mehr weit davon entfernt sind, bei 100 Prozent zu sein.<\/p>\n\n\n\n<figure class=\"wp-block-image size-large\"><img decoding=\"async\" src=\"https:\/\/eventlive-tvproduktion.de\/wp-content\/uploads\/SV-Werder-Bremen-768x110.jpg\" alt=\"\" class=\"wp-image-905\"\/><\/figure>\n","protected":false},"excerpt":{"rendered":"<p>Es ist eigentlich schon fast eine nervige Tradition, dass der Cheftrainer von Borussia Dortmund bei den Pressekonferenzen vor den Pflichtspielen doch so einige verletzte Spieler zu beklagen hat. Edin Terzic machte heute eine Ausnahme. Die traditionelle Frage nach dem Personal, die bei jeder Pressekonferenz gestellt wird, konnte der geb\u00fcrtige Mendener dieses Mal doch erfreulich positiv [&hellip;]<\/p>\n","protected":false},"author":7,"featured_media":0,"comment_status":"closed","ping_status":"open","sticky":false,"template":"","format":"standard","meta":{"footnotes":""},"categories":[16,3],"tags":[14,11,6,22],"class_list":["post-904","post","type-post","status-publish","format-standard","hentry","category-bvb-profifussball","category-dortmunder-sport","tag-borussia-dortmund","tag-bundesliga","tag-bvb","tag-sport"],"_links":{"self":[{"href":"https:\/\/eventlive-tvproduktion.de\/index.php?rest_route=\/wp\/v2\/posts\/904","targetHints":{"allow":["GET"]}}],"collection":[{"href":"https:\/\/eventlive-tvproduktion.de\/index.php?rest_route=\/wp\/v2\/posts"}],"about":[{"href":"https:\/\/eventlive-tvproduktion.de\/index.php?rest_route=\/wp\/v2\/types\/post"}],"author":[{"embeddable":true,"href":"https:\/\/eventlive-tvproduktion.de\/index.php?rest_route=\/wp\/v2\/users\/7"}],"replies":[{"embeddable":true,"href":"https:\/\/eventlive-tvproduktion.de\/index.php?rest_route=%2Fwp%2Fv2%2Fcomments&post=904"}],"version-history":[{"count":0,"href":"https:\/\/eventlive-tvproduktion.de\/index.php?rest_route=\/wp\/v2\/posts\/904\/revisions"}],"wp:attachment":[{"href":"https:\/\/eventlive-tvproduktion.de\/index.php?rest_route=%2Fwp%2Fv2%2Fmedia&parent=904"}],"wp:term":[{"taxonomy":"category","embeddable":true,"href":"https:\/\/eventlive-tvproduktion.de\/index.php?rest_route=%2Fwp%2Fv2%2Fcategories&post=904"},{"taxonomy":"post_tag","embeddable":true,"href":"https:\/\/eventlive-tvproduktion.de\/index.php?rest_route=%2Fwp%2Fv2%2Ftags&post=904"}],"curies":[{"name":"wp","href":"https:\/\/api.w.org\/{rel}","templated":true}]}}