{"id":942,"date":"2022-10-02T17:56:50","date_gmt":"2022-10-02T16:56:50","guid":{"rendered":"https:\/\/eventlive-tvproduktion.de\/?p=942"},"modified":"2022-10-02T17:59:55","modified_gmt":"2022-10-02T16:59:55","slug":"volles-zelt-und-gute-stimmung-in-wischlingen","status":"publish","type":"post","link":"https:\/\/eventlive-tvproduktion.de\/?p=942","title":{"rendered":"Volles Zelt und gute Stimmung in Wischlingen"},"content":{"rendered":"\n<p>F\u00fcr manche ist es die sch\u00f6nste Zeit im Jahr: Im Herbst ist traditionell wie der Name es schon verr\u00e4t, Oktoberfest. So auch im Revierpark Wischlingen. Im gro\u00dfen Festzelt finden sich auch dieses Jahr wieder hunderte feierhungrige Fans in bayerischen Zwirn zusammen, um es sich gemeinsam gut gehen zu lassen.<\/p>\n\n\n\n<p>Das Dortmunder Kult-Moderatoren-Paar Nicole Kruse und Uwe Kisker sorgen zusammen mit der Kultband M\u00fcnchner G&#8217;schichten f\u00fcr gute Laune. In der zehnten Ausgabe des Dortmunder Oktoberfest wird ausgiebig geschunkelt und gesungen.<\/p>\n\n\n\n<figure class=\"wp-block-image size-large\"><img decoding=\"async\" src=\"https:\/\/eventlive-tvproduktion.de\/wp-content\/uploads\/ffde3f65-13e3-420a-83fa-e389d891f933-768x513.jpg\" alt=\"\" class=\"wp-image-947\"\/><\/figure>\n\n\n\n<p>Garniert wird die Stimmung am ersten von zwei Wochenenden von Top-Stars der Schlagerszene wie Mickie Kraus, Anna-Maria Zimmermann sowie Almklausi und Peter Wackel.<\/p>\n\n\n\n<p>Zusammen mit den RuhrNachrichten sorgt das Team von Eventlive TV-Produktion Dortmund f\u00fcr das Live-Bild auf der Gro\u00dfleinwand sowie sch\u00f6nen Erinnerungen in Foto und Bewegtbild.<\/p>\n\n\n\n<p>Alle Impressionen sind auf der <a href=\"https:\/\/www.ruhrnachrichten.de\/dortmund\/\">Homepage der RuhrNachrichten<\/a> zu finden.<\/p>\n\n\n\n<figure class=\"wp-block-image size-large\"><img decoding=\"async\" src=\"https:\/\/eventlive-tvproduktion.de\/wp-content\/uploads\/e3a9f0e8-ccdb-400e-9787-c53e5972a257-768x513.jpg\" alt=\"\" class=\"wp-image-945\"\/><\/figure>\n\n\n\n<figure class=\"wp-block-image size-large\"><img decoding=\"async\" src=\"https:\/\/eventlive-tvproduktion.de\/wp-content\/uploads\/73ae83bb-b0ef-4b12-974f-fbbd308ae807-768x513.jpg\" alt=\"\" class=\"wp-image-944\"\/><\/figure>\n","protected":false},"excerpt":{"rendered":"<p>F\u00fcr manche ist es die sch\u00f6nste Zeit im Jahr: Im Herbst ist traditionell wie der Name es schon verr\u00e4t, Oktoberfest. So auch im Revierpark Wischlingen. Im gro\u00dfen Festzelt finden sich auch dieses Jahr wieder hunderte feierhungrige Fans in bayerischen Zwirn zusammen, um es sich gemeinsam gut gehen zu lassen. Das Dortmunder Kult-Moderatoren-Paar Nicole Kruse und [&hellip;]<\/p>\n","protected":false},"author":7,"featured_media":0,"comment_status":"closed","ping_status":"open","sticky":false,"template":"","format":"standard","meta":{"footnotes":""},"categories":[31,2],"tags":[93,52,67,69,94,37,70],"class_list":["post-942","post","type-post","status-publish","format-standard","hentry","category-aktuelles","category-startseite","tag-eventlive","tag-live","tag-oktoberfest","tag-revierpark","tag-schlagerparty","tag-tv-produktion","tag-wischlingen"],"_links":{"self":[{"href":"https:\/\/eventlive-tvproduktion.de\/index.php?rest_route=\/wp\/v2\/posts\/942","targetHints":{"allow":["GET"]}}],"collection":[{"href":"https:\/\/eventlive-tvproduktion.de\/index.php?rest_route=\/wp\/v2\/posts"}],"about":[{"href":"https:\/\/eventlive-tvproduktion.de\/index.php?rest_route=\/wp\/v2\/types\/post"}],"author":[{"embeddable":true,"href":"https:\/\/eventlive-tvproduktion.de\/index.php?rest_route=\/wp\/v2\/users\/7"}],"replies":[{"embeddable":true,"href":"https:\/\/eventlive-tvproduktion.de\/index.php?rest_route=%2Fwp%2Fv2%2Fcomments&post=942"}],"version-history":[{"count":0,"href":"https:\/\/eventlive-tvproduktion.de\/index.php?rest_route=\/wp\/v2\/posts\/942\/revisions"}],"wp:attachment":[{"href":"https:\/\/eventlive-tvproduktion.de\/index.php?rest_route=%2Fwp%2Fv2%2Fmedia&parent=942"}],"wp:term":[{"taxonomy":"category","embeddable":true,"href":"https:\/\/eventlive-tvproduktion.de\/index.php?rest_route=%2Fwp%2Fv2%2Fcategories&post=942"},{"taxonomy":"post_tag","embeddable":true,"href":"https:\/\/eventlive-tvproduktion.de\/index.php?rest_route=%2Fwp%2Fv2%2Ftags&post=942"}],"curies":[{"name":"wp","href":"https:\/\/api.w.org\/{rel}","templated":true}]}}